{"id":28125,"date":"2023-11-09T18:51:07","date_gmt":"2023-11-09T16:51:07","guid":{"rendered":"https:\/\/bisbalpenedes.com\/web\/?p=28125"},"modified":"2023-11-09T18:51:07","modified_gmt":"2023-11-09T16:51:07","slug":"els-alcaldes-i-alcaldesses-de-la-comarca-demanen-solucions-per-a-la-pagesia-davant-lepisodi-de-sequera-a-laca","status":"publish","type":"post","link":"https:\/\/bisbalpenedes.com\/web\/2023\/11\/09\/els-alcaldes-i-alcaldesses-de-la-comarca-demanen-solucions-per-a-la-pagesia-davant-lepisodi-de-sequera-a-laca\/","title":{"rendered":"Els alcaldes i alcaldesses de la comarca demanen solucions per a la pagesia -davant l&#8217;episodi de sequera- a l&#8217;ACA"},"content":{"rendered":"\n<p>L\u2019alcaldessa de la Bisbal del Pened\u00e8s, Agn\u00e8s Ferr\u00e9, va assistir a la reuni\u00f3 amb l\u2019Ag\u00e8ncia Catalana de l\u2019Aigua (ACA) el passat divendres 3 de novembre, amb l\u2019objectiu de buscar solucions davant el greu episodi de sequera que estem vivint i que, a la nostra comarca, \u00e9s especialment greu.&nbsp;<\/p>\n\n\n\n<p>Des del Consell Comarcal del Baix Pened\u00e8s, davant les demandes dels pagesos, es va sol\u00b7licitar a l\u2019ACA poder reaprofitar l\u2019aigua regenerada que actualment s\u2019aboca a la llera del Torrent del Lluc i se\u2019n va cap al mar. El director de l\u2019ACA, que es va reunir primer amb representants de col\u00b7lectius de pagesos de la comarca i despr\u00e9s amb els alcaldes, es va comprometre a estudiar amb urg\u00e8ncia aquesta petici\u00f3.<\/p>\n\n\n\n<hr class=\"wp-block-separator has-alpha-channel-opacity\"\/>\n\n\n\n<p><strong>CASTELLANO |<\/strong>&nbsp;La alcaldesa de la Bisbal del Pened\u00e8s, Agn\u00e8s Ferr\u00e9, asisti\u00f3 a la reuni\u00f3n con la Ag\u00e8ncia Catalana de l\u2019Aigua (ACA) el pasado viernes 3 de noviembre, con el objetivo de buscar soluciones ante el grave episodio de sequ\u00eda que estamos viviendo y que, en nuestra comarca, es especialmente grave.<\/p>\n\n\n\n<p>Desde el Consell Comarcal del Baix Pened\u00e8s, ante las demandas de los payeses, se le solicit\u00f3 a la ACA poder aprovechar el agua regenerada que actualmente se vierte en el cauce del Torrente del Lluc y se va hacia el mar. El director de la ACA, que se reuni\u00f3 primero con representantes de colectivos de payeses de la comarca y despu\u00e9s con los alcaldes, se comprometi\u00f3 a estudiar con urgencia esta petici\u00f3n.<\/p>\n","protected":false},"excerpt":{"rendered":"<p>L\u2019alcaldessa de la Bisbal del Pened\u00e8s, Agn\u00e8s Ferr\u00e9, va assistir a la reuni\u00f3 amb l\u2019Ag\u00e8ncia Catalana de l\u2019Aigua (ACA) el passat divendres 3 de novembre, amb l\u2019objectiu de buscar solucions &hellip; <a href=\"https:\/\/bisbalpenedes.com\/web\/2023\/11\/09\/els-alcaldes-i-alcaldesses-de-la-comarca-demanen-solucions-per-a-la-pagesia-davant-lepisodi-de-sequera-a-laca\/\" class=\"more-link\">Read More<\/a><\/p>\n","protected":false},"author":4,"featured_media":28126,"comment_status":"closed","ping_status":"closed","sticky":false,"template":"","format":"standard","meta":[],"categories":[3124,2057,8],"tags":[161,459,393,6316,1374,5934],"_links":{"self":[{"href":"https:\/\/bisbalpenedes.com\/web\/wp-json\/wp\/v2\/posts\/28125"}],"collection":[{"href":"https:\/\/bisbalpenedes.com\/web\/wp-json\/wp\/v2\/posts"}],"about":[{"href":"https:\/\/bisbalpenedes.com\/web\/wp-json\/wp\/v2\/types\/post"}],"author":[{"embeddable":true,"href":"https:\/\/bisbalpenedes.com\/web\/wp-json\/wp\/v2\/users\/4"}],"replies":[{"embeddable":true,"href":"https:\/\/bisbalpenedes.com\/web\/wp-json\/wp\/v2\/comments?post=28125"}],"version-history":[{"count":1,"href":"https:\/\/bisbalpenedes.com\/web\/wp-json\/wp\/v2\/posts\/28125\/revisions"}],"predecessor-version":[{"id":28127,"href":"https:\/\/bisbalpenedes.com\/web\/wp-json\/wp\/v2\/posts\/28125\/revisions\/28127"}],"wp:featuredmedia":[{"embeddable":true,"href":"https:\/\/bisbalpenedes.com\/web\/wp-json\/wp\/v2\/media\/28126"}],"wp:attachment":[{"href":"https:\/\/bisbalpenedes.com\/web\/wp-json\/wp\/v2\/media?parent=28125"}],"wp:term":[{"taxonomy":"category","embeddable":true,"href":"https:\/\/bisbalpenedes.com\/web\/wp-json\/wp\/v2\/categories?post=28125"},{"taxonomy":"post_tag","embeddable":true,"href":"https:\/\/bisbalpenedes.com\/web\/wp-json\/wp\/v2\/tags?post=28125"}],"curies":[{"name":"wp","href":"https:\/\/api.w.org\/{rel}","templated":true}]}}