{"id":28116,"date":"2023-11-07T20:40:55","date_gmt":"2023-11-07T18:40:55","guid":{"rendered":"https:\/\/bisbalpenedes.com\/web\/?p=28116"},"modified":"2023-11-07T20:42:28","modified_gmt":"2023-11-07T18:42:28","slug":"sha-convocat-un-ple-extraordinari-per-al-dilluns-13-de-noviembre-a-les-17h","status":"publish","type":"post","link":"https:\/\/bisbalpenedes.com\/web\/2023\/11\/07\/sha-convocat-un-ple-extraordinari-per-al-dilluns-13-de-noviembre-a-les-17h\/","title":{"rendered":"S\u2019ha convocat un Ple extraordinari per al dilluns 13 de noviembre a les 17h"},"content":{"rendered":"\n<p>El proper dilluns 13 de novembre, a les 17h, se celebrar\u00e0 un Ple extraordinari a l\u2019Ajuntament de la Bisbal del Pened\u00e8s amb els seg\u00fcents punts a l\u2019ordre del dia:<\/p>\n\n\n\n<p><strong>PART RESOLUTIVA<\/strong><\/p>\n\n\n\n<p>1.-Pressupostos exercici 2024<\/p>\n\n\n\n<p>2.-Modificaci\u00f3 de cr\u00e8dit en la modalitat de suplement de cr\u00e8dit per a inversions i despeses<\/p>\n\n\n\n<p>3.-Segona pr\u00f2rroga del conveni amb el Consell Comarcal del Baix Pened\u00e8s (CCBP) i convenis amb el CCBP per a la licitaci\u00f3 del nou servei de recollida de residus.<\/p>\n\n\n\n<p>4.-Conveni amb l\u2019Ajuntament de Sant Jaume dels Domenys per a la recollida de residus al Papagai.<\/p>\n\n\n\n<p><strong>PART DE CONTROL<\/strong><\/p>\n\n\n\n<p>5.-Donar compte de l\u2019informe de la Comissi\u00f3 de preus denegant la modificaci\u00f3 de preus sol\u00b7licitada per Aqualia.<\/p>\n\n\n\n<hr class=\"wp-block-separator has-alpha-channel-opacity\"\/>\n\n\n\n<p><strong>CASTELLANO | <\/strong>El pr\u00f3ximo lunes 13 de noviembre, a las 17h, se celebrar\u00e1 un Pleno extraordinario en el Ayuntamiento de la Bisbal del Pened\u00e8s con los siguientes puntos en el orden del d\u00eda:<\/p>\n\n\n\n<p><strong>PARTE RESOLUTIVA<\/strong><\/p>\n\n\n\n<p>1.-Presupuestos ejercicio 2024<\/p>\n\n\n\n<p>2.-Modificaci\u00f3n de cr\u00e9dito en la modalidad de suplemento de cr\u00e9dito para inversiones y gastos.<\/p>\n\n\n\n<p>3.-Segunda pr\u00f3rroga del convenio con el Consell Comarcal del Baix Pened\u00e8s (CCBP) y convenios con el CCBP para la licitaci\u00f3n del nuevo servicio de recogida de residuos.<\/p>\n\n\n\n<p>4.-Convenio con el Ajuntament de Sant Jaume dels Domenys para la recogida de residuos en el Papagai.<\/p>\n\n\n\n<p><strong>PARTE DE CONTROL<\/strong> <\/p>\n\n\n\n<p>5.-Dar cuenta del informe de la Comisi\u00f3n de precios denegando la modificaci\u00f3n de precios solicitada<\/p>\n","protected":false},"excerpt":{"rendered":"<p>El proper dilluns 13 de novembre, a les 17h, se celebrar\u00e0 un Ple extraordinari a l\u2019Ajuntament de la Bisbal del Pened\u00e8s amb els seg\u00fcents punts a l\u2019ordre del dia: PART &hellip; <a href=\"https:\/\/bisbalpenedes.com\/web\/2023\/11\/07\/sha-convocat-un-ple-extraordinari-per-al-dilluns-13-de-noviembre-a-les-17h\/\" class=\"more-link\">Read More<\/a><\/p>\n","protected":false},"author":4,"featured_media":20647,"comment_status":"closed","ping_status":"closed","sticky":false,"template":"","format":"standard","meta":[],"categories":[8,2251,2250],"tags":[383,3779],"_links":{"self":[{"href":"https:\/\/bisbalpenedes.com\/web\/wp-json\/wp\/v2\/posts\/28116"}],"collection":[{"href":"https:\/\/bisbalpenedes.com\/web\/wp-json\/wp\/v2\/posts"}],"about":[{"href":"https:\/\/bisbalpenedes.com\/web\/wp-json\/wp\/v2\/types\/post"}],"author":[{"embeddable":true,"href":"https:\/\/bisbalpenedes.com\/web\/wp-json\/wp\/v2\/users\/4"}],"replies":[{"embeddable":true,"href":"https:\/\/bisbalpenedes.com\/web\/wp-json\/wp\/v2\/comments?post=28116"}],"version-history":[{"count":1,"href":"https:\/\/bisbalpenedes.com\/web\/wp-json\/wp\/v2\/posts\/28116\/revisions"}],"predecessor-version":[{"id":28117,"href":"https:\/\/bisbalpenedes.com\/web\/wp-json\/wp\/v2\/posts\/28116\/revisions\/28117"}],"wp:featuredmedia":[{"embeddable":true,"href":"https:\/\/bisbalpenedes.com\/web\/wp-json\/wp\/v2\/media\/20647"}],"wp:attachment":[{"href":"https:\/\/bisbalpenedes.com\/web\/wp-json\/wp\/v2\/media?parent=28116"}],"wp:term":[{"taxonomy":"category","embeddable":true,"href":"https:\/\/bisbalpenedes.com\/web\/wp-json\/wp\/v2\/categories?post=28116"},{"taxonomy":"post_tag","embeddable":true,"href":"https:\/\/bisbalpenedes.com\/web\/wp-json\/wp\/v2\/tags?post=28116"}],"curies":[{"name":"wp","href":"https:\/\/api.w.org\/{rel}","templated":true}]}}