{"id":28110,"date":"2023-11-07T14:29:48","date_gmt":"2023-11-07T12:29:48","guid":{"rendered":"https:\/\/bisbalpenedes.com\/web\/?p=28110"},"modified":"2023-11-07T14:33:01","modified_gmt":"2023-11-07T12:33:01","slug":"el-diumenge-26-de-novembre-a-les-18h-el-cmc-acollira-la-projeccio-de-la-pellicula-els-encantats-del-cicle-gaudi","status":"publish","type":"post","link":"https:\/\/bisbalpenedes.com\/web\/2023\/11\/07\/el-diumenge-26-de-novembre-a-les-18h-el-cmc-acollira-la-projeccio-de-la-pellicula-els-encantats-del-cicle-gaudi\/","title":{"rendered":"El diumenge 26 de novembre a les 18h el CMC acollir\u00e0 la projecci\u00f3 de la pel\u00b7l\u00edcula \u201cEls encantats\u201d del Cicle Gaud\u00ed"},"content":{"rendered":"\n<p>El diumenge 26 de novembre, a les 18h, l\u2019Auditori Salb\u00e0 del CMC acollir\u00e0 la projecci\u00f3 del film \u201cEls encantats\u201d del Cicle Gaud\u00ed.<\/p>\n\n\n\n<p><strong>FITXA T\u00c8CNICA<\/strong><\/p>\n\n\n\n<p><span style=\"text-decoration: underline;\">Direcci\u00f3<\/span>: Elena Trap\u00e9<\/p>\n\n\n\n<p><span style=\"text-decoration: underline;\">Gui\u00f3:<\/span> elena Trap\u00e9, Miguel Ib\u00e1\u00f1ez Monroy<\/p>\n\n\n\n<p><span style=\"text-decoration: underline;\">Productora:<\/span> Coming Soon Films i A Contracorriente Films i Encantats Films AIE<\/p>\n\n\n\n<p><span style=\"text-decoration: underline;\">Estrena<\/span>: Juny 2023<\/p>\n\n\n\n<p><span style=\"text-decoration: underline;\">Durada:<\/span> 108 min.<\/p>\n\n\n\n<p><span style=\"text-decoration: underline;\">G\u00e8nere:<\/span> Drama<\/p>\n\n\n\n<p><span style=\"text-decoration: underline;\">Versi\u00f3:<\/span> Original en castell\u00e0 i catal\u00e0<\/p>\n\n\n\n<p>I<span style=\"text-decoration: underline;\">nt\u00e8rprets:<\/span> Laia Costa, Daniel P\u00e9rez Prada, Ainara Elejalde, Aina Clotet, Pep Cruz<\/p>\n\n\n\n<p><strong>SINOPSI<\/strong><\/p>\n\n\n\n<p>Despr\u00e9s de la seva recent separaci\u00f3, la Irene s\u2019enfronta per primera vegada a l\u2019abs\u00e8ncia de la seva filla de quatre anys, que est\u00e0 passant uns dies amb el seu pare. Incapa\u00e7 d\u2019adaptar-se a aquesta nova realitat, decideix viatjar a un petit poble del Pirineu catal\u00e0 on t\u00e9 una casa, buscant recuperar la seguretat i la calma que sent que fa temps que ha perdut. Per\u00f2 el poble, que en el passat va ser tan familiar, es presenta tan aclaparador com la seva nova vida i l\u2019acabar\u00e0 for\u00e7ant a enfrontar-se a les seves pors.<\/p>\n\n\n\n<p>Com \u00e9s habitual, el preu de l\u2019entrada ser\u00e0 de 4,5\u20ac (general) i 3\u20ac per als espectadors que presentin el carnet de la Biblioteca p\u00fablica de la Bisbal del Pened\u00e8s. Els beneficis es destinaran a l\u2019entitat que gestioni la taquilla abans de la projecci\u00f3 (es fa un sorteig entre les entitats que volen fer aquesta tasca), en aquest cas l&#8217;Associaci\u00f3 de Cors Antistiana.<\/p>\n\n\n\n<figure class=\"wp-block-embed is-type-video is-provider-youtube wp-block-embed-youtube wp-embed-aspect-16-9 wp-has-aspect-ratio\"><div class=\"wp-block-embed__wrapper\">\n<iframe loading=\"lazy\" title=\"Cicle Gaud\u00ed: &quot;Els Encantats&quot;\" width=\"1170\" height=\"658\" src=\"https:\/\/www.youtube.com\/embed\/wPphtu3fGVU?feature=oembed\" frameborder=\"0\" allow=\"accelerometer; autoplay; clipboard-write; encrypted-media; gyroscope; picture-in-picture; web-share\" allowfullscreen><\/iframe>\n<\/div><\/figure>\n\n\n\n<hr class=\"wp-block-separator has-alpha-channel-opacity\"\/>\n\n\n\n<p><strong>CASTELLANO |&nbsp;<\/strong>El domingo 26 de noviembre, a las 18h, el Auditori Salb\u00e0 del CMC acoger\u00e1 la proyecci\u00f3n del film \u201cEls encantats\u201d del Cicle Gaud\u00ed.<\/p>\n\n\n\n<p><strong>FICHA T\u00c9CNICA<\/strong><\/p>\n\n\n\n<p><span style=\"text-decoration: underline;\">Direcci\u00f3n:<\/span> Elena Trap\u00e9<\/p>\n\n\n\n<p><span style=\"text-decoration: underline;\">Gui\u00f3n: <\/span>Elena Trap\u00e9, Miguel Ib\u00e1\u00f1ez Monroy<\/p>\n\n\n\n<p><span style=\"text-decoration: underline;\">Productora:<\/span> Comingo Soon Films y A Contracorriente Films y Encantats Films AIE<\/p>\n\n\n\n<p><span style=\"text-decoration: underline;\">Estreno<\/span>: Junio 2023<\/p>\n\n\n\n<p><span style=\"text-decoration: underline;\">Duraci\u00f3n:<\/span> 108 min.<\/p>\n\n\n\n<p><span style=\"text-decoration: underline;\">G\u00e9nero<\/span>: Drama<\/p>\n\n\n\n<p><span style=\"text-decoration: underline;\">Versi\u00f3n:<\/span> original en castellano y catal\u00e1n<\/p>\n\n\n\n<p><span style=\"text-decoration: underline;\">Int\u00e9rpretes<\/span>: Laia Costa, Daniel P\u00e9rez Prada, Ainara Elejalde, Aina Clotet, Pep Cruz<\/p>\n\n\n\n<p><strong>SINOPSIS<\/strong><\/p>\n\n\n\n<p>Despu\u00e9s de su reciente separaci\u00f3n, Irene se enfrenta por primera vez a la ausencia de su hija de cuatro a\u00f1os, que est\u00e1 pasando unos d\u00edas con su padre. Incapaz de adaptarse a esta nueva realidad, decide viajar a un peque\u00f1o pueblo de los Pirineos catalanes en el que tiene una casa, buscando recuperar la seguridad y la calma que siente que hace tiempo que ha perdido. Pero el pueblo, que en el pasado fue tan familiar, se presenta tan abrumador como su nueva vida y la terminar\u00e1 forzando a enfrentarse a sus miedos.<\/p>\n\n\n\n<p>Como es habitual, el precio de la entrada ser\u00e1 de 4,5\u20ac (general) y 3\u20ac para los espectadores que presenten el carn\u00e9 de la Biblioteca p\u00fablica de la Bisbal del Pened\u00e8s. Los beneficios se destinar\u00e1n a la entidad que gestione la taquilla antes de la proyecci\u00f3n (se hace un sorteo entre las entidades que quieren hacer esta tarea), en este caso la Associaci\u00f3 de Cors Antistiana.<\/p>\n\n\n\n<p><\/p>\n","protected":false},"excerpt":{"rendered":"<p>El diumenge 26 de novembre, a les 18h, l\u2019Auditori Salb\u00e0 del CMC acollir\u00e0 la projecci\u00f3 del film \u201cEls encantats\u201d del Cicle Gaud\u00ed. FITXA T\u00c8CNICA Direcci\u00f3: Elena Trap\u00e9 Gui\u00f3: elena Trap\u00e9, &hellip; <a href=\"https:\/\/bisbalpenedes.com\/web\/2023\/11\/07\/el-diumenge-26-de-novembre-a-les-18h-el-cmc-acollira-la-projeccio-de-la-pellicula-els-encantats-del-cicle-gaudi\/\" class=\"more-link\">Read More<\/a><\/p>\n","protected":false},"author":4,"featured_media":28111,"comment_status":"closed","ping_status":"closed","sticky":false,"template":"","format":"standard","meta":[],"categories":[2942,13,8],"tags":[3419,459,308,6314,393],"_links":{"self":[{"href":"https:\/\/bisbalpenedes.com\/web\/wp-json\/wp\/v2\/posts\/28110"}],"collection":[{"href":"https:\/\/bisbalpenedes.com\/web\/wp-json\/wp\/v2\/posts"}],"about":[{"href":"https:\/\/bisbalpenedes.com\/web\/wp-json\/wp\/v2\/types\/post"}],"author":[{"embeddable":true,"href":"https:\/\/bisbalpenedes.com\/web\/wp-json\/wp\/v2\/users\/4"}],"replies":[{"embeddable":true,"href":"https:\/\/bisbalpenedes.com\/web\/wp-json\/wp\/v2\/comments?post=28110"}],"version-history":[{"count":3,"href":"https:\/\/bisbalpenedes.com\/web\/wp-json\/wp\/v2\/posts\/28110\/revisions"}],"predecessor-version":[{"id":28115,"href":"https:\/\/bisbalpenedes.com\/web\/wp-json\/wp\/v2\/posts\/28110\/revisions\/28115"}],"wp:featuredmedia":[{"embeddable":true,"href":"https:\/\/bisbalpenedes.com\/web\/wp-json\/wp\/v2\/media\/28111"}],"wp:attachment":[{"href":"https:\/\/bisbalpenedes.com\/web\/wp-json\/wp\/v2\/media?parent=28110"}],"wp:term":[{"taxonomy":"category","embeddable":true,"href":"https:\/\/bisbalpenedes.com\/web\/wp-json\/wp\/v2\/categories?post=28110"},{"taxonomy":"post_tag","embeddable":true,"href":"https:\/\/bisbalpenedes.com\/web\/wp-json\/wp\/v2\/tags?post=28110"}],"curies":[{"name":"wp","href":"https:\/\/api.w.org\/{rel}","templated":true}]}}