{"id":28092,"date":"2023-10-31T17:44:09","date_gmt":"2023-10-31T15:44:09","guid":{"rendered":"https:\/\/bisbalpenedes.com\/web\/?p=28092"},"modified":"2023-10-31T17:44:09","modified_gmt":"2023-10-31T15:44:09","slug":"la-llar-dinfants-municipal-incorpora-una-nova-treballadora-a-traves-del-programa-trefo-2023-del-consell-comarcal-del-baix-penedes","status":"publish","type":"post","link":"https:\/\/bisbalpenedes.com\/web\/2023\/10\/31\/la-llar-dinfants-municipal-incorpora-una-nova-treballadora-a-traves-del-programa-trefo-2023-del-consell-comarcal-del-baix-penedes\/","title":{"rendered":"La llar d&#8217;infants municipal incorpora una nova treballadora a trav\u00e9s del programa TREFO 2023 del Consell Comarcal del Baix Pened\u00e8s"},"content":{"rendered":"\n<p>Ahir 30 d\u2019octubre es va incorporar la M\u00edriam Pi\u00f1ero com a t\u00e8cnica de la llar d\u2019infants a trav\u00e9s del programa TREFO 2023 del Consell Comarcal del Baix Pened\u00e8s. La seva contractaci\u00f3 tindr\u00e0 una durada de 12 mesos.<\/p>\n\n\n\n<p>L\u2019alcaldessa Agn\u00e8s Ferr\u00e9 i el regidor d\u2019Ensenyament, Daniel Caballero, van donar la benvinguda a la nova treballadora en el seu primer dia.&nbsp;<\/p>\n\n\n\n<p>El regidor d\u2019Ensenyament ha volgut destacar que <em>\u201cestem molt contents de comptar amb la M\u00edriam. Gr\u00e0cies a aquesta nova contractaci\u00f3 podrem donar un millor servei educatiu als nostres infants\u201d.\u00a0<\/em><\/p>\n\n\n\n<p>La finalitat del programa TREFO \u00e9s millorar l\u2019ocupabilitat de les persones treballadores, especialment les que tenen m\u00e9s dificultat per accedir al m\u00f3n laboral. Enguany, des del Consell Comarcal s\u2019han contractat 23 persones a trav\u00e9s d\u2019aquest programa i l\u2019Ajuntament de la Bisbal del Pened\u00e8s s\u2019ha beneficiat de la contractaci\u00f3 d\u2019una T\u00e8cnica en Educaci\u00f3 Infantil i d\u2019una auxiliar per a la Biblioteca.&nbsp;<\/p>\n\n\n\n<hr class=\"wp-block-separator has-alpha-channel-opacity\"\/>\n\n\n\n<p><strong>CASTELLANO |<\/strong> Ayer 30 de octubre se incorpor\u00f3 M\u00edriam Pi\u00f1ero como t\u00e9cnica de la guarder\u00eda municipal a trav\u00e9s del programa TREFO 2023 del Consell Comarcal del Baix Pened\u00e8s. Su contrataci\u00f3n tendr\u00e1 una duraci\u00f3n de 12 meses.<\/p>\n\n\n\n<p>La alcaldesa Agn\u00e8s Ferr\u00e9 y el concejal de Educaci\u00f3n, Daniel Caballero, dieron la bienvenida a la nueva trabajadora en su primer d\u00eda.<\/p>\n\n\n\n<p>El concejal de Educaci\u00f3n ha querido destacar que <em>\u201cestamos muy contentos de contar con M\u00edriam. Gracias a esta nueva contrataci\u00f3n podremos dar un mejor servicio educativo a nuestros peque\u00f1os\u201d.<\/em><\/p>\n\n\n\n<p>La finalidad del programa TREFO es mejorar la ocupaci\u00f3n de las personas trabajadoras, especialmente las que tienen m\u00e1s dificultad para acceder al mundo laboral. Este a\u00f1o, desde el Consell Comarcal se han contratado 23 personas a trav\u00e9s de este programa y el Ayuntamiento de la Bisbal del Pened\u00e8s se ha beneficiado de la contrataci\u00f3n de una t\u00e9cnica en Educaci\u00f3n Infantil y de una auxiliar para la Biblioteca.<\/p>\n\n\n\n<p><\/p>\n","protected":false},"excerpt":{"rendered":"<p>Ahir 30 d\u2019octubre es va incorporar la M\u00edriam Pi\u00f1ero com a t\u00e8cnica de la llar d\u2019infants a trav\u00e9s del programa TREFO 2023 del Consell Comarcal del Baix Pened\u00e8s. La seva &hellip; <a href=\"https:\/\/bisbalpenedes.com\/web\/2023\/10\/31\/la-llar-dinfants-municipal-incorpora-una-nova-treballadora-a-traves-del-programa-trefo-2023-del-consell-comarcal-del-baix-penedes\/\" class=\"more-link\">Read More<\/a><\/p>\n","protected":false},"author":4,"featured_media":28093,"comment_status":"closed","ping_status":"closed","sticky":false,"template":"","format":"standard","meta":[],"categories":[3456,8,9],"tags":[1056,393,213],"_links":{"self":[{"href":"https:\/\/bisbalpenedes.com\/web\/wp-json\/wp\/v2\/posts\/28092"}],"collection":[{"href":"https:\/\/bisbalpenedes.com\/web\/wp-json\/wp\/v2\/posts"}],"about":[{"href":"https:\/\/bisbalpenedes.com\/web\/wp-json\/wp\/v2\/types\/post"}],"author":[{"embeddable":true,"href":"https:\/\/bisbalpenedes.com\/web\/wp-json\/wp\/v2\/users\/4"}],"replies":[{"embeddable":true,"href":"https:\/\/bisbalpenedes.com\/web\/wp-json\/wp\/v2\/comments?post=28092"}],"version-history":[{"count":1,"href":"https:\/\/bisbalpenedes.com\/web\/wp-json\/wp\/v2\/posts\/28092\/revisions"}],"predecessor-version":[{"id":28094,"href":"https:\/\/bisbalpenedes.com\/web\/wp-json\/wp\/v2\/posts\/28092\/revisions\/28094"}],"wp:featuredmedia":[{"embeddable":true,"href":"https:\/\/bisbalpenedes.com\/web\/wp-json\/wp\/v2\/media\/28093"}],"wp:attachment":[{"href":"https:\/\/bisbalpenedes.com\/web\/wp-json\/wp\/v2\/media?parent=28092"}],"wp:term":[{"taxonomy":"category","embeddable":true,"href":"https:\/\/bisbalpenedes.com\/web\/wp-json\/wp\/v2\/categories?post=28092"},{"taxonomy":"post_tag","embeddable":true,"href":"https:\/\/bisbalpenedes.com\/web\/wp-json\/wp\/v2\/tags?post=28092"}],"curies":[{"name":"wp","href":"https:\/\/api.w.org\/{rel}","templated":true}]}}