{"id":28089,"date":"2023-10-31T14:33:16","date_gmt":"2023-10-31T12:33:16","guid":{"rendered":"https:\/\/bisbalpenedes.com\/web\/?p=28089"},"modified":"2023-10-31T14:33:16","modified_gmt":"2023-10-31T12:33:16","slug":"properament-comencaran-les-obres-de-millora-de-les-infraestructures-del-barri-de-la-riba-pel-carrer-general-manso-i-del-numero-1-al-18-del-carrer-santa-cristina-pont-i-pujada-de-la-riba","status":"publish","type":"post","link":"https:\/\/bisbalpenedes.com\/web\/2023\/10\/31\/properament-comencaran-les-obres-de-millora-de-les-infraestructures-del-barri-de-la-riba-pel-carrer-general-manso-i-del-numero-1-al-18-del-carrer-santa-cristina-pont-i-pujada-de-la-riba\/","title":{"rendered":"Properament comen\u00e7aran les obres de millora de les infraestructures del barri de la Riba pel carrer General Manso i del n\u00famero 1 al 18 del carrer Santa Cristina (pont i pujada de la Riba)"},"content":{"rendered":"\n<p>Properament comen\u00e7aran les obres de millora de les infraestructures del barri de la Riba, que inclouen el canvi de xarxa d&#8217;aigua potable, el canvi de les llumin\u00e0ries dels fanals i el soterrament de la instal\u00b7laci\u00f3 de l&#8217;enllumenat el\u00e8ctric i de les xarxes de telecomunicacions. Es tracta d&#8217;un projecte molt important i necessari, ja que es renovar\u00e0 la xarxa d&#8217;aigua (que \u00e9s la m\u00e9s antiga del municipi), farem un pas endavant per complir tota la normativa d&#8217;instal\u00b7lacions d&#8217;aigua potable i instal\u00b7lacions lum\u00edniques i, a m\u00e9s, estalviarem energia.<\/p>\n\n\n\n<p>Les obres comen\u00e7aran al carrer General Manso i al pont i la pujada de la Riba (dels n\u00fameros 1 al 18 del carrer Santa Cristina). Per aquest motiu, l&#8217;Ajuntament de la Bisbal del Pened\u00e8s ha convocat els ve\u00efns i ve\u00efnes d&#8217;aquest carrer a una reuni\u00f3 on tamb\u00e9 assistir\u00e0 l&#8217;empresa que executar\u00e0 les obres i la direcci\u00f3 d&#8217;obra. Els objectius de la reuni\u00f3 s\u00f3n explicar com ser\u00e0 l&#8217;execuci\u00f3 de les obres en aquests carrers i quines afectacions hi haur\u00e0, a m\u00e9s de resoldre els dubtes del ve\u00efnat.<\/p>\n\n\n\n<p>La resta de ve\u00efns de la Riba seran convocats a una altra reuni\u00f3 unes setmanes abans que les obres arribin als seus carrers.<\/p>\n\n\n\n<hr class=\"wp-block-separator has-alpha-channel-opacity\"\/>\n\n\n\n<p><strong>CASTELLANO | <\/strong>Pr\u00f3ximamente empezar\u00e1n las obras de mejora de las infraestructuras del barrio de la Riba, que incluyen el cambio de la red de agua potable, el cambio de las luminarias de las farolas y el soterramiento de la instalaci\u00f3n del alumbrado el\u00e9ctrico y de las redes de telecomunicaciones. Se trata de un proyecto muy importante y necesario, ya que se renovar\u00e1 la red de agua (que es la m\u00e1s antigua del municipio), haremos un paso hacia adelante para cumplir toda la normativa de instalaciones de agua potable e instalaciones lum\u00ednicas y, adem\u00e1s, ahorraremos energ\u00eda.<\/p>\n\n\n\n<p>Las obras empezar\u00e1n en la calle General Manso y en el puente y la subida de la Riba (de los n\u00fameros 1 al 18 de la calle Santa Cristina). Por este motivo, el Ayuntamiento de la Bisbal del Pened\u00e8s ha convocado a los vecinos y vecinas de esta calle a una reuni\u00f3n a la que tambi\u00e9n asistir\u00e1 la empresa que ejecutar\u00e1 las obras y la direcci\u00f3n de obra. Los objetivos de la reuni\u00f3n son explicar c\u00f3mo ser\u00e1 la ejecuci\u00f3n de las obras en estas calles y qu\u00e9 afectaciones habr\u00e1, adem\u00e1s de resolver las dudas del vecindario.<\/p>\n\n\n\n<p>El resto de vecinos de la Riba ser\u00e1n convocados a otra reuni\u00f3n unas semanas antes de que las obras lleguen a sus calles.<\/p>\n","protected":false},"excerpt":{"rendered":"<p>Properament comen\u00e7aran les obres de millora de les infraestructures del barri de la Riba, que inclouen el canvi de xarxa d&#8217;aigua potable, el canvi de les llumin\u00e0ries dels fanals i &hellip; <a href=\"https:\/\/bisbalpenedes.com\/web\/2023\/10\/31\/properament-comencaran-les-obres-de-millora-de-les-infraestructures-del-barri-de-la-riba-pel-carrer-general-manso-i-del-numero-1-al-18-del-carrer-santa-cristina-pont-i-pujada-de-la-riba\/\" class=\"more-link\">Read More<\/a><\/p>\n","protected":false},"author":4,"featured_media":28090,"comment_status":"closed","ping_status":"closed","sticky":false,"template":"","format":"standard","meta":[],"categories":[1628,8,3352,15],"tags":[6309,3115,5062,6308,4427,393,1337,574,61],"_links":{"self":[{"href":"https:\/\/bisbalpenedes.com\/web\/wp-json\/wp\/v2\/posts\/28089"}],"collection":[{"href":"https:\/\/bisbalpenedes.com\/web\/wp-json\/wp\/v2\/posts"}],"about":[{"href":"https:\/\/bisbalpenedes.com\/web\/wp-json\/wp\/v2\/types\/post"}],"author":[{"embeddable":true,"href":"https:\/\/bisbalpenedes.com\/web\/wp-json\/wp\/v2\/users\/4"}],"replies":[{"embeddable":true,"href":"https:\/\/bisbalpenedes.com\/web\/wp-json\/wp\/v2\/comments?post=28089"}],"version-history":[{"count":1,"href":"https:\/\/bisbalpenedes.com\/web\/wp-json\/wp\/v2\/posts\/28089\/revisions"}],"predecessor-version":[{"id":28091,"href":"https:\/\/bisbalpenedes.com\/web\/wp-json\/wp\/v2\/posts\/28089\/revisions\/28091"}],"wp:featuredmedia":[{"embeddable":true,"href":"https:\/\/bisbalpenedes.com\/web\/wp-json\/wp\/v2\/media\/28090"}],"wp:attachment":[{"href":"https:\/\/bisbalpenedes.com\/web\/wp-json\/wp\/v2\/media?parent=28089"}],"wp:term":[{"taxonomy":"category","embeddable":true,"href":"https:\/\/bisbalpenedes.com\/web\/wp-json\/wp\/v2\/categories?post=28089"},{"taxonomy":"post_tag","embeddable":true,"href":"https:\/\/bisbalpenedes.com\/web\/wp-json\/wp\/v2\/tags?post=28089"}],"curies":[{"name":"wp","href":"https:\/\/api.w.org\/{rel}","templated":true}]}}