{"id":28081,"date":"2023-10-30T20:56:23","date_gmt":"2023-10-30T18:56:23","guid":{"rendered":"https:\/\/bisbalpenedes.com\/web\/?p=28081"},"modified":"2023-10-30T20:56:23","modified_gmt":"2023-10-30T18:56:23","slug":"el-regidor-densenyament-i-la-regidora-de-feminismes-i-igualtat-han-assistit-a-la-xerrada-organitzada-pel-consell-comarcal-i-jove-baix-penedes-que-ha-tingut-lloc-aquest-dilluns-a-linstitut","status":"publish","type":"post","link":"https:\/\/bisbalpenedes.com\/web\/2023\/10\/30\/el-regidor-densenyament-i-la-regidora-de-feminismes-i-igualtat-han-assistit-a-la-xerrada-organitzada-pel-consell-comarcal-i-jove-baix-penedes-que-ha-tingut-lloc-aquest-dilluns-a-linstitut\/","title":{"rendered":"El regidor d&#8217;Ensenyament i la regidora de Feminismes i Igualtat han assistit a la xerrada organitzada pel Consell Comarcal i Jove Baix Pened\u00e8s que ha tingut lloc aquest dilluns a l&#8217;institut"},"content":{"rendered":"\n<p>El regidor d\u2019Ensenyament, Daniel Caballero; i la regidora de Feminismes i Igualtat, Paqui Cepas; han assistit a la xerrada sobre la prevenci\u00f3 de viol\u00e8ncies masclistes al Baix Pened\u00e8s que ha tingut lloc avui dilluns 30 d\u2019octubre a l\u2019Institut Coster de la Torre, organitzada des de Jove Baix Pened\u00e8s i el Consell Comarcal del Baix Pened\u00e8s.<\/p>\n\n\n\n<p>Aquesta xerrada estava adre\u00e7ada a les fam\u00edlies dels alumnes de 3r i 4t d\u2019ESO amb els objectius de dotar-les d\u2019eines i estrat\u00e8gies de prevenci\u00f3, detecci\u00f3 i actuaci\u00f3 en el marc de l\u2019educaci\u00f3 no sexista i de tractar el concepte de consentiment des de l\u2019educaci\u00f3. A m\u00e9s, tamb\u00e9 s\u2019hi han tractat els mites de l\u2019educaci\u00f3 afectivosexual.&nbsp;<\/p>\n\n\n\n<p>M\u00e9s enll\u00e0 d\u2019aquestes xerrades, l\u2019alumnat de 4t d\u2019ESO tamb\u00e9 treballar\u00e0 din\u00e0miques relacionades amb el consentiment, els l\u00edmits personals, la presa de consci\u00e8ncia dels tipus de viol\u00e8ncia existents i el foment del respecte cap a les persones.<\/p>\n\n\n\n<figure class=\"wp-block-image size-large\"><img loading=\"lazy\" width=\"1024\" height=\"768\" src=\"https:\/\/bisbalpenedes.com\/web\/wp-content\/uploads\/2023\/10\/WhatsApp-Image-2023-10-30-at-19.04.07-2-1024x768.jpeg\" alt=\"\" class=\"wp-image-28083\" srcset=\"https:\/\/bisbalpenedes.com\/web\/wp-content\/uploads\/2023\/10\/WhatsApp-Image-2023-10-30-at-19.04.07-2-1024x768.jpeg 1024w, https:\/\/bisbalpenedes.com\/web\/wp-content\/uploads\/2023\/10\/WhatsApp-Image-2023-10-30-at-19.04.07-2-300x225.jpeg 300w, https:\/\/bisbalpenedes.com\/web\/wp-content\/uploads\/2023\/10\/WhatsApp-Image-2023-10-30-at-19.04.07-2-768x576.jpeg 768w, https:\/\/bisbalpenedes.com\/web\/wp-content\/uploads\/2023\/10\/WhatsApp-Image-2023-10-30-at-19.04.07-2-1536x1152.jpeg 1536w, https:\/\/bisbalpenedes.com\/web\/wp-content\/uploads\/2023\/10\/WhatsApp-Image-2023-10-30-at-19.04.07-2-600x450.jpeg 600w, https:\/\/bisbalpenedes.com\/web\/wp-content\/uploads\/2023\/10\/WhatsApp-Image-2023-10-30-at-19.04.07-2.jpeg 2048w\" sizes=\"(max-width: 1024px) 100vw, 1024px\" \/><\/figure>\n\n\n\n<hr class=\"wp-block-separator has-alpha-channel-opacity\"\/>\n\n\n\n<p><strong>CASTELLANO | <\/strong>El concejal de Educaci\u00f3n, Daniel Caballero; y la concejala de Feminismos e Igualdad, Paqui Cepas; han asistido a la charla sobre la prevenci\u00f3n de violencias machistas en el Baix Pened\u00e8s que ha tenido lugar hoy lunes 30 de octubre en el instituto Coster de la Torre, organizada desde Jove Baix Pened\u00e8s y el Consell Comarcal del Baix Pened\u00e8s.<\/p>\n\n\n\n<p>Esta charla estaba dirigida a las familias de los alumnos de 3\u00ba y 4\u00ba de ESO con los objetivos de dotarlas de herramientas y estrategias de prevenci\u00f3n, detecci\u00f3n y actuaci\u00f3n en el marco de la educaci\u00f3n no sexista y de tratar el concepto de consentimiento desde la educaci\u00f3n. Adem\u00e1s, tambi\u00e9n se han tratado los mitos de la educaci\u00f3n afectivo-sexual.&nbsp;<\/p>\n\n\n\n<p>M\u00e1s all\u00e1 de estas charlas, el alumnado de 4\u00ba de ESO tambi\u00e9n trabajar\u00e1 din\u00e1micas relacionadas con el consentimiento, los l\u00edmites personales, la toma de consciencia de los tipos de violencia existentes y el fomento del respeto hacia las personas.<\/p>\n","protected":false},"excerpt":{"rendered":"<p>El regidor d\u2019Ensenyament, Daniel Caballero; i la regidora de Feminismes i Igualtat, Paqui Cepas; han assistit a la xerrada sobre la prevenci\u00f3 de viol\u00e8ncies masclistes al Baix Pened\u00e8s que ha &hellip; <a href=\"https:\/\/bisbalpenedes.com\/web\/2023\/10\/30\/el-regidor-densenyament-i-la-regidora-de-feminismes-i-igualtat-han-assistit-a-la-xerrada-organitzada-pel-consell-comarcal-i-jove-baix-penedes-que-ha-tingut-lloc-aquest-dilluns-a-linstitut\/\" class=\"more-link\">Read More<\/a><\/p>\n","protected":false},"author":4,"featured_media":28082,"comment_status":"closed","ping_status":"closed","sticky":false,"template":"","format":"standard","meta":[],"categories":[3456,6120,8],"tags":[459,6306,1475,6307,393,2563,45],"_links":{"self":[{"href":"https:\/\/bisbalpenedes.com\/web\/wp-json\/wp\/v2\/posts\/28081"}],"collection":[{"href":"https:\/\/bisbalpenedes.com\/web\/wp-json\/wp\/v2\/posts"}],"about":[{"href":"https:\/\/bisbalpenedes.com\/web\/wp-json\/wp\/v2\/types\/post"}],"author":[{"embeddable":true,"href":"https:\/\/bisbalpenedes.com\/web\/wp-json\/wp\/v2\/users\/4"}],"replies":[{"embeddable":true,"href":"https:\/\/bisbalpenedes.com\/web\/wp-json\/wp\/v2\/comments?post=28081"}],"version-history":[{"count":1,"href":"https:\/\/bisbalpenedes.com\/web\/wp-json\/wp\/v2\/posts\/28081\/revisions"}],"predecessor-version":[{"id":28084,"href":"https:\/\/bisbalpenedes.com\/web\/wp-json\/wp\/v2\/posts\/28081\/revisions\/28084"}],"wp:featuredmedia":[{"embeddable":true,"href":"https:\/\/bisbalpenedes.com\/web\/wp-json\/wp\/v2\/media\/28082"}],"wp:attachment":[{"href":"https:\/\/bisbalpenedes.com\/web\/wp-json\/wp\/v2\/media?parent=28081"}],"wp:term":[{"taxonomy":"category","embeddable":true,"href":"https:\/\/bisbalpenedes.com\/web\/wp-json\/wp\/v2\/categories?post=28081"},{"taxonomy":"post_tag","embeddable":true,"href":"https:\/\/bisbalpenedes.com\/web\/wp-json\/wp\/v2\/tags?post=28081"}],"curies":[{"name":"wp","href":"https:\/\/api.w.org\/{rel}","templated":true}]}}