{"id":28074,"date":"2023-10-30T13:10:54","date_gmt":"2023-10-30T11:10:54","guid":{"rendered":"https:\/\/bisbalpenedes.com\/web\/?p=28074"},"modified":"2023-10-30T13:10:54","modified_gmt":"2023-10-30T11:10:54","slug":"la-regidoria-de-feminismes-i-igualtat-ha-assistit-al-iii-forum-de-municipis-certificats-a-favor-de-la-igualtat-de-genere","status":"publish","type":"post","link":"https:\/\/bisbalpenedes.com\/web\/2023\/10\/30\/la-regidoria-de-feminismes-i-igualtat-ha-assistit-al-iii-forum-de-municipis-certificats-a-favor-de-la-igualtat-de-genere\/","title":{"rendered":"<strong>La Regidoria de Feminismes i Igualtat ha assistit al III F\u00f2rum de Municipis certificats a favor de la igualtat de g\u00e8nere<\/strong>"},"content":{"rendered":"\n<p>* Part de l&#8217;equip de govern amb la presidenta de Forgender Seal, Marta Macias.<\/p>\n\n\n\n<p>Aquest dimarts 24 d&#8217;octubre, la Regidora de Feminismes i Igualtat, Paqui Cepas, ha assistit al III F\u00f2rum de Municipis Certificats a favor de la igualtat de g\u00e8nere juntament amb l&#8217;alcaldessa Agn\u00e8s Ferr\u00e9 i la primera tinent d&#8217;alcaldessa, Judith Vidal. El f\u00f2rum, s&#8217;ha celebrat al recinte Ciba de Santa Coloma de Gramenet i ha comptat amb diverses confer\u00e8ncies, tallers i parlaments sobre l&#8217;enfoc de les pol\u00edtiques locals a favor dels drets humans i del lideratge de les dones.<\/p>\n\n\n\n<p>L&#8217;Ajuntament de la Bisbal del Pened\u00e8s, a trav\u00e9s de la Regidoria de Feminismes i Igualtat, est\u00e0 treballant amb l&#8217;associaci\u00f3 Forgender Seal amb l&#8217;objectiu d&#8217;obtenir el segell per la igualtat de g\u00e8nere i, de fet, aquesta entitat ha estat la que ha convidat les regidores i l&#8217;alcaldessa a assistir a aquest esdeveniment.<\/p>\n\n\n\n<p>El Distintiu per la igualtat de g\u00e8nere <em>&#8220;\u00e9s el primer segell de qualificaci\u00f3 i reconeixement p\u00fablic a favor de la igualtat de g\u00e8nere en l&#8217;\u00e0mbit municipal. \u00c9s un sistema de gesti\u00f3 de g\u00e8nere que es posa a disposici\u00f3 dels municipis com a eina que afavoreix la integraci\u00f3 de la perspectiva de g\u00e8nere en les pol\u00edtiques i actuacions de l&#8217;administraci\u00f3 local&#8221;<\/em> i s&#8217;aconsegueix mitjan\u00e7ant un proc\u00e9s de certificaci\u00f3 de l&#8217;associaci\u00f3 <a href=\"https:\/\/city50.distintiudegenere.cat\/\">Forgender Seal.<\/a><\/p>\n\n\n\n<hr class=\"wp-block-separator has-alpha-channel-opacity\"\/>\n\n\n\n<p><strong>CASTELLANO |<\/strong> Este martes 24 de octubre, la Conejala de Feminismos e Igualdad, Paqui Cepas, ha asistido al III F\u00f2rum de Municipis Certificats a favor de la igualdad de g\u00e9nero junto con la alcaldesa Agn\u00e8s Ferr\u00e9 y la primera teniente de alcaldesa, Judith Vidal. El foro se ha celebrado en el recinto Ciba de Santa Coloma de Gramenet y ha contado con varias conferencias, talleres y parlamentos sobre el enfoque de las pol\u00edticas locales a favor de los derechos humanos y el liderazgo de las mujeres.<\/p>\n\n\n\n<p>El Ayuntamiento de la Bisbal del Pened\u00e8s, a trav\u00e9s de la Concejal\u00eda de Feminismos e Igualdad, est\u00e1 trabajando con la asociaci\u00f3n Forgender Seal con el objetivo de obtener el sello para la igualdad de g\u00e9nero y, de hecho, esta entidad ha sido la que ha invitado a las concejalas y a la alcaldesa a asistir a este evento.<\/p>\n\n\n\n<p>El Distintivo para la igualdad de g\u00e9nero &#8220;es el primer sello de calificaci\u00f3n y reconocimiento p\u00fablico a favor de la igualdad de g\u00e9nero en el \u00e1mbito municipal. Es un sistema de gesti\u00f3n de g\u00e9nero que se pone a disposici\u00f3n de los municipios como herramienta que favorece la integraci\u00f3n de la perspectiva de g\u00e9nero en las pol\u00edticas y actuaciones de la administraci\u00f3n local&#8221; y se consigue mediante un proceso de certificaci\u00f3n de la asociaci\u00f3n <a href=\"https:\/\/city50.distintiudegenere.cat\/\">Forgender Seal.<\/a><\/p>\n","protected":false},"excerpt":{"rendered":"<p>* Part de l&#8217;equip de govern amb la presidenta de Forgender Seal, Marta Macias. Aquest dimarts 24 d&#8217;octubre, la Regidora de Feminismes i Igualtat, Paqui Cepas, ha assistit al III &hellip; <a href=\"https:\/\/bisbalpenedes.com\/web\/2023\/10\/30\/la-regidoria-de-feminismes-i-igualtat-ha-assistit-al-iii-forum-de-municipis-certificats-a-favor-de-la-igualtat-de-genere\/\" class=\"more-link\">Read More<\/a><\/p>\n","protected":false},"author":4,"featured_media":28075,"comment_status":"closed","ping_status":"closed","sticky":false,"template":"","format":"standard","meta":[],"categories":[6120,8],"tags":[459,6306,6123,3445,393,4400],"_links":{"self":[{"href":"https:\/\/bisbalpenedes.com\/web\/wp-json\/wp\/v2\/posts\/28074"}],"collection":[{"href":"https:\/\/bisbalpenedes.com\/web\/wp-json\/wp\/v2\/posts"}],"about":[{"href":"https:\/\/bisbalpenedes.com\/web\/wp-json\/wp\/v2\/types\/post"}],"author":[{"embeddable":true,"href":"https:\/\/bisbalpenedes.com\/web\/wp-json\/wp\/v2\/users\/4"}],"replies":[{"embeddable":true,"href":"https:\/\/bisbalpenedes.com\/web\/wp-json\/wp\/v2\/comments?post=28074"}],"version-history":[{"count":1,"href":"https:\/\/bisbalpenedes.com\/web\/wp-json\/wp\/v2\/posts\/28074\/revisions"}],"predecessor-version":[{"id":28076,"href":"https:\/\/bisbalpenedes.com\/web\/wp-json\/wp\/v2\/posts\/28074\/revisions\/28076"}],"wp:featuredmedia":[{"embeddable":true,"href":"https:\/\/bisbalpenedes.com\/web\/wp-json\/wp\/v2\/media\/28075"}],"wp:attachment":[{"href":"https:\/\/bisbalpenedes.com\/web\/wp-json\/wp\/v2\/media?parent=28074"}],"wp:term":[{"taxonomy":"category","embeddable":true,"href":"https:\/\/bisbalpenedes.com\/web\/wp-json\/wp\/v2\/categories?post=28074"},{"taxonomy":"post_tag","embeddable":true,"href":"https:\/\/bisbalpenedes.com\/web\/wp-json\/wp\/v2\/tags?post=28074"}],"curies":[{"name":"wp","href":"https:\/\/api.w.org\/{rel}","templated":true}]}}