{"id":2807,"date":"2017-07-12T01:15:54","date_gmt":"2017-07-11T19:15:54","guid":{"rendered":"http:\/\/bisbalpenedes.com\/web\/?p=2807"},"modified":"2017-07-12T01:15:54","modified_gmt":"2017-07-11T19:15:54","slug":"la-regidoria-deducacio-ha-fet-entrega-de-joguines-didactiques-i-material-escolar-nou-a-la-llar-dinfants-municipal","status":"publish","type":"post","link":"https:\/\/bisbalpenedes.com\/web\/2017\/07\/12\/la-regidoria-deducacio-ha-fet-entrega-de-joguines-didactiques-i-material-escolar-nou-a-la-llar-dinfants-municipal\/","title":{"rendered":"La Regidoria d&#8217;Educaci\u00f3 ha fet entrega de joguines did\u00e0ctiques i material escolar nou a la Llar d&#8217;Infants Municipal"},"content":{"rendered":"<p><a href=\"http:\/\/bisbalpenedes.com\/web\/wp-content\/uploads\/2017\/07\/unnamed-3.jpg\"><img loading=\"lazy\" class=\"aligncenter size-medium wp-image-2808\" title=\"Maguy llar d'infants\" src=\"http:\/\/bisbalpenedes.com\/web\/wp-content\/uploads\/2017\/07\/unnamed-3-300x165.jpg\" alt=\"\" width=\"300\" height=\"165\" srcset=\"https:\/\/bisbalpenedes.com\/web\/wp-content\/uploads\/2017\/07\/unnamed-3-300x165.jpg 300w, https:\/\/bisbalpenedes.com\/web\/wp-content\/uploads\/2017\/07\/unnamed-3-600x332.jpg 600w, https:\/\/bisbalpenedes.com\/web\/wp-content\/uploads\/2017\/07\/unnamed-3-1024x566.jpg 1024w\" sizes=\"(max-width: 300px) 100vw, 300px\" \/><\/a><\/p>\n<h1><strong>CATAL\u00c0<\/strong><\/h1>\n<p>La Regidoria d&#8217;Educaci\u00f3 ha fet entrega aquesta setmana d&#8217;un nou lot de joguines did\u00e0ctiques a la Llar d&#8217;Infants Municipal perqu\u00e8 el proper curs els nens i les nenes puguin gaudir jugant de forma l\u00fadica i variada. A m\u00e9s, s&#8217;ha dotat l\u2019equipament municipal d&#8217;un gran assortit de material escolar que ha estat seleccionat per les mestres d&#8217;acord amb les seves necessitats docents.<\/p>\n<p>El curs \u00a02016-2017 de la Llar d\u2019Infants Municipal finalitzar\u00e0\u00a0el dia 26 de juliol\u00a0amb una festa de fi de curs que servir\u00e0 per posar el punt i final al curs i per entregar un diploma als nens i nenes de P2 que s&#8217;acomiaden de les seves primeres mestres i que, el curs vinent, passaran a formar part de l&#8217;alumnat de l&#8217;Escola Ull de Vent.<\/p>\n<p>La Regidora d&#8217;Educaci\u00f3, Maguy Antol\u00edn, ha destacat que &#8220;aquest acte ser\u00e0 molt emotiu per\u00f2 tamb\u00e9 ser\u00e0 divertit, ja que es comptar\u00e0 amb una animaci\u00f3 infantil a c\u00e0rrec de la Pallassa Tona\u201d.<\/p>\n<p><strong>NOU PROJECTE\u00a0<\/strong><\/p>\n<p>La Regidoria d&#8217;Educaci\u00f3 ha decidit contemplar un nou projecte per a la Llar d\u2019Infants Municipal que consistiria en construir una gran coberta al pati perqu\u00e8 els alumnes puguin jugar a l&#8217;exterior independentment de la situaci\u00f3 meteorol\u00f2gica. La Regidora d\u2019Educaci\u00f3, Maguy Antol\u00edn, ha explicat que la intenci\u00f3 \u00e9s que es pugui instal\u00b7lar durant el curs vinent.<\/p>\n<p><a href=\"http:\/\/bisbalpenedes.com\/web\/wp-content\/uploads\/2017\/07\/unnamed-4.jpg\"><img loading=\"lazy\" class=\"aligncenter size-medium wp-image-2809\" title=\"Maguy llar d'infants diplomes\" src=\"http:\/\/bisbalpenedes.com\/web\/wp-content\/uploads\/2017\/07\/unnamed-4-300x225.jpg\" alt=\"\" width=\"300\" height=\"225\" srcset=\"https:\/\/bisbalpenedes.com\/web\/wp-content\/uploads\/2017\/07\/unnamed-4-300x225.jpg 300w, https:\/\/bisbalpenedes.com\/web\/wp-content\/uploads\/2017\/07\/unnamed-4-600x450.jpg 600w, https:\/\/bisbalpenedes.com\/web\/wp-content\/uploads\/2017\/07\/unnamed-4-1024x768.jpg 1024w\" sizes=\"(max-width: 300px) 100vw, 300px\" \/><\/a><\/p>\n<h1><strong>CASTELLANO<\/strong><\/h1>\n<p>La Regidoria de Educaci\u00f3n ha hecho entrega esta semana de un nuevo lote de juguetes did\u00e1cticos para la Guarder\u00eda Municipal para que los ni\u00f1os y las ni\u00f1as puedan disfrutar jugando de una forma l\u00fadica y variada. Adem\u00e1s, se ha dotado el equipamiento municipal de un gran surtido de material escolar que ha sido seleccionado por las maestras de acuerdo con sus necesidades docentes.<\/p>\n<p>El curso 2016-2017 de la Guarder\u00eda Municipal finalizar\u00e1\u00a0el 26 de julio\u00a0con una fiesta de fin de curso que servir\u00e1 para poner fin al curso actual y entregar un diploma a los ni\u00f1os y ni\u00f1as que se despiden de sus primeres maestras y que, el curso que viene, pasaran a formar parte del alumnado de la Escola Ull de Vent.<\/p>\n<p>La Regidora de Educaci\u00f3, Maguy Antol\u00edn, ha destacado que \u201ceste ser\u00e1 un acto muy emotivo pero tambi\u00e9n ser\u00e1 divertido, ya que se contar\u00e1 con una animaci\u00f3n infantil que ir\u00e1 a cargo de la Payasa Tona\u201d.<\/p>\n<p><strong>NUEVO PROYECTO<\/strong><\/p>\n<p>La Regidoria de Educaci\u00f3n ha decidido contemplar un nuevo proyecto para la Guarder\u00eda Municipal que consistir\u00eda en constuir una gran cubierta en el patio para que los alumnos puedan jugar en el exterior independientemente de la situaci\u00f3n meteorol\u00f3gica. La Regidora de Educaci\u00f3n, Maguy Antol\u00edn, ha explicado que la intenci\u00f3n es que se pueda instalar durante el curso que viene.<\/p>\n","protected":false},"excerpt":{"rendered":"<p>CATAL\u00c0 La Regidoria d&#8217;Educaci\u00f3 ha fet entrega aquesta setmana d&#8217;un nou lot de joguines did\u00e0ctiques a la Llar d&#8217;Infants Municipal perqu\u00e8 el proper curs els nens i les nenes puguin &hellip; <a href=\"https:\/\/bisbalpenedes.com\/web\/2017\/07\/12\/la-regidoria-deducacio-ha-fet-entrega-de-joguines-didactiques-i-material-escolar-nou-a-la-llar-dinfants-municipal\/\" class=\"more-link\">Read More<\/a><\/p>\n","protected":false},"author":4,"featured_media":2808,"comment_status":"closed","ping_status":"closed","sticky":false,"template":"","format":"standard","meta":[],"categories":[16],"tags":[609,608,607,68,208,272,606],"_links":{"self":[{"href":"https:\/\/bisbalpenedes.com\/web\/wp-json\/wp\/v2\/posts\/2807"}],"collection":[{"href":"https:\/\/bisbalpenedes.com\/web\/wp-json\/wp\/v2\/posts"}],"about":[{"href":"https:\/\/bisbalpenedes.com\/web\/wp-json\/wp\/v2\/types\/post"}],"author":[{"embeddable":true,"href":"https:\/\/bisbalpenedes.com\/web\/wp-json\/wp\/v2\/users\/4"}],"replies":[{"embeddable":true,"href":"https:\/\/bisbalpenedes.com\/web\/wp-json\/wp\/v2\/comments?post=2807"}],"version-history":[{"count":2,"href":"https:\/\/bisbalpenedes.com\/web\/wp-json\/wp\/v2\/posts\/2807\/revisions"}],"predecessor-version":[{"id":2811,"href":"https:\/\/bisbalpenedes.com\/web\/wp-json\/wp\/v2\/posts\/2807\/revisions\/2811"}],"wp:featuredmedia":[{"embeddable":true,"href":"https:\/\/bisbalpenedes.com\/web\/wp-json\/wp\/v2\/media\/2808"}],"wp:attachment":[{"href":"https:\/\/bisbalpenedes.com\/web\/wp-json\/wp\/v2\/media?parent=2807"}],"wp:term":[{"taxonomy":"category","embeddable":true,"href":"https:\/\/bisbalpenedes.com\/web\/wp-json\/wp\/v2\/categories?post=2807"},{"taxonomy":"post_tag","embeddable":true,"href":"https:\/\/bisbalpenedes.com\/web\/wp-json\/wp\/v2\/tags?post=2807"}],"curies":[{"name":"wp","href":"https:\/\/api.w.org\/{rel}","templated":true}]}}