{"id":28067,"date":"2023-10-27T19:12:49","date_gmt":"2023-10-27T17:12:49","guid":{"rendered":"https:\/\/bisbalpenedes.com\/web\/?p=28067"},"modified":"2023-10-27T19:12:49","modified_gmt":"2023-10-27T17:12:49","slug":"a-partir-del-proper-dijous-2-de-novembre-podreu-visitar-lexposicio-el-rector-de-vallfogona-historia-i-mite-al-vestibul-de-la-biblioteca","status":"publish","type":"post","link":"https:\/\/bisbalpenedes.com\/web\/2023\/10\/27\/a-partir-del-proper-dijous-2-de-novembre-podreu-visitar-lexposicio-el-rector-de-vallfogona-historia-i-mite-al-vestibul-de-la-biblioteca\/","title":{"rendered":"A partir del proper dijous 2 de novembre podreu visitar l&#8217;exposici\u00f3 &#8220;El Rector de Vallfogona. Hist\u00f2ria i mite&#8221; al vest\u00edbul de la Biblioteca"},"content":{"rendered":"\n<p>A partir del proper dijous 2 de novembre podeu visitar l&#8217;exposici\u00f3 de petit format &#8220;El Rector de Vallfogona. Hist\u00f2ria i mite&#8221; al vest\u00edbul de la Biblioteca p\u00fablica de la Bisbal del Pened\u00e8s. L&#8217;exposici\u00f3 ha estat comissariada pel poeta Josep Pedrals i est\u00e0 dedicada a la vida i obra de Francesc Vicent Garcia, amb motiu dels actes del quatricentenari de la mort de l&#8217;escriptor. Paral\u00b7lelament, trobareu un petit expositor bibliogr\u00e0fic dedicat a la seva obra a l&#8217;interior de la biblioteca.<\/p>\n\n\n\n<p>\u2139M\u00e9s informaci\u00f3 sobre l&#8217;Any Rector de Vallfogona: <a href=\"https:\/\/cultura.gencat.cat\/ca\/temes\/commemoracions\/2023\/anyrectordevallfogona\/detalls\/noticia\/LAny-Rector-de-Vallfogona-mostrara-la-magnitud-de-lautor-400-anys-despres-de-la-seva-mort-00002\" target=\"_blank\" rel=\"noreferrer noopener\">https:\/\/cultura.gencat.cat\/ca\/temes\/commemoracions\/2023\/anyrectordevallfogona\/detalls\/noticia\/LAny-Rector-de-Vallfogona-mostrara-la-magnitud-de-lautor-400-anys-despres-de-la-seva-mort-00002<\/a><\/p>\n\n\n\n<hr class=\"wp-block-separator has-alpha-channel-opacity\"\/>\n\n\n\n<p><strong>CASTELLANO |\u00a0<\/strong>A partir del pr\u00f3ximo jueves 2 de noviembre pod\u00e9is visitar la exposici\u00f3n de peque\u00f1o formato &#8220;El Rector de Vallfogona. Hist\u00f2ria i mite&#8221; en el vest\u00edbulo de la Biblioteca p\u00fablica de la Bisbal del Pened\u00e8s. La exposici\u00f3n ha sido comisariada por el poeta Josep Pedrals y est\u00e1 dedicada a la vida y obra de Francesc Vicent Garcia, con motivo de los actos del cuatricentenario de la muerte del escritor. Paralelamente, encontrar\u00e9is un peque\u00f1o expositor bibliogr\u00e1fico dedicado a su obra en el interior de la biblioteca.<\/p>\n\n\n\n<p>\u2139M\u00e1s informaci\u00f3n sobre el A\u00f1o Rector de Vallfogona: <a href=\"https:\/\/cultura.gencat.cat\/ca\/temes\/commemoracions\/2023\/anyrectordevallfogona\/detalls\/noticia\/LAny-Rector-de-Vallfogona-mostrara-la-magnitud-de-lautor-400-anys-despres-de-la-seva-mort-00002\" target=\"_blank\" rel=\"noreferrer noopener\">https:\/\/cultura.gencat.cat\/ca\/temes\/commemoracions\/2023\/anyrectordevallfogona\/detalls\/noticia\/LAny-Rector-de-Vallfogona-mostrara-la-magnitud-de-lautor-400-anys-despres-de-la-seva-mort-00002<\/a><\/p>\n","protected":false},"excerpt":{"rendered":"<p>A partir del proper dijous 2 de novembre podeu visitar l&#8217;exposici\u00f3 de petit format &#8220;El Rector de Vallfogona. Hist\u00f2ria i mite&#8221; al vest\u00edbul de la Biblioteca p\u00fablica de la Bisbal &hellip; <a href=\"https:\/\/bisbalpenedes.com\/web\/2023\/10\/27\/a-partir-del-proper-dijous-2-de-novembre-podreu-visitar-lexposicio-el-rector-de-vallfogona-historia-i-mite-al-vestibul-de-la-biblioteca\/\" class=\"more-link\">Read More<\/a><\/p>\n","protected":false},"author":4,"featured_media":28057,"comment_status":"closed","ping_status":"closed","sticky":false,"template":"","format":"standard","meta":[],"categories":[2942,13,8],"tags":[6305,180,3001,86,393,6304],"_links":{"self":[{"href":"https:\/\/bisbalpenedes.com\/web\/wp-json\/wp\/v2\/posts\/28067"}],"collection":[{"href":"https:\/\/bisbalpenedes.com\/web\/wp-json\/wp\/v2\/posts"}],"about":[{"href":"https:\/\/bisbalpenedes.com\/web\/wp-json\/wp\/v2\/types\/post"}],"author":[{"embeddable":true,"href":"https:\/\/bisbalpenedes.com\/web\/wp-json\/wp\/v2\/users\/4"}],"replies":[{"embeddable":true,"href":"https:\/\/bisbalpenedes.com\/web\/wp-json\/wp\/v2\/comments?post=28067"}],"version-history":[{"count":1,"href":"https:\/\/bisbalpenedes.com\/web\/wp-json\/wp\/v2\/posts\/28067\/revisions"}],"predecessor-version":[{"id":28068,"href":"https:\/\/bisbalpenedes.com\/web\/wp-json\/wp\/v2\/posts\/28067\/revisions\/28068"}],"wp:featuredmedia":[{"embeddable":true,"href":"https:\/\/bisbalpenedes.com\/web\/wp-json\/wp\/v2\/media\/28057"}],"wp:attachment":[{"href":"https:\/\/bisbalpenedes.com\/web\/wp-json\/wp\/v2\/media?parent=28067"}],"wp:term":[{"taxonomy":"category","embeddable":true,"href":"https:\/\/bisbalpenedes.com\/web\/wp-json\/wp\/v2\/categories?post=28067"},{"taxonomy":"post_tag","embeddable":true,"href":"https:\/\/bisbalpenedes.com\/web\/wp-json\/wp\/v2\/tags?post=28067"}],"curies":[{"name":"wp","href":"https:\/\/api.w.org\/{rel}","templated":true}]}}