{"id":28061,"date":"2023-10-27T17:47:39","date_gmt":"2023-10-27T15:47:39","guid":{"rendered":"https:\/\/bisbalpenedes.com\/web\/?p=28061"},"modified":"2023-10-27T17:49:24","modified_gmt":"2023-10-27T15:49:24","slug":"una-jove-bisbalenca-ha-comencat-practiques-al-som-bisbal-gracies-al-conveni-amb-la-fundacio-inform","status":"publish","type":"post","link":"https:\/\/bisbalpenedes.com\/web\/2023\/10\/27\/una-jove-bisbalenca-ha-comencat-practiques-al-som-bisbal-gracies-al-conveni-amb-la-fundacio-inform\/","title":{"rendered":"Una jove bisbalenca ha comen\u00e7at pr\u00e0ctiques al SOM Bisbal gr\u00e0cies al conveni signat amb la fundaci\u00f3 INFORM"},"content":{"rendered":"\n<p>La bisbalenca Alina Cozariz fa pr\u00e0ctiques de tasques administratives al Servei d&#8217;Ocupaci\u00f3 Municipal des d&#8217;aquest dilluns 23 d&#8217;octubre, gr\u00e0cies al conveni de col\u00b7laboraci\u00f3 signat entre l&#8217;Ajuntament de la Bisbal del Pened\u00e8s i la Fundaci\u00f3 privada INFORM (institut per a la formaci\u00f3 de joves vers l&#8217;administraci\u00f3 d&#8217;empreses). El conveni, de 80 hores de pr\u00e0ctiques, es va aprovar mitjan\u00e7ant Decret d&#8217;alcaldia i forma part del programa per a la formaci\u00f3 pr\u00e0ctica en centres de treball reunits (programa SEFED).<\/p>\n\n\n\n<p>La fundaci\u00f3 privada INFORM \u00e9s una entitat dedicada a oferir serveis de formaci\u00f3 per facilitar la inserci\u00f3 laboral i la millora continua de diferents col\u00b7lectius. Des del 1987, aquesta fundaci\u00f3 lidera el programa SEFED (simulaci\u00f3 d&#8217;Empreses amb Finalitats Educatives) i un dels seus cursos est\u00e0 ubicat al Vendrell. El programa SEFED \u00e9s un curs de simulaci\u00f3 subvencionat pel <a href=\"https:\/\/inform.es\/es\/colaboracion-con-soc\/\">SOC<\/a> amb pr\u00f2rroga anual.<\/p>\n\n\n\n<hr class=\"wp-block-separator has-alpha-channel-opacity\"\/>\n\n\n\n<p><strong>CASTELLANO |<\/strong> La bisbalenca Alina Cozariz hace pr\u00e1cticas de tareas administrativas en el Servei d&#8217;Ocupaci\u00f3 Municipal desde este lunes 23 de octubre, gracias al convenio de colaboraci\u00f3n firmado entre el Ayuntamiento de la Bisbal del Pened\u00e8s y la Fundaci\u00f3n privada INFORM (instituto para la formaci\u00f3n de j\u00f3venes hacia la administraci\u00f3n de empresas). El convenio, de 80 horas de pr\u00e1cticas, se aprob\u00f3 mediante Decreto de alcald\u00eda y forma parte del programa para la formaci\u00f3n pr\u00e1ctica en centros de trabajo reunidos (programa SEFED).<\/p>\n\n\n\n<p>La fundaci\u00f3n privada INFORM es una entidad dedicada a ofrecer servicios de formaci\u00f3n para facilitar la inserci\u00f3n laboral y la mejora continua de distintos colectivos. Desde 1987 esta fundaci\u00f3n lidera el programa SEFED (simulaci\u00f3n de Empresas con Finalidades Educativas) y uno de sus cursos est\u00e1 ubicado en el Vendrell. El programa SEFED es un curso de simulaci\u00f3n subvencionado por el <a href=\"https:\/\/inform.es\/es\/colaboracion-con-soc\/\">SOC<\/a> con pr\u00f3rroga anual.<\/p>\n","protected":false},"excerpt":{"rendered":"<p>La bisbalenca Alina Cozariz fa pr\u00e0ctiques de tasques administratives al Servei d&#8217;Ocupaci\u00f3 Municipal des d&#8217;aquest dilluns 23 d&#8217;octubre, gr\u00e0cies al conveni de col\u00b7laboraci\u00f3 signat entre l&#8217;Ajuntament de la Bisbal del &hellip; <a href=\"https:\/\/bisbalpenedes.com\/web\/2023\/10\/27\/una-jove-bisbalenca-ha-comencat-practiques-al-som-bisbal-gracies-al-conveni-amb-la-fundacio-inform\/\" class=\"more-link\">Read More<\/a><\/p>\n","protected":false},"author":4,"featured_media":28062,"comment_status":"closed","ping_status":"closed","sticky":false,"template":"","format":"standard","meta":[],"categories":[8,9],"tags":[459,393,6303,263,271],"_links":{"self":[{"href":"https:\/\/bisbalpenedes.com\/web\/wp-json\/wp\/v2\/posts\/28061"}],"collection":[{"href":"https:\/\/bisbalpenedes.com\/web\/wp-json\/wp\/v2\/posts"}],"about":[{"href":"https:\/\/bisbalpenedes.com\/web\/wp-json\/wp\/v2\/types\/post"}],"author":[{"embeddable":true,"href":"https:\/\/bisbalpenedes.com\/web\/wp-json\/wp\/v2\/users\/4"}],"replies":[{"embeddable":true,"href":"https:\/\/bisbalpenedes.com\/web\/wp-json\/wp\/v2\/comments?post=28061"}],"version-history":[{"count":3,"href":"https:\/\/bisbalpenedes.com\/web\/wp-json\/wp\/v2\/posts\/28061\/revisions"}],"predecessor-version":[{"id":28065,"href":"https:\/\/bisbalpenedes.com\/web\/wp-json\/wp\/v2\/posts\/28061\/revisions\/28065"}],"wp:featuredmedia":[{"embeddable":true,"href":"https:\/\/bisbalpenedes.com\/web\/wp-json\/wp\/v2\/media\/28062"}],"wp:attachment":[{"href":"https:\/\/bisbalpenedes.com\/web\/wp-json\/wp\/v2\/media?parent=28061"}],"wp:term":[{"taxonomy":"category","embeddable":true,"href":"https:\/\/bisbalpenedes.com\/web\/wp-json\/wp\/v2\/categories?post=28061"},{"taxonomy":"post_tag","embeddable":true,"href":"https:\/\/bisbalpenedes.com\/web\/wp-json\/wp\/v2\/tags?post=28061"}],"curies":[{"name":"wp","href":"https:\/\/api.w.org\/{rel}","templated":true}]}}