{"id":28048,"date":"2023-10-30T12:45:56","date_gmt":"2023-10-30T10:45:56","guid":{"rendered":"https:\/\/bisbalpenedes.com\/web\/?p=28048"},"modified":"2023-10-30T12:48:25","modified_gmt":"2023-10-30T10:48:25","slug":"saprova-la-segona-ampliacio-de-termini-de-les-obres-de-la-fassina-fins-a-labril-de-2024","status":"publish","type":"post","link":"https:\/\/bisbalpenedes.com\/web\/2023\/10\/30\/saprova-la-segona-ampliacio-de-termini-de-les-obres-de-la-fassina-fins-a-labril-de-2024\/","title":{"rendered":"S&#8217;ha aprovat la segona ampliaci\u00f3 de termini de les obres de la Fassina fins a l&#8217;abril de 2024"},"content":{"rendered":"\n<p>La Junta de Govern del 26 d&#8217;octubre ha aprovat la segona ampliaci\u00f3 del termini de les obres de consolidaci\u00f3 i reforma de <em>la fassina<\/em>, la construcci\u00f3 de magatzem per a brigada i el local per a la colla castellera de la Bisbal del Pened\u00e8s. El termini finalitzava el divendres 27 d&#8217;octubre, despr\u00e9s de l&#8217;aprovaci\u00f3 de la primera pr\u00f2rroga a finals d&#8217;agost, i ara s&#8217;ha aprovat aquesta nova pr\u00f2rroga fins al 19 d&#8217;abril de 2024, responent a la petici\u00f3 de l&#8217;empresa adjudicat\u00e0ria de les obres. Segons l&#8217;empresa adjudicat\u00e0ria, la petici\u00f3 d&#8217;aquesta ampliaci\u00f3 del termini ve motivada pel fet que s&#8217;han de tornar a calcular i quantificar les tasques de refor\u00e7 i seguretat de la torre.<\/p>\n\n\n\n<p>Aquest punt de la Junta de Govern era un punt amb compet\u00e8ncies delegades del Ple. Per garantir la seva publicitat, hem publicat el v\u00eddeo al web. El podeu veure en aquest enlla\u00e7: <a href=\"https:\/\/actes.bisbalpenedes.com\/session\/sessionDetail\/8a8080848acca6ef018b6c2750570011?startAt=0.0&amp;endsAt=140.0\">https:\/\/actes.bisbalpenedes.com\/session\/sessionDetail\/8a8080848acca6ef018b6c2750570011?startAt=0.0&amp;endsAt=140.0<\/a><\/p>\n\n\n\n<hr class=\"wp-block-separator has-alpha-channel-opacity\"\/>\n\n\n\n<p><strong>CASTELLANO |<\/strong> La Junta de Gobierno del 26 de octubre ha aprobado la segunda ampliaci\u00f3n del plazo de las obras de consolidaci\u00f3n y reforma de la<em> fassina<\/em>, la construcci\u00f3n del almac\u00e9n para la brigada y el local para la colla <em><u>castellera<\/u><\/em> de la Bisbal del Pened\u00e8s. El plazo finalizaba el viernes 27 de octubre, despu\u00e9s de la aprobaci\u00f3n de la primera pr\u00f3rroga a finales de agosto, y ahora se ha aprobado esta nueva pr\u00f3rroga hasta el 19 de abril de 2024, respondiendo a la petici\u00f3n de la empresa adjudicataria de las obras. Seg\u00fan la empresa adjudicataria, la petici\u00f3n de esta ampliaci\u00f3n del plazo viene motivada por el hecho de que se han tenido que recalcular y cuantificar los trabajos de refuerzo y seguridad de la torre.<\/p>\n\n\n\n<p>Este punto de la Junta de Gobierno era un punto con competencias delegadas del Pleno. Para garantizar su publicidad, hemos publicado el v\u00eddeo en la web. Lo pod\u00e9is ver en este enlace:<\/p>\n\n\n\n<figure class=\"wp-block-embed\"><div class=\"wp-block-embed__wrapper\">\nhttps:\/\/actes.bisbalpenedes.com\/session\/sessionDetail\/8a8080848acca6ef018b6c2750570011?startAt=0.0&#038;endsAt=140.0\n<\/div><\/figure>\n","protected":false},"excerpt":{"rendered":"<p>La Junta de Govern del 26 d&#8217;octubre ha aprovat la segona ampliaci\u00f3 del termini de les obres de consolidaci\u00f3 i reforma de la fassina, la construcci\u00f3 de magatzem per a &hellip; <a href=\"https:\/\/bisbalpenedes.com\/web\/2023\/10\/30\/saprova-la-segona-ampliacio-de-termini-de-les-obres-de-la-fassina-fins-a-labril-de-2024\/\" class=\"more-link\">Read More<\/a><\/p>\n","protected":false},"author":4,"featured_media":12681,"comment_status":"closed","ping_status":"closed","sticky":false,"template":"","format":"standard","meta":[],"categories":[13,3085,8,2250,15],"tags":[686,393,3504,1249,21,1089,2014],"_links":{"self":[{"href":"https:\/\/bisbalpenedes.com\/web\/wp-json\/wp\/v2\/posts\/28048"}],"collection":[{"href":"https:\/\/bisbalpenedes.com\/web\/wp-json\/wp\/v2\/posts"}],"about":[{"href":"https:\/\/bisbalpenedes.com\/web\/wp-json\/wp\/v2\/types\/post"}],"author":[{"embeddable":true,"href":"https:\/\/bisbalpenedes.com\/web\/wp-json\/wp\/v2\/users\/4"}],"replies":[{"embeddable":true,"href":"https:\/\/bisbalpenedes.com\/web\/wp-json\/wp\/v2\/comments?post=28048"}],"version-history":[{"count":2,"href":"https:\/\/bisbalpenedes.com\/web\/wp-json\/wp\/v2\/posts\/28048\/revisions"}],"predecessor-version":[{"id":28069,"href":"https:\/\/bisbalpenedes.com\/web\/wp-json\/wp\/v2\/posts\/28048\/revisions\/28069"}],"wp:featuredmedia":[{"embeddable":true,"href":"https:\/\/bisbalpenedes.com\/web\/wp-json\/wp\/v2\/media\/12681"}],"wp:attachment":[{"href":"https:\/\/bisbalpenedes.com\/web\/wp-json\/wp\/v2\/media?parent=28048"}],"wp:term":[{"taxonomy":"category","embeddable":true,"href":"https:\/\/bisbalpenedes.com\/web\/wp-json\/wp\/v2\/categories?post=28048"},{"taxonomy":"post_tag","embeddable":true,"href":"https:\/\/bisbalpenedes.com\/web\/wp-json\/wp\/v2\/tags?post=28048"}],"curies":[{"name":"wp","href":"https:\/\/api.w.org\/{rel}","templated":true}]}}