{"id":28043,"date":"2023-10-27T12:30:55","date_gmt":"2023-10-27T10:30:55","guid":{"rendered":"https:\/\/bisbalpenedes.com\/web\/?p=28043"},"modified":"2023-10-27T12:30:55","modified_gmt":"2023-10-27T10:30:55","slug":"un-any-mes-la-regidoria-docupacio-ha-estat-present-en-el-9e-congres-crea-de-dones-dempresa","status":"publish","type":"post","link":"https:\/\/bisbalpenedes.com\/web\/2023\/10\/27\/un-any-mes-la-regidoria-docupacio-ha-estat-present-en-el-9e-congres-crea-de-dones-dempresa\/","title":{"rendered":"<strong>Un any m\u00e9s la Regidoria d&#8217;Ocupaci\u00f3 ha estat present en el 9\u00e8 Congr\u00e9s CREA de Dones d&#8217;Empresa<\/strong>"},"content":{"rendered":"\n<p>El passat divendres 20 d&#8217;octubre, l&#8217;alcaldessa de la Bisbal del Pened\u00e8s i responsable de l&#8217;\u00e0rea d&#8217;Ocupaci\u00f3, Agn\u00e8s Ferr\u00e9, va assistir al 9\u00e8 Congr\u00e9s CREA de Dones d&#8217;Empresa acompanyada de la primera tinent d&#8217;alcaldessa, Judith Vidal; i de la regidora d&#8217;Igualtat i Feminismes, Paqui Cepas. El congr\u00e9s es va celebrar a Vilanova i la Geltr\u00fa sota l&#8217;organitzaci\u00f3 de Dones d&#8217;Empresa i la FEGP i va fer un rep\u00e0s, mitjan\u00e7ant una trentena de pon\u00e8ncies, a les noves tend\u00e8ncies en operativa i estrat\u00e8gia empresarial. A m\u00e9s, l&#8217;esdeveniment tamb\u00e9 \u00e9s un espai d&#8217;inspiraci\u00f3 per a professionals, ja que moltes Dones expliquen com han constru\u00eft els seus somnis professionals.<\/p>\n\n\n\n<p>Dones d&#8217;empresa \u00e9s una sectorial de la Federaci\u00f3 d&#8217;Empresaris del Gran Pened\u00e8s que va n\u00e9ixer ara fa 15 anys. Des de fa 9 anys, organitza el Congr\u00e9s de Dones d&#8217;Empresa per donar visibilitat el paper de la dona en l&#8217;empresa i fer valdre totes aquelles iniciatives que sorgeixen fruit del talent femen\u00ed.<\/p>\n\n\n\n<p>Podeu llegir la cr\u00f2nica del 9\u00e8 Congr\u00e9s CREA de Dones d&#8217;Empresa, aqu\u00ed: <a href=\"https:\/\/fegp.cat\/el-9e-congres-crea-de-dones-dempresa-posa-laccent-en-el-mon-tecnologic-i-apella-a-laccio-en-les-diverses-conferencies-perque-les-assistents-no-deixin-a-la-ma-dels-grans-ho\/\">https:\/\/fegp.cat\/el-9e-congres-crea-de-dones-dempresa-posa-laccent-en-el-mon-tecnologic-i-apella-a-laccio-en-les-diverses-conferencies-perque-les-assistents-no-deixin-a-la-ma-dels-grans-ho\/<\/a><\/p>\n\n\n\n<hr class=\"wp-block-separator has-alpha-channel-opacity\"\/>\n\n\n\n<p><strong>CASTELLANO |<\/strong> El pasado viernes 20 de octubre, la alcaldesa de la Bisbal del Pened\u00e8s y responsable del \u00e1rea de Ocupaci\u00f3n, Agn\u00e8s Ferr\u00e9, asisti\u00f3 al 9\u00ba Congr\u00e9s CREA de Dones d&#8217;Empresa acompa\u00f1ada de la primera teniente de alcaldesa, Judith Vidal; y de la concejala de Igualdad y Feminismos, Paqui Cepas. El congreso se celebr\u00f3 en Vilanova i la Geltr\u00fa bajo la organizaci\u00f3n de Dones d&#8217;Empresa y la FEGP e hizo un repaso, a trav\u00e9s de una treintena de ponencias, a las nuevas tendencias en operativa y estrategia empresarial. Adem\u00e1s, el evento tambi\u00e9n es un espacio de inspiraci\u00f3n para profesionales, ya que muchas <em>DONES<\/em> explican c\u00f3mo han construido sus sue\u00f1os profesionales.<\/p>\n\n\n\n<p>Dones empresa es una sectorial de la Federaci\u00f3 d&#8217;empresaris del Gran Pened\u00e8s que naci\u00f3 ahora hace 15 a\u00f1os. Desde hace 9 a\u00f1os, organiza el Congr\u00e9s de Dones d&#8217;Empresa para visibilizar el papel de la mujer en la empresa y poner en valor todas aquellas iniciativas que surgen fruto del talento femenino.<\/p>\n\n\n\n<p>Pod\u00e9is leer la cr\u00f3nica del 9\u00ba Congreso CREA de Dones d&#8217;Empresa, aqu\u00ed: <a href=\"https:\/\/fegp.cat\/el-9e-congres-crea-de-dones-dempresa-posa-laccent-en-el-mon-tecnologic-i-apella-a-laccio-en-les-diverses-conferencies-perque-les-assistents-no-deixin-a-la-ma-dels-grans-ho\/\">https:\/\/fegp.cat\/el-9e-congres-crea-de-dones-dempresa-posa-laccent-en-el-mon-tecnologic-i-apella-a-laccio-en-les-diverses-conferencies-perque-les-assistents-no-deixin-a-la-ma-dels-grans-ho\/<\/a><\/p>\n","protected":false},"excerpt":{"rendered":"<p>El passat divendres 20 d&#8217;octubre, l&#8217;alcaldessa de la Bisbal del Pened\u00e8s i responsable de l&#8217;\u00e0rea d&#8217;Ocupaci\u00f3, Agn\u00e8s Ferr\u00e9, va assistir al 9\u00e8 Congr\u00e9s CREA de Dones d&#8217;Empresa acompanyada de la &hellip; <a href=\"https:\/\/bisbalpenedes.com\/web\/2023\/10\/27\/un-any-mes-la-regidoria-docupacio-ha-estat-present-en-el-9e-congres-crea-de-dones-dempresa\/\" class=\"more-link\">Read More<\/a><\/p>\n","protected":false},"author":4,"featured_media":28044,"comment_status":"closed","ping_status":"closed","sticky":false,"template":"","format":"standard","meta":[],"categories":[3822,8,9],"tags":[],"_links":{"self":[{"href":"https:\/\/bisbalpenedes.com\/web\/wp-json\/wp\/v2\/posts\/28043"}],"collection":[{"href":"https:\/\/bisbalpenedes.com\/web\/wp-json\/wp\/v2\/posts"}],"about":[{"href":"https:\/\/bisbalpenedes.com\/web\/wp-json\/wp\/v2\/types\/post"}],"author":[{"embeddable":true,"href":"https:\/\/bisbalpenedes.com\/web\/wp-json\/wp\/v2\/users\/4"}],"replies":[{"embeddable":true,"href":"https:\/\/bisbalpenedes.com\/web\/wp-json\/wp\/v2\/comments?post=28043"}],"version-history":[{"count":1,"href":"https:\/\/bisbalpenedes.com\/web\/wp-json\/wp\/v2\/posts\/28043\/revisions"}],"predecessor-version":[{"id":28045,"href":"https:\/\/bisbalpenedes.com\/web\/wp-json\/wp\/v2\/posts\/28043\/revisions\/28045"}],"wp:featuredmedia":[{"embeddable":true,"href":"https:\/\/bisbalpenedes.com\/web\/wp-json\/wp\/v2\/media\/28044"}],"wp:attachment":[{"href":"https:\/\/bisbalpenedes.com\/web\/wp-json\/wp\/v2\/media?parent=28043"}],"wp:term":[{"taxonomy":"category","embeddable":true,"href":"https:\/\/bisbalpenedes.com\/web\/wp-json\/wp\/v2\/categories?post=28043"},{"taxonomy":"post_tag","embeddable":true,"href":"https:\/\/bisbalpenedes.com\/web\/wp-json\/wp\/v2\/tags?post=28043"}],"curies":[{"name":"wp","href":"https:\/\/api.w.org\/{rel}","templated":true}]}}