{"id":28038,"date":"2023-10-27T10:56:02","date_gmt":"2023-10-27T08:56:02","guid":{"rendered":"https:\/\/bisbalpenedes.com\/web\/?p=28038"},"modified":"2023-10-27T11:02:10","modified_gmt":"2023-10-27T09:02:10","slug":"lajuntament-de-la-bisbal-del-penedes-sha-adjudicat-una-parcella-de-la-miralba-per-impagament-de-les-quotes-durbanitzacio","status":"publish","type":"post","link":"https:\/\/bisbalpenedes.com\/web\/2023\/10\/27\/lajuntament-de-la-bisbal-del-penedes-sha-adjudicat-una-parcella-de-la-miralba-per-impagament-de-les-quotes-durbanitzacio\/","title":{"rendered":"<strong>L&#8217;Ajuntament de la Bisbal del Pened\u00e8s s&#8217;ha adjudicat una parcel\u00b7la de la Miralba per impagament de les quotes d&#8217;urbanitzaci\u00f3<\/strong>"},"content":{"rendered":"\n<p><sup>*Imatge d&#8217;arxiu &#8211; Un carrer de la Miralba<\/sup><\/p>\n\n\n\n<p>La Junta de Govern del 26 d&#8217;octubre ha aprovat, a petici\u00f3 de la Regidoria d&#8217;Urbanisme, l&#8217;adjudicaci\u00f3 d&#8217;una parcel\u00b7la al carrer Magn\u00f2lia de la Miralba per impagament de les quotes d&#8217;urbanitzaci\u00f3.<\/p>\n\n\n\n<p>El febrer de 2008 es van aprovar les liquidacions i el pagament de les quotes urban\u00edstiques provisionals de les parcel\u00b7les resultants de la reparcel\u00b7laci\u00f3 de la Miralba. BASE va informar a l&#8217;Ajuntament de la Bisbal del Pened\u00e8s que una parcel\u00b7la del carrer Magn\u00f2lia -sense cap habitatge constru\u00eft- tenia deutes de les quotes d&#8217;urbanitzaci\u00f3 i que la subhasta p\u00fablica del b\u00e9 embargat havia quedat deserta. La parcel\u00b7la no t\u00e9 un propietari assignat, ja que els hereus no van acceptar l&#8217;her\u00e8ncia de la parcel\u00b7la. Per tot plegat, l&#8217;Ajuntament de la Bisbal del Pened\u00e8s s&#8217;ha adjudicat aquesta parcel\u00b7la per compensar el deute de les quotes d&#8217;urbanitzaci\u00f3.<\/p>\n\n\n\n<hr class=\"wp-block-separator has-alpha-channel-opacity\"\/>\n\n\n\n<p><strong>CASTELLANO |<\/strong> La Junta de Gobierno del 26 de octubre ha aprobado, a petici\u00f3n de la Concejal\u00eda de Urbanismo, la adjudicaci\u00f3n de una parcela en la calle Magn\u00f2lia de la Miralba por impago de las cuotas de urbanizaci\u00f3n.<\/p>\n\n\n\n<p>En febrero de 2008 se aprobaron las liquidaciones y el pago de las cuotas urban\u00edsticas provisionales de las parcelas resultantes de la reparcelaci\u00f3n de la Miralba. BASE inform\u00f3 al Ayuntamiento de la Bisbal del Pened\u00e8s de que una parcela de la calle Magn\u00f2lia -sin ninguna vivienda construida- ten\u00eda deudas de las cuotas de urbanizaci\u00f3n y que la subasta p\u00fablica del bien embargado hab\u00eda quedado desierta. La parcela no tiene un propietario asignado, ya que los herederos no aceptaron la herencia de la parcela. Por todo ello, el Ayuntamiento de la Bisbal del Pened\u00e8s se ha adjudicado esta parcela para compensar la deuda de las cuotas de urbanizaci\u00f3n.<\/p>\n\n\n\n<p><\/p>\n","protected":false},"excerpt":{"rendered":"<p>*Imatge d&#8217;arxiu &#8211; Un carrer de la Miralba La Junta de Govern del 26 d&#8217;octubre ha aprovat, a petici\u00f3 de la Regidoria d&#8217;Urbanisme, l&#8217;adjudicaci\u00f3 d&#8217;una parcel\u00b7la al carrer Magn\u00f2lia de &hellip; <a href=\"https:\/\/bisbalpenedes.com\/web\/2023\/10\/27\/lajuntament-de-la-bisbal-del-penedes-sha-adjudicat-una-parcella-de-la-miralba-per-impagament-de-les-quotes-durbanitzacio\/\" class=\"more-link\">Read More<\/a><\/p>\n","protected":false},"author":4,"featured_media":19350,"comment_status":"closed","ping_status":"closed","sticky":false,"template":"","format":"standard","meta":[],"categories":[8,15],"tags":[1358,459,393,246,2573],"_links":{"self":[{"href":"https:\/\/bisbalpenedes.com\/web\/wp-json\/wp\/v2\/posts\/28038"}],"collection":[{"href":"https:\/\/bisbalpenedes.com\/web\/wp-json\/wp\/v2\/posts"}],"about":[{"href":"https:\/\/bisbalpenedes.com\/web\/wp-json\/wp\/v2\/types\/post"}],"author":[{"embeddable":true,"href":"https:\/\/bisbalpenedes.com\/web\/wp-json\/wp\/v2\/users\/4"}],"replies":[{"embeddable":true,"href":"https:\/\/bisbalpenedes.com\/web\/wp-json\/wp\/v2\/comments?post=28038"}],"version-history":[{"count":1,"href":"https:\/\/bisbalpenedes.com\/web\/wp-json\/wp\/v2\/posts\/28038\/revisions"}],"predecessor-version":[{"id":28039,"href":"https:\/\/bisbalpenedes.com\/web\/wp-json\/wp\/v2\/posts\/28038\/revisions\/28039"}],"wp:featuredmedia":[{"embeddable":true,"href":"https:\/\/bisbalpenedes.com\/web\/wp-json\/wp\/v2\/media\/19350"}],"wp:attachment":[{"href":"https:\/\/bisbalpenedes.com\/web\/wp-json\/wp\/v2\/media?parent=28038"}],"wp:term":[{"taxonomy":"category","embeddable":true,"href":"https:\/\/bisbalpenedes.com\/web\/wp-json\/wp\/v2\/categories?post=28038"},{"taxonomy":"post_tag","embeddable":true,"href":"https:\/\/bisbalpenedes.com\/web\/wp-json\/wp\/v2\/tags?post=28038"}],"curies":[{"name":"wp","href":"https:\/\/api.w.org\/{rel}","templated":true}]}}