{"id":28036,"date":"2023-10-25T22:04:05","date_gmt":"2023-10-25T20:04:05","guid":{"rendered":"https:\/\/bisbalpenedes.com\/web\/?p=28036"},"modified":"2023-10-25T22:04:05","modified_gmt":"2023-10-25T20:04:05","slug":"la-junta-de-govern-ordinaria-davui-dijous-26-doctubre-ha-inclos-un-punt-per-urgencia","status":"publish","type":"post","link":"https:\/\/bisbalpenedes.com\/web\/2023\/10\/25\/la-junta-de-govern-ordinaria-davui-dijous-26-doctubre-ha-inclos-un-punt-per-urgencia\/","title":{"rendered":"La Junta de govern ordin\u00e0ria d\u2019avui dijous 26 d\u2019octubre ha incl\u00f2s un punt per urg\u00e8ncia"},"content":{"rendered":"\n<p>La Junta de govern ordin\u00e0ria d\u2019avui dijous 26 d\u2019octubre ha incl\u00f2s un punt, per urg\u00e8ncia, que \u00e9s compet\u00e8ncia del Ple delegada a la Junta de Govern. \u00c9s el seg\u00fcent:<\/p>\n\n\n\n<ul><li>L\u2019expedient 1965\/2023 de l\u2019aprovaci\u00f3 de modificaci\u00f3 del contracte de les obres de la Fase 1 del poliesportiu municipal per la inclusi\u00f3 de noves unitats d\u2019obra no previstes en el projecte o amb caracter\u00edstiques que difereixen de les fixades inicialment, per un total de 34.199,26\u20ac<\/li><\/ul>\n\n\n\n<p>L&#8217;ordre del dia cont\u00e9 dos punts m\u00e9s amb compet\u00e8ncia del Ple delegada a la Junta de Govern (veure publicaci\u00f3 anterior a eAgora). Les portes de la sala de Plens s&#8217;obriran a les 13:15h perqu\u00e8 el p\u00fablic pugui assistir a la votaci\u00f3 dels punts.<\/p>\n\n\n\n<hr class=\"wp-block-separator has-alpha-channel-opacity\"\/>\n\n\n\n<p><strong>CASTELLANO | <\/strong>La Junta de gobierno ordinaria de hoy jueves 26 de octubre ha incluido un punto, por urgencia, que es competencia del Pleno delegada a la Junta de Gobierno. Es el siguiente:<\/p>\n\n\n\n<ul><li>El expediente 1965\/2023 de la aprobaci\u00f3n de modificaci\u00f3n del contrato de las obras de la Fase 1 del polideportivo municipal para la inclusi\u00f3n de nuevas unidades de obra no previstas en el proyecto o con caracter\u00edsticas que difieren de las fijadas inicialmente, por un total de 34.199,26\u20ac<\/li><\/ul>\n\n\n\n<p>El orden del d\u00eda contiene dos puntos m\u00e1s con competencia del Pleno delegada a la Junta de Gobierno (ver publicaci\u00f3n anterior en eAgora). Las puertas de la sala de Plenos se abrir\u00e1n a las 13:15h para que el p\u00fablico pueda asistir a la votaci\u00f3n de los puntos.<\/p>\n","protected":false},"excerpt":{"rendered":"<p>La Junta de govern ordin\u00e0ria d\u2019avui dijous 26 d\u2019octubre ha incl\u00f2s un punt, per urg\u00e8ncia, que \u00e9s compet\u00e8ncia del Ple delegada a la Junta de Govern. \u00c9s el seg\u00fcent: L\u2019expedient &hellip; <a href=\"https:\/\/bisbalpenedes.com\/web\/2023\/10\/25\/la-junta-de-govern-ordinaria-davui-dijous-26-doctubre-ha-inclos-un-punt-per-urgencia\/\" class=\"more-link\">Read More<\/a><\/p>\n","protected":false},"author":4,"featured_media":27130,"comment_status":"closed","ping_status":"closed","sticky":false,"template":"","format":"standard","meta":[],"categories":[3085,8,2250],"tags":[459,686,6292,393,3779],"_links":{"self":[{"href":"https:\/\/bisbalpenedes.com\/web\/wp-json\/wp\/v2\/posts\/28036"}],"collection":[{"href":"https:\/\/bisbalpenedes.com\/web\/wp-json\/wp\/v2\/posts"}],"about":[{"href":"https:\/\/bisbalpenedes.com\/web\/wp-json\/wp\/v2\/types\/post"}],"author":[{"embeddable":true,"href":"https:\/\/bisbalpenedes.com\/web\/wp-json\/wp\/v2\/users\/4"}],"replies":[{"embeddable":true,"href":"https:\/\/bisbalpenedes.com\/web\/wp-json\/wp\/v2\/comments?post=28036"}],"version-history":[{"count":1,"href":"https:\/\/bisbalpenedes.com\/web\/wp-json\/wp\/v2\/posts\/28036\/revisions"}],"predecessor-version":[{"id":28037,"href":"https:\/\/bisbalpenedes.com\/web\/wp-json\/wp\/v2\/posts\/28036\/revisions\/28037"}],"wp:featuredmedia":[{"embeddable":true,"href":"https:\/\/bisbalpenedes.com\/web\/wp-json\/wp\/v2\/media\/27130"}],"wp:attachment":[{"href":"https:\/\/bisbalpenedes.com\/web\/wp-json\/wp\/v2\/media?parent=28036"}],"wp:term":[{"taxonomy":"category","embeddable":true,"href":"https:\/\/bisbalpenedes.com\/web\/wp-json\/wp\/v2\/categories?post=28036"},{"taxonomy":"post_tag","embeddable":true,"href":"https:\/\/bisbalpenedes.com\/web\/wp-json\/wp\/v2\/tags?post=28036"}],"curies":[{"name":"wp","href":"https:\/\/api.w.org\/{rel}","templated":true}]}}