{"id":28033,"date":"2023-10-25T12:31:16","date_gmt":"2023-10-25T10:31:16","guid":{"rendered":"https:\/\/bisbalpenedes.com\/web\/?p=28033"},"modified":"2023-10-25T12:31:16","modified_gmt":"2023-10-25T10:31:16","slug":"el-dimarts-31-doctubre-a-les-18h-podreu-gaudir-del-conte-amb-titelles-plou-i-fa-dol-a-la-biblioteca","status":"publish","type":"post","link":"https:\/\/bisbalpenedes.com\/web\/2023\/10\/25\/el-dimarts-31-doctubre-a-les-18h-podreu-gaudir-del-conte-amb-titelles-plou-i-fa-dol-a-la-biblioteca\/","title":{"rendered":"El dimarts 31 d&#8217;octubre a les 18h podreu gaudir del conte amb titelles &#8220;Plou i fa dol&#8221; a la Biblioteca"},"content":{"rendered":"\n<p>El dimarts 31 d&#8217;octubre, a les 18h, torna la sessi\u00f3 mensual de conte a la Biblioteca p\u00fablica de la m\u00e0 del conte Plou i fa dol, d&#8217;Ada\u00a0Cusid\u00f3. Un conte de titelles que parla del dol en els infants.<\/p>\n\n\n\n<p><em>&#8220;Sembla que tot, un dia o altre, s&#8217;acaba. S&#8217;acaben les galetes de l&#8217;\u00e0via de tan bones com s\u00f3n, s&#8217;acaba la pluja d&#8217;un dia de tempesta d&#8217;estiu, s&#8217;acaben els llibres emocionants, s&#8217;acaben les col\u00b7leccions de cromos&#8230; La vida&#8230; tamb\u00e9 s&#8217;acaba. Per\u00f2 la vida \u00e9s vida i est\u00e0 farcida d&#8217;experi\u00e8ncies que sempre es recordaran encara que un dia deixem de ser-hi&#8221;.<\/em><\/p>\n\n\n\n<hr class=\"wp-block-separator has-alpha-channel-opacity\"\/>\n\n\n\n<p>El martes 31 de octubre, a las 18h, vuelve la sesi\u00f3n mensual del cuento a la Biblioteca p\u00fablica de la mano del cuento Plou i fa dol, de Ada Cusid\u00f3. Un cuento de t\u00edteres que habla del duelo en los ni\u00f1os.<\/p>\n\n\n\n<p><em>&#8220;Parece que todo, un d\u00eda u otro, se termina. Se terminan las galletas de la abuela de tan buenas como son, se termina la lluvia de un d\u00eda de tormenta de verano, se terminan los libros emocionantes, se terminan las colecciones de cromos&#8230; La vida&#8230; tambi\u00e9n se termina. Pero, la vida es vida y est\u00e1 llena de experiencias que siempre se recordar\u00e1n aunque un d\u00eda dejemos de estar aqu\u00ed&#8221; <\/em>(traducci\u00f3n).<\/p>\n","protected":false},"excerpt":{"rendered":"<p>El dimarts 31 d&#8217;octubre, a les 18h, torna la sessi\u00f3 mensual de conte a la Biblioteca p\u00fablica de la m\u00e0 del conte Plou i fa dol, d&#8217;Ada\u00a0Cusid\u00f3. Un conte de &hellip; <a href=\"https:\/\/bisbalpenedes.com\/web\/2023\/10\/25\/el-dimarts-31-doctubre-a-les-18h-podreu-gaudir-del-conte-amb-titelles-plou-i-fa-dol-a-la-biblioteca\/\" class=\"more-link\">Read More<\/a><\/p>\n","protected":false},"author":4,"featured_media":28030,"comment_status":"closed","ping_status":"closed","sticky":false,"template":"","format":"standard","meta":[],"categories":[2942,13,8],"tags":[6291,459,180,393,1374,6290],"_links":{"self":[{"href":"https:\/\/bisbalpenedes.com\/web\/wp-json\/wp\/v2\/posts\/28033"}],"collection":[{"href":"https:\/\/bisbalpenedes.com\/web\/wp-json\/wp\/v2\/posts"}],"about":[{"href":"https:\/\/bisbalpenedes.com\/web\/wp-json\/wp\/v2\/types\/post"}],"author":[{"embeddable":true,"href":"https:\/\/bisbalpenedes.com\/web\/wp-json\/wp\/v2\/users\/4"}],"replies":[{"embeddable":true,"href":"https:\/\/bisbalpenedes.com\/web\/wp-json\/wp\/v2\/comments?post=28033"}],"version-history":[{"count":1,"href":"https:\/\/bisbalpenedes.com\/web\/wp-json\/wp\/v2\/posts\/28033\/revisions"}],"predecessor-version":[{"id":28034,"href":"https:\/\/bisbalpenedes.com\/web\/wp-json\/wp\/v2\/posts\/28033\/revisions\/28034"}],"wp:featuredmedia":[{"embeddable":true,"href":"https:\/\/bisbalpenedes.com\/web\/wp-json\/wp\/v2\/media\/28030"}],"wp:attachment":[{"href":"https:\/\/bisbalpenedes.com\/web\/wp-json\/wp\/v2\/media?parent=28033"}],"wp:term":[{"taxonomy":"category","embeddable":true,"href":"https:\/\/bisbalpenedes.com\/web\/wp-json\/wp\/v2\/categories?post=28033"},{"taxonomy":"post_tag","embeddable":true,"href":"https:\/\/bisbalpenedes.com\/web\/wp-json\/wp\/v2\/tags?post=28033"}],"curies":[{"name":"wp","href":"https:\/\/api.w.org\/{rel}","templated":true}]}}