{"id":28028,"date":"2023-10-25T12:21:02","date_gmt":"2023-10-25T10:21:02","guid":{"rendered":"https:\/\/bisbalpenedes.com\/web\/?p=28028"},"modified":"2023-10-25T12:21:02","modified_gmt":"2023-10-25T10:21:02","slug":"sha-convocat-la-junta-de-govern-ordinaria-per-al-dijous-26-doctubre-lordre-del-dia-conte-dos-punts-amb-competencia-del-ple-delegada-a-la-junta-de-govern","status":"publish","type":"post","link":"https:\/\/bisbalpenedes.com\/web\/2023\/10\/25\/sha-convocat-la-junta-de-govern-ordinaria-per-al-dijous-26-doctubre-lordre-del-dia-conte-dos-punts-amb-competencia-del-ple-delegada-a-la-junta-de-govern\/","title":{"rendered":"S&#8217;ha convocat la Junta de Govern ordin\u00e0ria per al dijous 26 d&#8217;octubre &#8211; L&#8217;ordre del dia cont\u00e9 dos punts amb compet\u00e8ncia del Ple delegada a la Junta de Govern"},"content":{"rendered":"\n<p>S\u2019ha convocat la Junta de Govern ordin\u00e0ria per al dijous 26 d\u2019octubre. En principi estava prevista per al 30 d\u2019octubre, per\u00f2 s\u2019ha avan\u00e7at uns dies perqu\u00e8 un dels punts a aprovar t\u00e9 un termini que finalitza i s\u2019havia d\u2019elevar a la Junta de Govern abans del 30 d\u2019octubre.\u00a0<\/p>\n\n\n\n<p>Dues de les propostes de l\u2019ordre del dia s\u00f3n amb compet\u00e8ncia del Ple delegada a la Junta de Govern, segons l\u2019acord plenari del 6 de juliol de 2023:<\/p>\n\n\n\n<ul><li> L&#8217;expedient 1259\/2022 Segona ampliaci\u00f3 del termini de les obres de la Fassina, fins al 19 d&#8217;abril<\/li><li> L&#8217;expedient 206\/2023 de la certificaci\u00f3 n\u00fam. 9 de les obres de la Fase 1 del poliesportiu municipal<\/li><\/ul>\n\n\n\n<p>Les sessions de la Junta de Govern local no s\u00f3n p\u00fabliques, per\u00f2 quan actua amb compet\u00e8ncies delegades del ple la sessi\u00f3 se sotmet als mateixos requisits de publicitat que les sessions del ple, que s\u00f3n p\u00fabliques. Aix\u00ed ho va declarar la STS 161\/2013, de 26 de setembre. Per aquest motiu, les portes de la sala de plens s\u2019obriran a les 13:15h perqu\u00e8 hi pugui assistir p\u00fablic. Tamb\u00e9 es gravar\u00e0 aquest punt de l\u2019ordre del dia i, posteriorment, ser\u00e0 publicat per garantir la seva publicitat.&nbsp;<\/p>\n\n\n\n<hr class=\"wp-block-separator has-alpha-channel-opacity\"\/>\n\n\n\n<p><strong>CASTELLANO | <\/strong>Se ha convocado la Junta de Gobierno ordinaria para el jueves 26 de octubre. En principio estaba prevista para el 30 de octubre, pero se ha adelantado unos d\u00edas porque uno de los puntos a aprobar tiene un plazo que finaliza y se ten\u00eda que elevar a la Junta de Gobierno antes del 30 de octubre.\u00a0<\/p>\n\n\n\n<p>Dos de las propuestas del orden del d\u00eda son con competencia del Pleno delegada a la Junta de Gobierno, seg\u00fan el acuerdo plenario del 6 de julio de 2023:<\/p>\n\n\n\n<ul><li>El expediente 1259\/2022 Segunda ampliaci\u00f3n del plazo de las obras de la \u2018Fassina\u2019, hasta el 19 de abril<\/li><li>El expediente 206\/2023 de la certificaci\u00f3n n\u00fam. 9 de las obras de la Fase 1 del polideportivo municipal<\/li><\/ul>\n\n\n\n<p>Las sesiones de la Junta de Gobierno local no son p\u00fablicas, pero cuando act\u00faa con competencias delegadas del pleno la sesi\u00f3n se somete a los mismos requisitos de publicidad que las sesiones del pleno, que son p\u00fablicas. As\u00ed lo declar\u00f3 la STS 161\/2013, de 26 de septiembre. Por este motivo, las puertas de la sala de plenos se abrir\u00e1n a las 13:15h para que pueda asistir p\u00fablico. Tambi\u00e9n se grabar\u00e1 este punto del orden del d\u00eda y, posteriormente, ser\u00e1 publicado para garantizar su publicidad.<\/p>\n","protected":false},"excerpt":{"rendered":"<p>S\u2019ha convocat la Junta de Govern ordin\u00e0ria per al dijous 26 d\u2019octubre. En principi estava prevista per al 30 d\u2019octubre, per\u00f2 s\u2019ha avan\u00e7at uns dies perqu\u00e8 un dels punts a &hellip; <a href=\"https:\/\/bisbalpenedes.com\/web\/2023\/10\/25\/sha-convocat-la-junta-de-govern-ordinaria-per-al-dijous-26-doctubre-lordre-del-dia-conte-dos-punts-amb-competencia-del-ple-delegada-a-la-junta-de-govern\/\" class=\"more-link\">Read More<\/a><\/p>\n","protected":false},"author":4,"featured_media":27130,"comment_status":"closed","ping_status":"closed","sticky":false,"template":"","format":"standard","meta":[],"categories":[3085,8,2250],"tags":[459,686,393,3504,3779,483],"_links":{"self":[{"href":"https:\/\/bisbalpenedes.com\/web\/wp-json\/wp\/v2\/posts\/28028"}],"collection":[{"href":"https:\/\/bisbalpenedes.com\/web\/wp-json\/wp\/v2\/posts"}],"about":[{"href":"https:\/\/bisbalpenedes.com\/web\/wp-json\/wp\/v2\/types\/post"}],"author":[{"embeddable":true,"href":"https:\/\/bisbalpenedes.com\/web\/wp-json\/wp\/v2\/users\/4"}],"replies":[{"embeddable":true,"href":"https:\/\/bisbalpenedes.com\/web\/wp-json\/wp\/v2\/comments?post=28028"}],"version-history":[{"count":1,"href":"https:\/\/bisbalpenedes.com\/web\/wp-json\/wp\/v2\/posts\/28028\/revisions"}],"predecessor-version":[{"id":28029,"href":"https:\/\/bisbalpenedes.com\/web\/wp-json\/wp\/v2\/posts\/28028\/revisions\/28029"}],"wp:featuredmedia":[{"embeddable":true,"href":"https:\/\/bisbalpenedes.com\/web\/wp-json\/wp\/v2\/media\/27130"}],"wp:attachment":[{"href":"https:\/\/bisbalpenedes.com\/web\/wp-json\/wp\/v2\/media?parent=28028"}],"wp:term":[{"taxonomy":"category","embeddable":true,"href":"https:\/\/bisbalpenedes.com\/web\/wp-json\/wp\/v2\/categories?post=28028"},{"taxonomy":"post_tag","embeddable":true,"href":"https:\/\/bisbalpenedes.com\/web\/wp-json\/wp\/v2\/tags?post=28028"}],"curies":[{"name":"wp","href":"https:\/\/api.w.org\/{rel}","templated":true}]}}