{"id":28023,"date":"2023-10-25T12:01:51","date_gmt":"2023-10-25T10:01:51","guid":{"rendered":"https:\/\/bisbalpenedes.com\/web\/?p=28023"},"modified":"2023-10-25T12:04:54","modified_gmt":"2023-10-25T10:04:54","slug":"el-dissabte-28-doctubre-torna-el-cicle-gaudi-amb-la-pellicula-las-buenas-companias","status":"publish","type":"post","link":"https:\/\/bisbalpenedes.com\/web\/2023\/10\/25\/el-dissabte-28-doctubre-torna-el-cicle-gaudi-amb-la-pellicula-las-buenas-companias\/","title":{"rendered":"El dissabte 28 d&#8217;octubre el CMC acollir\u00e0 la projecci\u00f3 de la pel\u00b7l\u00edcula \u201cLas buenas compa\u00f1\u00edas\u201d del Cicle Gaud\u00ed"},"content":{"rendered":"\n<p>El dissabte 28 d&#8217;octubre, a les 18h, l\u2019Auditori Salb\u00e0 del CMC acollir\u00e0 la projecci\u00f3 del film \u201cLas buenas compa\u00f1\u00edas\u201d del Cicle Gaud\u00ed.<\/p>\n\n\n\n<p><strong>FITXA T\u00c8CNICA<\/strong><\/p>\n\n\n\n<p><span style=\"text-decoration: underline;\">Direcci\u00f3:<\/span> S\u00edlvia Munt<\/p>\n\n\n\n<p><span style=\"text-decoration: underline;\">Gui\u00f3:<\/span> S\u00edlvia Munt i Jorge Gil Munarriz<\/p>\n\n\n\n<p><span style=\"text-decoration: underline;\">Productora:<\/span> En la Frontera Pel\u00edcula, Irusoin, Oberon Media amb la coproducci\u00f3 de Manny Films, La Fid\u00e8le Production (Fran\u00e7a)<\/p>\n\n\n\n<p><span style=\"text-decoration: underline;\">Estrena:<\/span> Maig 2023<\/p>\n\n\n\n<p><span style=\"text-decoration: underline;\">Durada:<\/span> 94 min.<\/p>\n\n\n\n<p><span style=\"text-decoration: underline;\">G\u00e8nere:<\/span> Drama hist\u00f2ric<\/p>\n\n\n\n<p><span style=\"text-decoration: underline;\">Versi\u00f3<\/span>: Original en castell\u00e0<\/p>\n\n\n\n<p><span style=\"text-decoration: underline;\">Int\u00e8rprets:<\/span> Alicia Falc\u00f3, Elena Tarrats, Itziar Itu\u00f1o, Ainhora Santamar\u00eda, Mar\u00eda Cerezuela, Nagore Cenizo Arroyo, Haren de Lucas, Sara Barroeta, Mikel Laskurain, Iv\u00e1n Massagu\u00e9, Mikel Tello, Miguel Garc\u00e9s, Itziar Aizpuru, garazi Urkola.<\/p>\n\n\n\n<p><strong>SINOPSI<\/strong><\/p>\n\n\n\n<p>L&#8217;estiu de 1977 la Bea, amb setze anys, decideix unir-se al grup de dones de Renter\u00eda que lluita per visibilitzar la causa feminista i aconseguir l&#8217;aprovaci\u00f3 del dret a l&#8217;avortament. A mesura que passen els mesos teixir\u00e0 una amistat molt especial amb la Miren, una noia una mica m\u00e9s gran que ella, i de bona fam\u00edlia. El comprom\u00eds pol\u00edtic i la relaci\u00f3 amb la Miren convertiran aquell estiu en una etapa que marcar\u00e0 un abans i un despr\u00e9s a la vida de la Bea. <\/p>\n\n\n\n<figure class=\"wp-block-embed is-type-video is-provider-youtube wp-block-embed-youtube wp-embed-aspect-16-9 wp-has-aspect-ratio\"><div class=\"wp-block-embed__wrapper\">\n<iframe loading=\"lazy\" title=\"Cicle Gaud\u00ed: &quot;Las buenas compan\u00edas&quot;\" width=\"1170\" height=\"658\" src=\"https:\/\/www.youtube.com\/embed\/NQUS3tnWPKc?feature=oembed\" frameborder=\"0\" allow=\"accelerometer; autoplay; clipboard-write; encrypted-media; gyroscope; picture-in-picture; web-share\" allowfullscreen><\/iframe>\n<\/div><\/figure>\n\n\n\n<p>Com \u00e9s habitual, el preu de l\u2019entrada ser\u00e0 de 4,5\u20ac (general) i 3\u20ac per als espectadors que presentin el carnet de la Biblioteca p\u00fablica de la Bisbal del Pened\u00e8s. Els beneficis es destinaran a l\u2019entitat que gestioni la taquilla abans de la projecci\u00f3 (es fa un sorteig entre les entitats que volen fer aquesta tasca), en aquest cas Senderistes Bisbalencs.<\/p>\n\n\n\n<hr class=\"wp-block-separator has-alpha-channel-opacity\"\/>\n\n\n\n<p><strong>CASTELLANO | <\/strong>El s\u00e1bado 28 de octubre, a las 18h, el Auditori Salb\u00e0 del CMC acoger\u00e1 la proyecci\u00f3n del film &#8220;Las buenas compa\u00f1\u00edas&#8221; del Cicle Gaud\u00ed. <\/p>\n\n\n\n<p><strong>FICHA T\u00c9CNICA<\/strong><\/p>\n\n\n\n<p><span style=\"text-decoration: underline;\">Direcci\u00f3n:<\/span> S\u00edlvia Munt<\/p>\n\n\n\n<p><span style=\"text-decoration: underline;\">Gui\u00f3n:<\/span> S\u00edlvia Munt y Jorge Gil Munarriz<\/p>\n\n\n\n<p><span style=\"text-decoration: underline;\">Productora:<\/span> En la Frontera Pel\u00edcula, Irusoin, Oberon Media con la coproducci\u00f3n de Manny Films, La Fid\u00e8le Production (Fran\u00e7a)<\/p>\n\n\n\n<p><span style=\"text-decoration: underline;\">Estreno:<\/span> Mayo 2023<\/p>\n\n\n\n<p><span style=\"text-decoration: underline;\">Duraci\u00f3n:<\/span> 94 min<\/p>\n\n\n\n<p><span style=\"text-decoration: underline;\">G\u00e9nero:<\/span> Drama hist\u00f3rico<\/p>\n\n\n\n<p><span style=\"text-decoration: underline;\">Versi\u00f3n:<\/span> Original en castellano<\/p>\n\n\n\n<p><span style=\"text-decoration: underline;\">Int\u00e9rpretes:<\/span> Alicia Falc\u00f3, Elena Tarrats, Itziar Itu\u00f1o, Ainhora Santamar\u00eda, Mar\u00eda Cerezuela, Nagore Cenizo Arroyo, Haren de Lucas, Sara Barroeta, Mikel Laskurain, Iv\u00e1n Massagu\u00e9, Mikel Tello, Miguel Garc\u00e9s, Itziar Aizpuru, garazi Urkola.<\/p>\n\n\n\n<p><strong>SINOPSIS<\/strong><\/p>\n\n\n\n<p>El verano del 1977 Bea, con diecis\u00e9is a\u00f1os, decide unirse al grupo de mujeres de Renter\u00eda que lucha por visibilizar la causa feminista y conseguir la aprobaci\u00f3n del derecho del aborto. A medida que pasan los meses tejer\u00e1 una amistad muy especial con Miren, una chica un poco mayor que ella, y de buena familia. El compromiso pol\u00edtico y la relaci\u00f3n con Miren convertir\u00e1n aquel verano en una etapa que marcar\u00e1 un antes y un despu\u00e9s en la vida de Bea. <\/p>\n\n\n\n<p>Como es habitual, el precio de la entrada ser\u00e1 de 4,5\u20ac (general) y 3\u20ac para los espectadores que presenten el carn\u00e9 de la Biblioteca p\u00fablica de la Bisbal del Pened\u00e8s. Los beneficios se destinar\u00e1n a la entidad que gestione la taquilla antes de la proyecci\u00f3n (se hace un sorteo entre las entidades que quieren hacer esta tarea), en este caso Senderistes Bisbalencs.<\/p>\n","protected":false},"excerpt":{"rendered":"<p>El dissabte 28 d&#8217;octubre, a les 18h, l\u2019Auditori Salb\u00e0 del CMC acollir\u00e0 la projecci\u00f3 del film \u201cLas buenas compa\u00f1\u00edas\u201d del Cicle Gaud\u00ed. FITXA T\u00c8CNICA Direcci\u00f3: S\u00edlvia Munt Gui\u00f3: S\u00edlvia Munt &hellip; <a href=\"https:\/\/bisbalpenedes.com\/web\/2023\/10\/25\/el-dissabte-28-doctubre-torna-el-cicle-gaudi-amb-la-pellicula-las-buenas-companias\/\" class=\"more-link\">Read More<\/a><\/p>\n","protected":false},"author":4,"featured_media":28024,"comment_status":"closed","ping_status":"closed","sticky":false,"template":"","format":"standard","meta":[],"categories":[2942,13,8],"tags":[459,308,307,393,6289,771,6288],"_links":{"self":[{"href":"https:\/\/bisbalpenedes.com\/web\/wp-json\/wp\/v2\/posts\/28023"}],"collection":[{"href":"https:\/\/bisbalpenedes.com\/web\/wp-json\/wp\/v2\/posts"}],"about":[{"href":"https:\/\/bisbalpenedes.com\/web\/wp-json\/wp\/v2\/types\/post"}],"author":[{"embeddable":true,"href":"https:\/\/bisbalpenedes.com\/web\/wp-json\/wp\/v2\/users\/4"}],"replies":[{"embeddable":true,"href":"https:\/\/bisbalpenedes.com\/web\/wp-json\/wp\/v2\/comments?post=28023"}],"version-history":[{"count":3,"href":"https:\/\/bisbalpenedes.com\/web\/wp-json\/wp\/v2\/posts\/28023\/revisions"}],"predecessor-version":[{"id":28027,"href":"https:\/\/bisbalpenedes.com\/web\/wp-json\/wp\/v2\/posts\/28023\/revisions\/28027"}],"wp:featuredmedia":[{"embeddable":true,"href":"https:\/\/bisbalpenedes.com\/web\/wp-json\/wp\/v2\/media\/28024"}],"wp:attachment":[{"href":"https:\/\/bisbalpenedes.com\/web\/wp-json\/wp\/v2\/media?parent=28023"}],"wp:term":[{"taxonomy":"category","embeddable":true,"href":"https:\/\/bisbalpenedes.com\/web\/wp-json\/wp\/v2\/categories?post=28023"},{"taxonomy":"post_tag","embeddable":true,"href":"https:\/\/bisbalpenedes.com\/web\/wp-json\/wp\/v2\/tags?post=28023"}],"curies":[{"name":"wp","href":"https:\/\/api.w.org\/{rel}","templated":true}]}}