{"id":28018,"date":"2023-10-24T20:15:22","date_gmt":"2023-10-24T18:15:22","guid":{"rendered":"https:\/\/bisbalpenedes.com\/web\/?p=28018"},"modified":"2023-10-24T20:15:22","modified_gmt":"2023-10-24T18:15:22","slug":"el-rebost-solidari-ha-rebut-de-la-ue-un-nou-lot-de-productes-del-programa-dajuda-alimentaria-per-a-les-persones-mes-desafavorides","status":"publish","type":"post","link":"https:\/\/bisbalpenedes.com\/web\/2023\/10\/24\/el-rebost-solidari-ha-rebut-de-la-ue-un-nou-lot-de-productes-del-programa-dajuda-alimentaria-per-a-les-persones-mes-desafavorides\/","title":{"rendered":"El Rebost Solidari ha rebut -de la UE- un nou lot de productes del programa d&#8217;ajuda aliment\u00e0ria per a les persones m\u00e9s desafavorides"},"content":{"rendered":"\n<p>Avui el Rebost Solidari ha rebut, per part de la UE, els aliments de la segona fase del 2023 del programa d\u2019ajuda aliment\u00e0ria per a les persones m\u00e9s desfavorides. L\u2019entrega contenia arr\u00f2s, pasta aliment\u00e0ria, tonyina, carn magra, llegums, tom\u00e0quet fregit, verdura i fruita en conserva, galetes i cacau.<\/p>\n\n\n\n<p>Si voleu col\u00b7laborar amb el Rebost Solidari, podeu fer entrega de llet o oli, ja que no s\u2019han rebut aquests productes.<\/p>\n\n\n\n<p>El regidor de Benestar Social, Joan Gimeno, ha agra\u00eft la tasca altruista del Toni, la Puri i l\u2019Assumpci\u00f3, els voluntaris que ajuden al servei i fan possible que l\u2019ajuntament pugui repartir els aliments entre les fam\u00edlies m\u00e9s desafavorides del municipi. Tamb\u00e9 ha mostrat el seu agra\u00efment a la feina de la Brigada Municipal, que ha col\u00b7laborat amb la desc\u00e0rrega i organitzaci\u00f3 del magatzem.<\/p>\n\n\n\n<figure class=\"wp-block-image\"><img alt=\"\"\/><\/figure>\n\n\n\n<hr class=\"wp-block-separator has-alpha-channel-opacity\"\/>\n\n\n\n<p>Hoy el Rebost Solidari ha recibido, por parte de la UE, los alimentos de la segunda fase del 2023 del programa de ayuda alimenticia para las personas m\u00e1s desfavorecidas. La entrega conten\u00eda arroz, pasta alimenticia, at\u00fan, carne magra, legumbres, tomate frito, verdura y fruta en conserva, galletas y cacao.<\/p>\n\n\n\n<p>Si quer\u00e9is colaborar con el Rebost Solidari, pod\u00e9is hacer entrega de leche o aceite, ya que no se han recibido estos productos.<\/p>\n\n\n\n<p>El concejal de Bienestar Social, Joan Gimeno, ha agradecido el trabajo altruista de Toni, Puri y Assumpci\u00f3, los voluntarios que ayudan en el servicio y hacen posible que el ayuntamiento pueda repartir los alimentos entre las familias m\u00e1s desfavorecidas del municipio. Tambi\u00e9n ha mostrado su agradecimiento al trabajo de la Brigada Municipal, que ha colaborado con la descarga y organizaci\u00f3n del almac\u00e9n.<\/p>\n\n\n\n<p><\/p>\n","protected":false},"excerpt":{"rendered":"<p>Avui el Rebost Solidari ha rebut, per part de la UE, els aliments de la segona fase del 2023 del programa d\u2019ajuda aliment\u00e0ria per a les persones m\u00e9s desfavorides. L\u2019entrega &hellip; <a href=\"https:\/\/bisbalpenedes.com\/web\/2023\/10\/24\/el-rebost-solidari-ha-rebut-de-la-ue-un-nou-lot-de-productes-del-programa-dajuda-alimentaria-per-a-les-persones-mes-desafavorides\/\" class=\"more-link\">Read More<\/a><\/p>\n","protected":false},"author":4,"featured_media":28019,"comment_status":"closed","ping_status":"closed","sticky":false,"template":"","format":"standard","meta":[],"categories":[6117,8],"tags":[463,459,315,393,1374,2644],"_links":{"self":[{"href":"https:\/\/bisbalpenedes.com\/web\/wp-json\/wp\/v2\/posts\/28018"}],"collection":[{"href":"https:\/\/bisbalpenedes.com\/web\/wp-json\/wp\/v2\/posts"}],"about":[{"href":"https:\/\/bisbalpenedes.com\/web\/wp-json\/wp\/v2\/types\/post"}],"author":[{"embeddable":true,"href":"https:\/\/bisbalpenedes.com\/web\/wp-json\/wp\/v2\/users\/4"}],"replies":[{"embeddable":true,"href":"https:\/\/bisbalpenedes.com\/web\/wp-json\/wp\/v2\/comments?post=28018"}],"version-history":[{"count":2,"href":"https:\/\/bisbalpenedes.com\/web\/wp-json\/wp\/v2\/posts\/28018\/revisions"}],"predecessor-version":[{"id":28022,"href":"https:\/\/bisbalpenedes.com\/web\/wp-json\/wp\/v2\/posts\/28018\/revisions\/28022"}],"wp:featuredmedia":[{"embeddable":true,"href":"https:\/\/bisbalpenedes.com\/web\/wp-json\/wp\/v2\/media\/28019"}],"wp:attachment":[{"href":"https:\/\/bisbalpenedes.com\/web\/wp-json\/wp\/v2\/media?parent=28018"}],"wp:term":[{"taxonomy":"category","embeddable":true,"href":"https:\/\/bisbalpenedes.com\/web\/wp-json\/wp\/v2\/categories?post=28018"},{"taxonomy":"post_tag","embeddable":true,"href":"https:\/\/bisbalpenedes.com\/web\/wp-json\/wp\/v2\/tags?post=28018"}],"curies":[{"name":"wp","href":"https:\/\/api.w.org\/{rel}","templated":true}]}}