{"id":27990,"date":"2023-10-24T11:41:15","date_gmt":"2023-10-24T09:41:15","guid":{"rendered":"https:\/\/bisbalpenedes.com\/web\/?p=27990"},"modified":"2023-10-24T11:41:15","modified_gmt":"2023-10-24T09:41:15","slug":"aquesta-setmana-ha-comencat-el-curs-de-vetllador-a-escolar-monitor-a-de-menjador-i-monitor-a-de-transport-escolar","status":"publish","type":"post","link":"https:\/\/bisbalpenedes.com\/web\/2023\/10\/24\/aquesta-setmana-ha-comencat-el-curs-de-vetllador-a-escolar-monitor-a-de-menjador-i-monitor-a-de-transport-escolar\/","title":{"rendered":"Aquesta setmana ha comen\u00e7at el curs de vetllador\/a escolar, monitor\/a de menjador i monitor\/a de transport escolar"},"content":{"rendered":"\n<p>Aquest dilluns 23 d\u2019octubre ha comen\u00e7at el curs de vetllador\/a escolar, monitor\/a de menjador i monitor\/a de transport escolar amb un total de 19 alumnes inscrits.<\/p>\n\n\n\n<p>La inauguraci\u00f3 del curs ha anat a c\u00e0rrec del responsable de formaci\u00f3 de la Cambra de Comer\u00e7, Josep Oriol Fern\u00e1ndez; i de l\u2019alcaldessa de la Bisbal del Pened\u00e8s, Agn\u00e8s Ferr\u00e9.<\/p>\n\n\n\n<p>Des d\u2019aqu\u00ed desitgem que sigui una formaci\u00f3 molt fruct\u00edfera per a tots els participants.<\/p>\n\n\n\n<hr class=\"wp-block-separator has-alpha-channel-opacity\"\/>\n\n\n\n<p><strong>CASTELLANO |\u00a0<\/strong>Este lunes 23 de octubre ha empezado el curso de velador\/a escolar, monitor\/a de comedor y monitor\/a de transporte escolar con un total de 19 alumnos inscritos.<\/p>\n\n\n\n<p>La inauguraci\u00f3n del curso ha ido a cargo del responsable de formaci\u00f3n de la Cambra de Comer\u00e7, Josep Oriol Fern\u00e1ndez; y de la alcaldesa de la Bisbal del Pened\u00e8s, Agn\u00e8s Ferr\u00e9.<\/p>\n\n\n\n<p>Desde aqu\u00ed deseamos que sea una formaci\u00f3n muy fruct\u00edfera para todos los participantes.<\/p>\n","protected":false},"excerpt":{"rendered":"<p>Aquest dilluns 23 d\u2019octubre ha comen\u00e7at el curs de vetllador\/a escolar, monitor\/a de menjador i monitor\/a de transport escolar amb un total de 19 alumnes inscrits. La inauguraci\u00f3 del curs &hellip; <a href=\"https:\/\/bisbalpenedes.com\/web\/2023\/10\/24\/aquesta-setmana-ha-comencat-el-curs-de-vetllador-a-escolar-monitor-a-de-menjador-i-monitor-a-de-transport-escolar\/\" class=\"more-link\">Read More<\/a><\/p>\n","protected":false},"author":4,"featured_media":27991,"comment_status":"closed","ping_status":"closed","sticky":false,"template":"","format":"standard","meta":[],"categories":[3822,8,9],"tags":[459,1251,4127,12,393,113,356,5499,5500],"_links":{"self":[{"href":"https:\/\/bisbalpenedes.com\/web\/wp-json\/wp\/v2\/posts\/27990"}],"collection":[{"href":"https:\/\/bisbalpenedes.com\/web\/wp-json\/wp\/v2\/posts"}],"about":[{"href":"https:\/\/bisbalpenedes.com\/web\/wp-json\/wp\/v2\/types\/post"}],"author":[{"embeddable":true,"href":"https:\/\/bisbalpenedes.com\/web\/wp-json\/wp\/v2\/users\/4"}],"replies":[{"embeddable":true,"href":"https:\/\/bisbalpenedes.com\/web\/wp-json\/wp\/v2\/comments?post=27990"}],"version-history":[{"count":1,"href":"https:\/\/bisbalpenedes.com\/web\/wp-json\/wp\/v2\/posts\/27990\/revisions"}],"predecessor-version":[{"id":27992,"href":"https:\/\/bisbalpenedes.com\/web\/wp-json\/wp\/v2\/posts\/27990\/revisions\/27992"}],"wp:featuredmedia":[{"embeddable":true,"href":"https:\/\/bisbalpenedes.com\/web\/wp-json\/wp\/v2\/media\/27991"}],"wp:attachment":[{"href":"https:\/\/bisbalpenedes.com\/web\/wp-json\/wp\/v2\/media?parent=27990"}],"wp:term":[{"taxonomy":"category","embeddable":true,"href":"https:\/\/bisbalpenedes.com\/web\/wp-json\/wp\/v2\/categories?post=27990"},{"taxonomy":"post_tag","embeddable":true,"href":"https:\/\/bisbalpenedes.com\/web\/wp-json\/wp\/v2\/tags?post=27990"}],"curies":[{"name":"wp","href":"https:\/\/api.w.org\/{rel}","templated":true}]}}