{"id":27987,"date":"2023-10-24T11:08:39","date_gmt":"2023-10-24T09:08:39","guid":{"rendered":"https:\/\/bisbalpenedes.com\/web\/?p=27987"},"modified":"2023-10-24T11:08:39","modified_gmt":"2023-10-24T09:08:39","slug":"lequip-de-govern-ha-visitat-la-fira-municipalia-per-coneixer-novetats-i-serveis-adrecats-al-mon-municipal","status":"publish","type":"post","link":"https:\/\/bisbalpenedes.com\/web\/2023\/10\/24\/lequip-de-govern-ha-visitat-la-fira-municipalia-per-coneixer-novetats-i-serveis-adrecats-al-mon-municipal\/","title":{"rendered":"L&#8217;equip de govern ha visitat la Fira Municipalia per con\u00e8ixer novetats i serveis adre\u00e7ats al m\u00f3n municipal"},"content":{"rendered":"\n<p>L\u2019equip de govern va assistir, el dimarts 17 d\u2019octubre, a la Fira Municipalia, que en aquesta ocasi\u00f3 s\u2019ha celebrat a Lleida.<\/p>\n\n\n\n<p>Aquest esdeveniment bianual compta amb expositors de serveis i equipaments i novetats enfocades en el m\u00f3n municipal: governan\u00e7a i economia, TIC, medi ambient, mobiliari urb\u00e0 i il\u00b7luminaci\u00f3 p\u00fablica, gesti\u00f3 de residus, instal\u00b7lacions esportives i d&#8217;oci, parcs i jardins, obres p\u00fabliques, senyalitzaci\u00f3 i seguretat de la xarxa vi\u00e0ria, urbanisme, mobilitat, neteja municipal, salut p\u00fablica i higiene, seguretat i vigil\u00e0ncia, gesti\u00f3 de l&#8217;aigua, necr\u00f2poli i serveis municipals, entre altres.<\/p>\n\n\n\n<hr class=\"wp-block-separator has-alpha-channel-opacity\"\/>\n\n\n\n<p><strong>CASTELLANO |<\/strong>&nbsp;El equipo de gobierno asisti\u00f3, el martes 17 de octubre, a la Fira Municipalia, que en esta ocasi\u00f3n se ha celebrado en Lleida.<\/p>\n\n\n\n<p>Este evento bianual cuenta con expositores de servicios y equipamientos y novedades enfocadas en el mundo municipal: gobernanza y econom\u00eda, TIC,&nbsp;medioambiente, mobiliario urbano e iluminaci\u00f3n p\u00fablica, gesti\u00f3n de residuos, instalaciones deportivas y de ocio, parques y jardines, obras p\u00fablicas, se\u00f1alizaci\u00f3n y seguridad de la red viaria, urbanismo, movilidad, limpieza municipal, salud p\u00fablica e higiene, seguridad y vigilancia, gesti\u00f3n del agua, necr\u00f3polis y servicios municipales, entre otros.<\/p>\n","protected":false},"excerpt":{"rendered":"<p>L\u2019equip de govern va assistir, el dimarts 17 d\u2019octubre, a la Fira Municipalia, que en aquesta ocasi\u00f3 s\u2019ha celebrat a Lleida. Aquest esdeveniment bianual compta amb expositors de serveis i &hellip; <a href=\"https:\/\/bisbalpenedes.com\/web\/2023\/10\/24\/lequip-de-govern-ha-visitat-la-fira-municipalia-per-coneixer-novetats-i-serveis-adrecats-al-mon-municipal\/\" class=\"more-link\">Read More<\/a><\/p>\n","protected":false},"author":4,"featured_media":27988,"comment_status":"closed","ping_status":"closed","sticky":false,"template":"","format":"standard","meta":[],"categories":[2377,8],"tags":[459,1091,6285,393,4277,1374],"_links":{"self":[{"href":"https:\/\/bisbalpenedes.com\/web\/wp-json\/wp\/v2\/posts\/27987"}],"collection":[{"href":"https:\/\/bisbalpenedes.com\/web\/wp-json\/wp\/v2\/posts"}],"about":[{"href":"https:\/\/bisbalpenedes.com\/web\/wp-json\/wp\/v2\/types\/post"}],"author":[{"embeddable":true,"href":"https:\/\/bisbalpenedes.com\/web\/wp-json\/wp\/v2\/users\/4"}],"replies":[{"embeddable":true,"href":"https:\/\/bisbalpenedes.com\/web\/wp-json\/wp\/v2\/comments?post=27987"}],"version-history":[{"count":1,"href":"https:\/\/bisbalpenedes.com\/web\/wp-json\/wp\/v2\/posts\/27987\/revisions"}],"predecessor-version":[{"id":27989,"href":"https:\/\/bisbalpenedes.com\/web\/wp-json\/wp\/v2\/posts\/27987\/revisions\/27989"}],"wp:featuredmedia":[{"embeddable":true,"href":"https:\/\/bisbalpenedes.com\/web\/wp-json\/wp\/v2\/media\/27988"}],"wp:attachment":[{"href":"https:\/\/bisbalpenedes.com\/web\/wp-json\/wp\/v2\/media?parent=27987"}],"wp:term":[{"taxonomy":"category","embeddable":true,"href":"https:\/\/bisbalpenedes.com\/web\/wp-json\/wp\/v2\/categories?post=27987"},{"taxonomy":"post_tag","embeddable":true,"href":"https:\/\/bisbalpenedes.com\/web\/wp-json\/wp\/v2\/tags?post=27987"}],"curies":[{"name":"wp","href":"https:\/\/api.w.org\/{rel}","templated":true}]}}