{"id":27969,"date":"2023-10-19T08:23:08","date_gmt":"2023-10-19T06:23:08","guid":{"rendered":"https:\/\/bisbalpenedes.com\/web\/?p=27969"},"modified":"2023-10-19T08:23:08","modified_gmt":"2023-10-19T06:23:08","slug":"19-doctubre-dia-mundial-de-la-lluita-contra-el-cancer-de-mama","status":"publish","type":"post","link":"https:\/\/bisbalpenedes.com\/web\/2023\/10\/19\/19-doctubre-dia-mundial-de-la-lluita-contra-el-cancer-de-mama\/","title":{"rendered":"19 d&#8217;octubre: Dia Mundial de la lluita contra el c\u00e0ncer de mama"},"content":{"rendered":"\n<p>Avui, 19 d\u2019octubre, \u00e9s el Dia Mundial de la lluita contra el C\u00e0ncer de Mama i, per aquest motiu, aquest vespre il\u00b7luminarem la Casa de la Vila de color rosa. La jornada t\u00e9 l\u2019objectiu de conscienciar la poblaci\u00f3 sobre la import\u00e0ncia d\u2019un diagn\u00f2stic preco\u00e7 d\u2019aquesta malaltia, per poder tenir m\u00e9s probabilitats de guanyar la lluita contra el tumor m\u00e9s freq\u00fcent en les dones d\u2019arreu del m\u00f3n.<\/p>\n\n\n\n<p>Segons dades del govern de la Generalitat, l\u2019any passat es van diagnosticar 5.497 casos de c\u00e0ncer de mama a Catalunya i la superviv\u00e8ncia de les pacients amb aquest tumor 5 anys despr\u00e9s del diagn\u00f2stic frega el 90%. Anualment, es detecta una mitjana de 1.300 casos mitjan\u00e7ant el programa de cribratge de c\u00e0ncer de mama.<\/p>\n\n\n\n<p>La detecci\u00f3 preco\u00e7 permet detectar el c\u00e0ncer de mama en una etapa molt inicial, quan encara no produeix mol\u00e8sties i la possibilitat de curaci\u00f3 \u00e9s m\u00e9s alta. Per aix\u00f2 \u00e9s tan important fer-se les mamografies bianuals (adjuntem el tr\u00edptic).<br>Podeu trobar m\u00e9s informaci\u00f3 sobre aquesta jornada, la malaltia i la prevenci\u00f3, en aquest enlla\u00e7: <a rel=\"noreferrer noopener\" href=\"https:\/\/canalsalut.gencat.cat\/ca\/actualitat\/dies-mundials\/cancer-mama\/\" target=\"_blank\">https:\/\/canalsalut.gencat.cat\/ca\/actualitat\/dies-mundials\/cancer-mama\/<\/a><\/p>\n\n\n\n<figure class=\"wp-block-image size-full\"><img loading=\"lazy\" width=\"1024\" height=\"751\" src=\"https:\/\/bisbalpenedes.com\/web\/wp-content\/uploads\/2023\/10\/1697695491672-f13a3ea5-5e2a-4d7e-bea0-a70b7421676a_2.jpg\" alt=\"\" class=\"wp-image-27972\" srcset=\"https:\/\/bisbalpenedes.com\/web\/wp-content\/uploads\/2023\/10\/1697695491672-f13a3ea5-5e2a-4d7e-bea0-a70b7421676a_2.jpg 1024w, https:\/\/bisbalpenedes.com\/web\/wp-content\/uploads\/2023\/10\/1697695491672-f13a3ea5-5e2a-4d7e-bea0-a70b7421676a_2-300x220.jpg 300w, https:\/\/bisbalpenedes.com\/web\/wp-content\/uploads\/2023\/10\/1697695491672-f13a3ea5-5e2a-4d7e-bea0-a70b7421676a_2-768x563.jpg 768w, https:\/\/bisbalpenedes.com\/web\/wp-content\/uploads\/2023\/10\/1697695491672-f13a3ea5-5e2a-4d7e-bea0-a70b7421676a_2-600x440.jpg 600w\" sizes=\"(max-width: 1024px) 100vw, 1024px\" \/><\/figure>\n\n\n\n<figure class=\"wp-block-image size-full\"><img loading=\"lazy\" width=\"1024\" height=\"751\" src=\"https:\/\/bisbalpenedes.com\/web\/wp-content\/uploads\/2023\/10\/1697695491672-f13a3ea5-5e2a-4d7e-bea0-a70b7421676a_1.jpg\" alt=\"\" class=\"wp-image-27973\" srcset=\"https:\/\/bisbalpenedes.com\/web\/wp-content\/uploads\/2023\/10\/1697695491672-f13a3ea5-5e2a-4d7e-bea0-a70b7421676a_1.jpg 1024w, https:\/\/bisbalpenedes.com\/web\/wp-content\/uploads\/2023\/10\/1697695491672-f13a3ea5-5e2a-4d7e-bea0-a70b7421676a_1-300x220.jpg 300w, https:\/\/bisbalpenedes.com\/web\/wp-content\/uploads\/2023\/10\/1697695491672-f13a3ea5-5e2a-4d7e-bea0-a70b7421676a_1-768x563.jpg 768w, https:\/\/bisbalpenedes.com\/web\/wp-content\/uploads\/2023\/10\/1697695491672-f13a3ea5-5e2a-4d7e-bea0-a70b7421676a_1-600x440.jpg 600w\" sizes=\"(max-width: 1024px) 100vw, 1024px\" \/><\/figure>\n\n\n\n<hr class=\"wp-block-separator has-alpha-channel-opacity\"\/>\n\n\n\n<p><strong>CASTELLANO | <\/strong>Hoy, 19 de octubre, es el D\u00eda Mundial de la lucha contra el C\u00e1ncer de Mama y, por este motivo, al anochecer iluminaremos la fachada de la Casa de la Vila de color rosa. La jornada tiene el objetivo de concienciar a la poblaci\u00f3n sobre la importancia de un diagn\u00f3stico precoz de esta enfermedad, para poder tener m\u00e1s probabilidades de ganar la lucha contra el tumor m\u00e1s frecuente en las mujeres de todo el mundo.<\/p>\n\n\n\n<p>Seg\u00fan datos del gobierno de la Generalitat, el a\u00f1o pasado se diagnosticaron 5.497 casos de c\u00e1ncer de mama en Catalunya y la supervivencia de las pacientes con este tumor 5 a\u00f1os despu\u00e9s del diagn\u00f3stico roza el 90%. Anualmente, se detecta una media de 1.300 casos mediante el programa de cribado de c\u00e1ncer de mama.<\/p>\n\n\n\n<p>La detecci\u00f3n precoz permite detectar el c\u00e1ncer de mama en una etapa muy inicial, cuando todav\u00eda no produce molestias y la posibilidad de curaci\u00f3n es m\u00e1s alta. Por eso es tan importante hacerse las mamograf\u00edas bianuales (adjuntamos el tr\u00edptico).<br>Pod\u00e9is encontrar m\u00e1s informaci\u00f3n sobre esta jornada, la enfermedad y la prevenci\u00f3n, en este enlace: <a href=\"https:\/\/canalsalut.gencat.cat\/ca\/actualitat\/dies-mundials\/cancer-mama\/\">https:\/\/canalsalut.gencat.cat\/ca\/actualitat\/dies-mundials\/cancer-mama\/<\/a><\/p>\n\n\n\n<figure class=\"wp-block-image size-full\"><img loading=\"lazy\" width=\"1024\" height=\"751\" src=\"https:\/\/bisbalpenedes.com\/web\/wp-content\/uploads\/2023\/10\/1697695541229-2f0a1180-4607-426a-9f1e-665fbac36a09_2.jpg\" alt=\"\" class=\"wp-image-27970\" srcset=\"https:\/\/bisbalpenedes.com\/web\/wp-content\/uploads\/2023\/10\/1697695541229-2f0a1180-4607-426a-9f1e-665fbac36a09_2.jpg 1024w, https:\/\/bisbalpenedes.com\/web\/wp-content\/uploads\/2023\/10\/1697695541229-2f0a1180-4607-426a-9f1e-665fbac36a09_2-300x220.jpg 300w, https:\/\/bisbalpenedes.com\/web\/wp-content\/uploads\/2023\/10\/1697695541229-2f0a1180-4607-426a-9f1e-665fbac36a09_2-768x563.jpg 768w, https:\/\/bisbalpenedes.com\/web\/wp-content\/uploads\/2023\/10\/1697695541229-2f0a1180-4607-426a-9f1e-665fbac36a09_2-600x440.jpg 600w\" sizes=\"(max-width: 1024px) 100vw, 1024px\" \/><\/figure>\n\n\n\n<figure class=\"wp-block-image size-full\"><img loading=\"lazy\" width=\"1024\" height=\"751\" src=\"https:\/\/bisbalpenedes.com\/web\/wp-content\/uploads\/2023\/10\/1697695541229-2f0a1180-4607-426a-9f1e-665fbac36a09_1.jpg\" alt=\"\" class=\"wp-image-27971\" srcset=\"https:\/\/bisbalpenedes.com\/web\/wp-content\/uploads\/2023\/10\/1697695541229-2f0a1180-4607-426a-9f1e-665fbac36a09_1.jpg 1024w, https:\/\/bisbalpenedes.com\/web\/wp-content\/uploads\/2023\/10\/1697695541229-2f0a1180-4607-426a-9f1e-665fbac36a09_1-300x220.jpg 300w, https:\/\/bisbalpenedes.com\/web\/wp-content\/uploads\/2023\/10\/1697695541229-2f0a1180-4607-426a-9f1e-665fbac36a09_1-768x563.jpg 768w, https:\/\/bisbalpenedes.com\/web\/wp-content\/uploads\/2023\/10\/1697695541229-2f0a1180-4607-426a-9f1e-665fbac36a09_1-600x440.jpg 600w\" sizes=\"(max-width: 1024px) 100vw, 1024px\" \/><\/figure>\n","protected":false},"excerpt":{"rendered":"<p>Avui, 19 d\u2019octubre, \u00e9s el Dia Mundial de la lluita contra el C\u00e0ncer de Mama i, per aquest motiu, aquest vespre il\u00b7luminarem la Casa de la Vila de color rosa. &hellip; <a href=\"https:\/\/bisbalpenedes.com\/web\/2023\/10\/19\/19-doctubre-dia-mundial-de-la-lluita-contra-el-cancer-de-mama\/\" class=\"more-link\">Read More<\/a><\/p>\n","protected":false},"author":4,"featured_media":27974,"comment_status":"closed","ping_status":"closed","sticky":false,"template":"","format":"standard","meta":[],"categories":[2402,8,14],"tags":[459,2651,6282,393,6283,6284,886],"_links":{"self":[{"href":"https:\/\/bisbalpenedes.com\/web\/wp-json\/wp\/v2\/posts\/27969"}],"collection":[{"href":"https:\/\/bisbalpenedes.com\/web\/wp-json\/wp\/v2\/posts"}],"about":[{"href":"https:\/\/bisbalpenedes.com\/web\/wp-json\/wp\/v2\/types\/post"}],"author":[{"embeddable":true,"href":"https:\/\/bisbalpenedes.com\/web\/wp-json\/wp\/v2\/users\/4"}],"replies":[{"embeddable":true,"href":"https:\/\/bisbalpenedes.com\/web\/wp-json\/wp\/v2\/comments?post=27969"}],"version-history":[{"count":1,"href":"https:\/\/bisbalpenedes.com\/web\/wp-json\/wp\/v2\/posts\/27969\/revisions"}],"predecessor-version":[{"id":27975,"href":"https:\/\/bisbalpenedes.com\/web\/wp-json\/wp\/v2\/posts\/27969\/revisions\/27975"}],"wp:featuredmedia":[{"embeddable":true,"href":"https:\/\/bisbalpenedes.com\/web\/wp-json\/wp\/v2\/media\/27974"}],"wp:attachment":[{"href":"https:\/\/bisbalpenedes.com\/web\/wp-json\/wp\/v2\/media?parent=27969"}],"wp:term":[{"taxonomy":"category","embeddable":true,"href":"https:\/\/bisbalpenedes.com\/web\/wp-json\/wp\/v2\/categories?post=27969"},{"taxonomy":"post_tag","embeddable":true,"href":"https:\/\/bisbalpenedes.com\/web\/wp-json\/wp\/v2\/tags?post=27969"}],"curies":[{"name":"wp","href":"https:\/\/api.w.org\/{rel}","templated":true}]}}