{"id":27951,"date":"2023-10-16T15:15:14","date_gmt":"2023-10-16T13:15:14","guid":{"rendered":"https:\/\/bisbalpenedes.com\/web\/?p=27951"},"modified":"2023-10-16T15:15:14","modified_gmt":"2023-10-16T13:15:14","slug":"agenda-el-dissabte-21-doctubre-se-celebra-el-tradicional-homenatge-anual-de-lassociacio-de-la-gent-gran","status":"publish","type":"post","link":"https:\/\/bisbalpenedes.com\/web\/2023\/10\/16\/agenda-el-dissabte-21-doctubre-se-celebra-el-tradicional-homenatge-anual-de-lassociacio-de-la-gent-gran\/","title":{"rendered":"Agenda: el dissabte 21 d&#8217;octubre se celebra el tradicional homenatge anual de l&#8217;Associaci\u00f3 de la Gent Gran"},"content":{"rendered":"\n<p>L&#8217;Associaci\u00f3 de la Gent Gran celebrar\u00e0 el seu tradicional homenatge als socis i el lliurament de les plaques d&#8217;honor el proper dissabte 21 d&#8217;octubre a la pla\u00e7a de l&#8217;Esgl\u00e9sia.<br>Encara sou a temps d&#8217;apuntar-vos-hi!<\/p>\n\n\n\n<hr class=\"wp-block-separator has-alpha-channel-opacity\"\/>\n\n\n\n<p>La Associaci\u00f3 de la Gent Gran celebrar\u00e1 su tradicional homenaje a los socios y la entrega de las placas de honor el pr\u00f3ximo s\u00e1bado 21 de octubre en la plaza de l&#8217;Esgl\u00e9sia.<br>\u00a1Todav\u00eda os pod\u00e9is apuntar!<\/p>\n\n\n\n<p><\/p>\n","protected":false},"excerpt":{"rendered":"<p>L&#8217;Associaci\u00f3 de la Gent Gran celebrar\u00e0 el seu tradicional homenatge als socis i el lliurament de les plaques d&#8217;honor el proper dissabte 21 d&#8217;octubre a la pla\u00e7a de l&#8217;Esgl\u00e9sia.Encara sou &hellip; <a href=\"https:\/\/bisbalpenedes.com\/web\/2023\/10\/16\/agenda-el-dissabte-21-doctubre-se-celebra-el-tradicional-homenatge-anual-de-lassociacio-de-la-gent-gran\/\" class=\"more-link\">Read More<\/a><\/p>\n","protected":false},"author":4,"featured_media":27952,"comment_status":"closed","ping_status":"closed","sticky":false,"template":"","format":"standard","meta":[],"categories":[20,464,8],"tags":[950,459,1774,393,6277,6279,6278],"_links":{"self":[{"href":"https:\/\/bisbalpenedes.com\/web\/wp-json\/wp\/v2\/posts\/27951"}],"collection":[{"href":"https:\/\/bisbalpenedes.com\/web\/wp-json\/wp\/v2\/posts"}],"about":[{"href":"https:\/\/bisbalpenedes.com\/web\/wp-json\/wp\/v2\/types\/post"}],"author":[{"embeddable":true,"href":"https:\/\/bisbalpenedes.com\/web\/wp-json\/wp\/v2\/users\/4"}],"replies":[{"embeddable":true,"href":"https:\/\/bisbalpenedes.com\/web\/wp-json\/wp\/v2\/comments?post=27951"}],"version-history":[{"count":1,"href":"https:\/\/bisbalpenedes.com\/web\/wp-json\/wp\/v2\/posts\/27951\/revisions"}],"predecessor-version":[{"id":27953,"href":"https:\/\/bisbalpenedes.com\/web\/wp-json\/wp\/v2\/posts\/27951\/revisions\/27953"}],"wp:featuredmedia":[{"embeddable":true,"href":"https:\/\/bisbalpenedes.com\/web\/wp-json\/wp\/v2\/media\/27952"}],"wp:attachment":[{"href":"https:\/\/bisbalpenedes.com\/web\/wp-json\/wp\/v2\/media?parent=27951"}],"wp:term":[{"taxonomy":"category","embeddable":true,"href":"https:\/\/bisbalpenedes.com\/web\/wp-json\/wp\/v2\/categories?post=27951"},{"taxonomy":"post_tag","embeddable":true,"href":"https:\/\/bisbalpenedes.com\/web\/wp-json\/wp\/v2\/tags?post=27951"}],"curies":[{"name":"wp","href":"https:\/\/api.w.org\/{rel}","templated":true}]}}