{"id":2795,"date":"2017-07-11T00:24:12","date_gmt":"2017-07-10T18:24:12","guid":{"rendered":"http:\/\/bisbalpenedes.com\/web\/?p=2795"},"modified":"2017-07-11T00:24:12","modified_gmt":"2017-07-10T18:24:12","slug":"la-regidoria-de-benestar-social-informa-que-la-treballadora-social-visitara-un-dia-mes-a-la-setmana-a-la-bisbal-a-partir-del-17-de-juliol","status":"publish","type":"post","link":"https:\/\/bisbalpenedes.com\/web\/2017\/07\/11\/la-regidoria-de-benestar-social-informa-que-la-treballadora-social-visitara-un-dia-mes-a-la-setmana-a-la-bisbal-a-partir-del-17-de-juliol\/","title":{"rendered":"La Regidoria de Benestar Social informa que la Treballadora Social visitar\u00e0 un dia m\u00e9s a la setmana a La Bisbal a partir del 17 de juliol"},"content":{"rendered":"<p>La Regidoria de Benestar Social informa que, a partir del 17 de juliol de 2017, \u00a0la Treballadora Social visitar\u00e0 un mat\u00ed m\u00e9s a la setmana a l\u2019Ajuntament de La Bisbal del Pened\u00e8s.<\/p>\n<p>El Ple del Consell Comarcal del Baix Pened\u00e8s ha aprovat un annex al Conveni de Cooperaci\u00f3 interadministrativa 2016-2019 entre el Consell Comarcal i els diversos ajuntaments de la comarca als que presta servei amb la finalitat de millorar el servei i la qualitat. La Regidora de Benestar Social, Maguy Antol\u00edn, considera que d\u2019aquesta manera es millorar\u00e0 el servei que s\u2019ofereix als bisbalencs i les bisbalenques i, en especial, l\u2019atenci\u00f3 a les persones m\u00e9s vulnerables de la vila. Maguy, a m\u00e9s, ha expressat la seva intenci\u00f3 de renovar el conveni amb les mateixes condicions l\u2019any vinent.<\/p>\n<p>Fins ara la Treballadora Social del municipi oferia atenci\u00f3 b\u00e0sica els dimarts i atenci\u00f3 continuada i de menors els dimecres. A partir del 17 de juliol tamb\u00e9 oferir\u00e0 atenci\u00f3 b\u00e0sica els dilluns.<\/p>\n","protected":false},"excerpt":{"rendered":"<p>La Regidoria de Benestar Social informa que, a partir del 17 de juliol de 2017, \u00a0la Treballadora Social visitar\u00e0 un mat\u00ed m\u00e9s a la setmana a l\u2019Ajuntament de La Bisbal &hellip; <a href=\"https:\/\/bisbalpenedes.com\/web\/2017\/07\/11\/la-regidoria-de-benestar-social-informa-que-la-treballadora-social-visitara-un-dia-mes-a-la-setmana-a-la-bisbal-a-partir-del-17-de-juliol\/\" class=\"more-link\">Read More<\/a><\/p>\n","protected":false},"author":4,"featured_media":2355,"comment_status":"closed","ping_status":"closed","sticky":false,"template":"","format":"standard","meta":[],"categories":[17],"tags":[315,396,602,603],"_links":{"self":[{"href":"https:\/\/bisbalpenedes.com\/web\/wp-json\/wp\/v2\/posts\/2795"}],"collection":[{"href":"https:\/\/bisbalpenedes.com\/web\/wp-json\/wp\/v2\/posts"}],"about":[{"href":"https:\/\/bisbalpenedes.com\/web\/wp-json\/wp\/v2\/types\/post"}],"author":[{"embeddable":true,"href":"https:\/\/bisbalpenedes.com\/web\/wp-json\/wp\/v2\/users\/4"}],"replies":[{"embeddable":true,"href":"https:\/\/bisbalpenedes.com\/web\/wp-json\/wp\/v2\/comments?post=2795"}],"version-history":[{"count":2,"href":"https:\/\/bisbalpenedes.com\/web\/wp-json\/wp\/v2\/posts\/2795\/revisions"}],"predecessor-version":[{"id":2797,"href":"https:\/\/bisbalpenedes.com\/web\/wp-json\/wp\/v2\/posts\/2795\/revisions\/2797"}],"wp:featuredmedia":[{"embeddable":true,"href":"https:\/\/bisbalpenedes.com\/web\/wp-json\/wp\/v2\/media\/2355"}],"wp:attachment":[{"href":"https:\/\/bisbalpenedes.com\/web\/wp-json\/wp\/v2\/media?parent=2795"}],"wp:term":[{"taxonomy":"category","embeddable":true,"href":"https:\/\/bisbalpenedes.com\/web\/wp-json\/wp\/v2\/categories?post=2795"},{"taxonomy":"post_tag","embeddable":true,"href":"https:\/\/bisbalpenedes.com\/web\/wp-json\/wp\/v2\/tags?post=2795"}],"curies":[{"name":"wp","href":"https:\/\/api.w.org\/{rel}","templated":true}]}}