{"id":27939,"date":"2023-10-16T14:57:26","date_gmt":"2023-10-16T12:57:26","guid":{"rendered":"https:\/\/bisbalpenedes.com\/web\/?p=27939"},"modified":"2023-10-16T15:17:41","modified_gmt":"2023-10-16T13:17:41","slug":"lajuntament-de-la-bisbal-compta-amb-un-punt-dacces-public-a-la-casa-de-la-vila-gracies-a-la-subvencio-concedida-per-la-diputacio-de-tarragona-per-a-la-digitalitzacio-dels-ens-locals","status":"publish","type":"post","link":"https:\/\/bisbalpenedes.com\/web\/2023\/10\/16\/lajuntament-de-la-bisbal-compta-amb-un-punt-dacces-public-a-la-casa-de-la-vila-gracies-a-la-subvencio-concedida-per-la-diputacio-de-tarragona-per-a-la-digitalitzacio-dels-ens-locals\/","title":{"rendered":"<strong>L\u2019Ajuntament de la Bisbal compta amb un punt d\u2019acc\u00e9s p\u00fablic a la Casa de la Vila gr\u00e0cies a la subvenci\u00f3 concedida per la Diputaci\u00f3 de Tarragona per a la digitalitzaci\u00f3 dels ens locals<\/strong>"},"content":{"rendered":"\n<p>L\u2019Ajuntament de la Bisbal del Pened\u00e8s compta, des de fa unes setmanes, amb un punt d\u2019acc\u00e9s p\u00fablic a la Casa de la Vila. La Diputaci\u00f3 de Tarragona ha assumit el cost econ\u00f2mic de la inversi\u00f3 i la tasca administrativa que correspon a la gesti\u00f3 de la subvenci\u00f3 i coordinaci\u00f3, ja que aquesta actuaci\u00f3 s\u2019emmarca en el projecte de digitalitzaci\u00f3 dels ens locals del Camp de Tarragona, Terres de l\u2019Ebre i el Baix Pened\u00e8s promogut per la Diputaci\u00f3 de Tarragona, d\u2019acord amb la convocat\u00f2ria de subvencions en el marc del Pla de recuperaci\u00f3, transformaci\u00f3 i resili\u00e8ncia finan\u00e7at per la Uni\u00f3 Europea \u2013 Next Generation EU. <\/p>\n\n\n\n<p>El punt d\u2019acc\u00e9s p\u00fablic \u00e9s una pantalla interactiva per oferir suport sobre la seu electr\u00f2nica web i sobre les diferents gestions municipals, amb l\u2019ajuda del personal de l\u2019Ajuntament.<\/p>\n\n\n\n<p>La Diputaci\u00f3 de Tarragona persegueix l\u2019objectiu de dotar les administracions locals de les infraestructures tecnol\u00f2giques necess\u00e0ries per modernitzar-les, per tal d\u2019assegurar la disponibilitat en qualsevol circumst\u00e0ncia i d\u2019adaptar la capacitat disponible a les necessitats existents en cada moment, contribuint a desenvolupar la connectivitat digital, l\u2019economia de la dada i la intel\u00b7lig\u00e8ncia artificial a les administracions.<\/p>\n\n\n\n<figure class=\"wp-block-image size-large\"><img loading=\"lazy\" width=\"1024\" height=\"768\" src=\"https:\/\/bisbalpenedes.com\/web\/wp-content\/uploads\/2023\/10\/IMG_9340-1024x768.jpeg\" alt=\"\" class=\"wp-image-27942\" srcset=\"https:\/\/bisbalpenedes.com\/web\/wp-content\/uploads\/2023\/10\/IMG_9340-1024x768.jpeg 1024w, https:\/\/bisbalpenedes.com\/web\/wp-content\/uploads\/2023\/10\/IMG_9340-300x225.jpeg 300w, https:\/\/bisbalpenedes.com\/web\/wp-content\/uploads\/2023\/10\/IMG_9340-768x576.jpeg 768w, https:\/\/bisbalpenedes.com\/web\/wp-content\/uploads\/2023\/10\/IMG_9340-1536x1152.jpeg 1536w, https:\/\/bisbalpenedes.com\/web\/wp-content\/uploads\/2023\/10\/IMG_9340-2048x1536.jpeg 2048w, https:\/\/bisbalpenedes.com\/web\/wp-content\/uploads\/2023\/10\/IMG_9340-600x450.jpeg 600w\" sizes=\"(max-width: 1024px) 100vw, 1024px\" \/><\/figure>\n\n\n\n<hr class=\"wp-block-separator has-alpha-channel-opacity\"\/>\n\n\n\n<p><strong>CASTELLANO |<\/strong> El Ayuntamiento de la Bisbal del Pened\u00e8s cuenta, desde hace unes semanas, con un punto de acceso p\u00fablico en la Casa de la Vila. La Diputaci\u00f3n de Tarragona ha asumido el coste econ\u00f3mico de la inversi\u00f3n y la tarea administrativa que corresponde a la gesti\u00f3n de la subvenci\u00f3n y coordinaci\u00f3n, ya que esta actuaci\u00f3n se enmarca en el proyecto de digitalizaci\u00f3n de los entes locales del Camp de Tarragona, Terres de l\u2019Ebre y el Baix Pened\u00e8s, promovido por la Diputaci\u00f3 de Tarragona, de acuerdo con la convocatoria de subvenciones en el marco del Plan de recuperaci\u00f3n, transformaci\u00f3n y resiliencia financiado por la Uni\u00f3n Europea \u2013 Next Generation EU. <\/p>\n\n\n\n<p>El punto de acceso p\u00fablico es una pantalla interactiva para ofrecer apoyo sobre la sede electr\u00f3nica web y sobre las distintas gestiones municipales, con la ayuda del personal del Ayuntamiento.<\/p>\n\n\n\n<p>La Diputaci\u00f3 de Tarragona persigue el objetivo de dotar las administraciones locales de las infraestructuras tecnol\u00f3gicas necesarias para modernizarlas, con tal de asegurar la disponibilidad en cualquier circunstancia y de adaptar la capacidad disponible a las necesidades existentes en cada momento, contribuyendo a desarrollar la conectividad digital, la econom\u00eda del dato y la inteligencia artificial en las administraciones.<\/p>\n","protected":false},"excerpt":{"rendered":"<p>L\u2019Ajuntament de la Bisbal del Pened\u00e8s compta, des de fa unes setmanes, amb un punt d\u2019acc\u00e9s p\u00fablic a la Casa de la Vila. La Diputaci\u00f3 de Tarragona ha assumit el &hellip; <a href=\"https:\/\/bisbalpenedes.com\/web\/2023\/10\/16\/lajuntament-de-la-bisbal-compta-amb-un-punt-dacces-public-a-la-casa-de-la-vila-gracies-a-la-subvencio-concedida-per-la-diputacio-de-tarragona-per-a-la-digitalitzacio-dels-ens-locals\/\" class=\"more-link\">Read More<\/a><\/p>\n","protected":false},"author":4,"featured_media":27954,"comment_status":"closed","ping_status":"closed","sticky":false,"template":"","format":"standard","meta":[],"categories":[2402,8],"tags":[6032,673,6276,393,99],"_links":{"self":[{"href":"https:\/\/bisbalpenedes.com\/web\/wp-json\/wp\/v2\/posts\/27939"}],"collection":[{"href":"https:\/\/bisbalpenedes.com\/web\/wp-json\/wp\/v2\/posts"}],"about":[{"href":"https:\/\/bisbalpenedes.com\/web\/wp-json\/wp\/v2\/types\/post"}],"author":[{"embeddable":true,"href":"https:\/\/bisbalpenedes.com\/web\/wp-json\/wp\/v2\/users\/4"}],"replies":[{"embeddable":true,"href":"https:\/\/bisbalpenedes.com\/web\/wp-json\/wp\/v2\/comments?post=27939"}],"version-history":[{"count":4,"href":"https:\/\/bisbalpenedes.com\/web\/wp-json\/wp\/v2\/posts\/27939\/revisions"}],"predecessor-version":[{"id":27950,"href":"https:\/\/bisbalpenedes.com\/web\/wp-json\/wp\/v2\/posts\/27939\/revisions\/27950"}],"wp:featuredmedia":[{"embeddable":true,"href":"https:\/\/bisbalpenedes.com\/web\/wp-json\/wp\/v2\/media\/27954"}],"wp:attachment":[{"href":"https:\/\/bisbalpenedes.com\/web\/wp-json\/wp\/v2\/media?parent=27939"}],"wp:term":[{"taxonomy":"category","embeddable":true,"href":"https:\/\/bisbalpenedes.com\/web\/wp-json\/wp\/v2\/categories?post=27939"},{"taxonomy":"post_tag","embeddable":true,"href":"https:\/\/bisbalpenedes.com\/web\/wp-json\/wp\/v2\/tags?post=27939"}],"curies":[{"name":"wp","href":"https:\/\/api.w.org\/{rel}","templated":true}]}}