{"id":27932,"date":"2023-10-13T16:06:24","date_gmt":"2023-10-13T14:06:24","guid":{"rendered":"https:\/\/bisbalpenedes.com\/web\/?p=27932"},"modified":"2023-10-13T16:13:06","modified_gmt":"2023-10-13T14:13:06","slug":"han-comencat-les-classes-de-lescola-didiomes-i-encara-us-hi-podeu-apuntar","status":"publish","type":"post","link":"https:\/\/bisbalpenedes.com\/web\/2023\/10\/13\/han-comencat-les-classes-de-lescola-didiomes-i-encara-us-hi-podeu-apuntar\/","title":{"rendered":"Han comen\u00e7at les classes de l&#8217;escola d&#8217;idiomes i encara us hi podeu apuntar"},"content":{"rendered":"\n<p>Aquest dimecres han comen\u00e7at les classes de l&#8217;escola municipal d&#8217;idiomes de la Bisbal del Pened\u00e8s amb una dotzena d&#8217;alumnes. Les classes es fan tots els dimecres:<\/p>\n\n\n\n<ul><li>Joves\/adolescents: de 16:45h a 18:45h<\/li><li>Adults: de 18:45h a 20:45h<\/li><\/ul>\n\n\n\n<p>La matr\u00edcula est\u00e0 oberta i encara us hi podeu apuntar!<\/p>\n\n\n\n<hr class=\"wp-block-separator has-alpha-channel-opacity\"\/>\n\n\n\n<p>Este mi\u00e9rcoles han empezado las clases de la escuela municipal de idiomas de la Bisbal del Pened\u00e8s con una docena de alumnos. Las clases se hacen todos los mi\u00e9rcoles:<\/p>\n\n\n\n<ul><li>J\u00f3venes\/adolescentes: de 16:46h a 18:45h<\/li><li>Adultos: de 18.45h a 20:45h<\/li><\/ul>\n\n\n\n<p>\u00a1La matr\u00edcula est\u00e1 abierta y todav\u00eda os pod\u00e9is inscribir a las clases!<\/p>\n\n\n\n<p><\/p>\n\n\n\n<figure class=\"wp-block-image size-large\"><img loading=\"lazy\" width=\"733\" height=\"1024\" src=\"https:\/\/bisbalpenedes.com\/web\/wp-content\/uploads\/2023\/10\/WhatsApp-Image-2023-10-11-at-19.41.59-733x1024.jpeg\" alt=\"\" class=\"wp-image-27933\" srcset=\"https:\/\/bisbalpenedes.com\/web\/wp-content\/uploads\/2023\/10\/WhatsApp-Image-2023-10-11-at-19.41.59-733x1024.jpeg 733w, https:\/\/bisbalpenedes.com\/web\/wp-content\/uploads\/2023\/10\/WhatsApp-Image-2023-10-11-at-19.41.59-215x300.jpeg 215w, https:\/\/bisbalpenedes.com\/web\/wp-content\/uploads\/2023\/10\/WhatsApp-Image-2023-10-11-at-19.41.59-768x1072.jpeg 768w, https:\/\/bisbalpenedes.com\/web\/wp-content\/uploads\/2023\/10\/WhatsApp-Image-2023-10-11-at-19.41.59-600x838.jpeg 600w, https:\/\/bisbalpenedes.com\/web\/wp-content\/uploads\/2023\/10\/WhatsApp-Image-2023-10-11-at-19.41.59.jpeg 828w\" sizes=\"(max-width: 733px) 100vw, 733px\" \/><\/figure>\n","protected":false},"excerpt":{"rendered":"<p>Aquest dimecres han comen\u00e7at les classes de l&#8217;escola municipal d&#8217;idiomes de la Bisbal del Pened\u00e8s amb una dotzena d&#8217;alumnes. Les classes es fan tots els dimecres: Joves\/adolescents: de 16:45h a &hellip; <a href=\"https:\/\/bisbalpenedes.com\/web\/2023\/10\/13\/han-comencat-les-classes-de-lescola-didiomes-i-encara-us-hi-podeu-apuntar\/\" class=\"more-link\">Read More<\/a><\/p>\n","protected":false},"author":4,"featured_media":27934,"comment_status":"closed","ping_status":"closed","sticky":false,"template":"","format":"standard","meta":[],"categories":[3456,8],"tags":[393],"_links":{"self":[{"href":"https:\/\/bisbalpenedes.com\/web\/wp-json\/wp\/v2\/posts\/27932"}],"collection":[{"href":"https:\/\/bisbalpenedes.com\/web\/wp-json\/wp\/v2\/posts"}],"about":[{"href":"https:\/\/bisbalpenedes.com\/web\/wp-json\/wp\/v2\/types\/post"}],"author":[{"embeddable":true,"href":"https:\/\/bisbalpenedes.com\/web\/wp-json\/wp\/v2\/users\/4"}],"replies":[{"embeddable":true,"href":"https:\/\/bisbalpenedes.com\/web\/wp-json\/wp\/v2\/comments?post=27932"}],"version-history":[{"count":2,"href":"https:\/\/bisbalpenedes.com\/web\/wp-json\/wp\/v2\/posts\/27932\/revisions"}],"predecessor-version":[{"id":27936,"href":"https:\/\/bisbalpenedes.com\/web\/wp-json\/wp\/v2\/posts\/27932\/revisions\/27936"}],"wp:featuredmedia":[{"embeddable":true,"href":"https:\/\/bisbalpenedes.com\/web\/wp-json\/wp\/v2\/media\/27934"}],"wp:attachment":[{"href":"https:\/\/bisbalpenedes.com\/web\/wp-json\/wp\/v2\/media?parent=27932"}],"wp:term":[{"taxonomy":"category","embeddable":true,"href":"https:\/\/bisbalpenedes.com\/web\/wp-json\/wp\/v2\/categories?post=27932"},{"taxonomy":"post_tag","embeddable":true,"href":"https:\/\/bisbalpenedes.com\/web\/wp-json\/wp\/v2\/tags?post=27932"}],"curies":[{"name":"wp","href":"https:\/\/api.w.org\/{rel}","templated":true}]}}