{"id":27892,"date":"2023-10-04T15:03:58","date_gmt":"2023-10-04T13:03:58","guid":{"rendered":"https:\/\/bisbalpenedes.com\/web\/?p=27892"},"modified":"2023-10-04T15:03:58","modified_gmt":"2023-10-04T13:03:58","slug":"un-ramat-de-cabres-passara-per-la-bisbal-dema-al-migdia-farem-un-tast-de-formatge-de-les-cabres-i-de-vi-de-cellers-domenys","status":"publish","type":"post","link":"https:\/\/bisbalpenedes.com\/web\/2023\/10\/04\/un-ramat-de-cabres-passara-per-la-bisbal-dema-al-migdia-farem-un-tast-de-formatge-de-les-cabres-i-de-vi-de-cellers-domenys\/","title":{"rendered":"Un ramat de cabres passar\u00e0 per la Bisbal dem\u00e0 al migdia &#8211; Farem un tast de formatge de les cabres i de vi de Cellers Domenys"},"content":{"rendered":"\n<p>Aquest dijous un ramat de cabres passar\u00e0 per la Bisbal del Pened\u00e8s. El ramat, que fa la ruta del cam\u00ed Ral Vilafranca-Montblanc, passar\u00e0 pel municipi dem\u00e0 al migdia. Els interessats a veure el ramat, us podeu esperar al davant del cementiri al voltant de les 12:30h.<\/p>\n\n\n\n<p>A partir de les 12:45h (aproximadament) rebrem el ramat i al seu pastor i compartirem formatge d\u2019aquestes cabres i una copa de vi de Cellers Domenys.<\/p>\n\n\n\n<hr class=\"wp-block-separator has-alpha-channel-opacity\"\/>\n\n\n\n<p>Este jueves un reba\u00f1o de cabras pasar\u00e1 por la Bisbal del Pened\u00e8s. El reba\u00f1o, que hace la ruta del camino Ral Vilafranca-Montblanc, pasar\u00e1 por el municipio ma\u00f1ana a mediod\u00eda. Los interesados en ver el reba\u00f1o, os pod\u00e9is esperar delante del cementerio sobre las 12:30h<\/p>\n\n\n\n<p>A partir de las 12:45h (aproximadamente) recibiremos al reba\u00f1o y compartiremos queso de estas cabras y una copa de vino de Cellers Domenys.<\/p>\n","protected":false},"excerpt":{"rendered":"<p>Aquest dijous un ramat de cabres passar\u00e0 per la Bisbal del Pened\u00e8s. El ramat, que fa la ruta del cam\u00ed Ral Vilafranca-Montblanc, passar\u00e0 pel municipi dem\u00e0 al migdia. Els interessats &hellip; <a href=\"https:\/\/bisbalpenedes.com\/web\/2023\/10\/04\/un-ramat-de-cabres-passara-per-la-bisbal-dema-al-migdia-farem-un-tast-de-formatge-de-les-cabres-i-de-vi-de-cellers-domenys\/\" class=\"more-link\">Read More<\/a><\/p>\n","protected":false},"author":4,"featured_media":27893,"comment_status":"closed","ping_status":"closed","sticky":false,"template":"","format":"standard","meta":[],"categories":[8,4878],"tags":[459,5954,855,393,5818,6268,5914,6269],"_links":{"self":[{"href":"https:\/\/bisbalpenedes.com\/web\/wp-json\/wp\/v2\/posts\/27892"}],"collection":[{"href":"https:\/\/bisbalpenedes.com\/web\/wp-json\/wp\/v2\/posts"}],"about":[{"href":"https:\/\/bisbalpenedes.com\/web\/wp-json\/wp\/v2\/types\/post"}],"author":[{"embeddable":true,"href":"https:\/\/bisbalpenedes.com\/web\/wp-json\/wp\/v2\/users\/4"}],"replies":[{"embeddable":true,"href":"https:\/\/bisbalpenedes.com\/web\/wp-json\/wp\/v2\/comments?post=27892"}],"version-history":[{"count":1,"href":"https:\/\/bisbalpenedes.com\/web\/wp-json\/wp\/v2\/posts\/27892\/revisions"}],"predecessor-version":[{"id":27894,"href":"https:\/\/bisbalpenedes.com\/web\/wp-json\/wp\/v2\/posts\/27892\/revisions\/27894"}],"wp:featuredmedia":[{"embeddable":true,"href":"https:\/\/bisbalpenedes.com\/web\/wp-json\/wp\/v2\/media\/27893"}],"wp:attachment":[{"href":"https:\/\/bisbalpenedes.com\/web\/wp-json\/wp\/v2\/media?parent=27892"}],"wp:term":[{"taxonomy":"category","embeddable":true,"href":"https:\/\/bisbalpenedes.com\/web\/wp-json\/wp\/v2\/categories?post=27892"},{"taxonomy":"post_tag","embeddable":true,"href":"https:\/\/bisbalpenedes.com\/web\/wp-json\/wp\/v2\/tags?post=27892"}],"curies":[{"name":"wp","href":"https:\/\/api.w.org\/{rel}","templated":true}]}}