{"id":27882,"date":"2023-10-04T13:48:20","date_gmt":"2023-10-04T11:48:20","guid":{"rendered":"https:\/\/bisbalpenedes.com\/web\/?p=27882"},"modified":"2023-10-04T13:48:20","modified_gmt":"2023-10-04T11:48:20","slug":"la-inspectora-municipal-ha-pres-possessio-de-la-seva-placa-aquest-dilluns-2-doctubre","status":"publish","type":"post","link":"https:\/\/bisbalpenedes.com\/web\/2023\/10\/04\/la-inspectora-municipal-ha-pres-possessio-de-la-seva-placa-aquest-dilluns-2-doctubre\/","title":{"rendered":"<strong>La inspectora municipal ha pres possessi\u00f3 de la seva pla\u00e7a aquest dilluns 2 d&#8217;octubre<\/strong>"},"content":{"rendered":"\n<p>Aquest dilluns 2 d&#8217;octubre, Marta Nicolau ha pres possessi\u00f3 de la pla\u00e7a d&#8217;inspectora en r\u00e8gim de funcion\u00e0ria de carrera, segons el Decret d&#8217;alcaldia del 25 de setembre, de nomenament. El dia 1 d&#8217;octubre es van iniciar 2 mesos de prova.<\/p>\n\n\n\n<p>Les funcions d&#8217;aquesta pla\u00e7a s\u00f3n les seg\u00fcents:<\/p>\n\n\n\n<ul><li>Inspecci\u00f3 de l\u2019espai p\u00fablic, en l\u2019\u00e0mbit de les compet\u00e8ncies municipals, en mat\u00e8ries com urbanisme, medi ambient, via p\u00fablica, instal\u00b7lacions i equipaments municipals i activitats.<\/li><li>Seguiment i comprovaci\u00f3 d\u2019obres i activitats respecte al compliment de la normativa i les ordenances municipals vigents, aix\u00ed com les llic\u00e8ncies municipals concedides.<\/li><li>Emissi\u00f3 d\u2019actes d\u2019inspecci\u00f3.<\/li><li>Coordinaci\u00f3 amb els Serveis T\u00e8cnics municipals.<\/li><li>Suport administratiu en les tasques derivades del desenvolupament del servei.<\/li><li>Qualsevol altra funci\u00f3 que li sigui encomanada d\u2019acord amb el seu nivell de titulaci\u00f3 i grup de classificaci\u00f3 professional.<\/li><\/ul>\n\n\n\n<p>Un total de 13 persones van presentar-se a la convocat\u00f2ria de la pla\u00e7a d&#8217;inspector\/a (grup C2) en r\u00e8gim de funcionari\/a de carrera, mitjan\u00e7ant concurs, en el marc del proc\u00e9s d&#8217;estabilitzaci\u00f3 de l&#8217;ocupaci\u00f3 temporal de l&#8217;Ajuntament de la Bisbal del Pened\u00e8s. De les 13 persones presentades, 3 van quedar excloses per no presentar la documentaci\u00f3 necess\u00e0ria per avaluar els requisits i m\u00e8rits de les places i 4 no van superar la prova de catal\u00e0 de nivell C1.<\/p>\n\n\n\n<p>El Tribunal va nomenar la candidata amb m\u00e9s puntuaci\u00f3 per ocupar la pla\u00e7a d&#8217;inspectora. Les cinc persones restants formaran part de la borsa de treball d&#8217;inspectors\/es per cobrir vacants temporals o per atendre necessitats urgents.<\/p>\n\n\n\n<hr class=\"wp-block-separator has-alpha-channel-opacity\"\/>\n\n\n\n<p><strong>CASTELLANO |<\/strong>&nbsp;Este lunes 2 de octubre, Marta Nicolau ha tomado posesi\u00f3n de la plaza de inspectora den r\u00e9gimen de funcionaria de carrera, seg\u00fan el Decreto de alcald\u00eda del 25 de septiembre, de nombramiento. El 1 de octubre se iniciaron 2 meses de prueba.<\/p>\n\n\n\n<p>Las funciones de esta plaza son las siguientes:<\/p>\n\n\n\n<ul><li>Inspecci\u00f3n del espacio p\u00fablico, en el \u00e1mbito de las competencias municipales, en materias como urbanismo, medio ambiente, v\u00eda p\u00fablica, instalaciones y equipamientos municipales y actividades.<\/li><li>Seguimiento y comprobaci\u00f3n de obras y actividades respecto al cumplimiento de la normativa y las ordenanzas municipales vigentes, as\u00ed como las licencias municipales concedidas.<\/li><li>Emisi\u00f3n de actas de inspecci\u00f3n.<\/li><li>Coordinaci\u00f3n con los Servicios T\u00e9cnicos municipales.<\/li><li>Apoyo administrativo en las tareas derivadas del desarrollo del servicio.<\/li><li>Cualquier otra funci\u00f3n que le sea encomendada de acuerdo con su nivel de titulaci\u00f3n y grupo de clasificaci\u00f3n profesional.<\/li><\/ul>\n\n\n\n<p>Un total de 13 personas se presentaron a la convocatoria de la plaza de inspector\/a (grupo C2) en r\u00e9gimen de funcionario\/a de carrera, mediante concurso, en el marco del proceso de estabilizaci\u00f3n de la ocupaci\u00f3n temporal del Ayuntamiento de la Bisbal del Pened\u00e8s. De las 13 personas presentadas, 3 quedaron excluidas por no presentar la documentaci\u00f3n necesaria para evaluar los requisitos y m\u00e9ritos de las plazas y 4 no superaron la prueba de catal\u00e1n de nivel C1.<\/p>\n\n\n\n<p>El Tribunal nombr\u00f3 a la candidata con m\u00e1s puntuaci\u00f3n para ocupar la plaza de inspectora. Las cinco personas restantes formar\u00e1n parte de la bolsa de trabajo de inspectores\/as para cubrir vacantes temporales o para atender necesidades urgentes.<\/p>\n","protected":false},"excerpt":{"rendered":"<p>Aquest dilluns 2 d&#8217;octubre, Marta Nicolau ha pres possessi\u00f3 de la pla\u00e7a d&#8217;inspectora en r\u00e8gim de funcion\u00e0ria de carrera, segons el Decret d&#8217;alcaldia del 25 de setembre, de nomenament. El &hellip; <a href=\"https:\/\/bisbalpenedes.com\/web\/2023\/10\/04\/la-inspectora-municipal-ha-pres-possessio-de-la-seva-placa-aquest-dilluns-2-doctubre\/\" class=\"more-link\">Read More<\/a><\/p>\n","protected":false},"author":4,"featured_media":27883,"comment_status":"closed","ping_status":"closed","sticky":false,"template":"","format":"standard","meta":[],"categories":[2402,8],"tags":[6267,6266,393,407],"_links":{"self":[{"href":"https:\/\/bisbalpenedes.com\/web\/wp-json\/wp\/v2\/posts\/27882"}],"collection":[{"href":"https:\/\/bisbalpenedes.com\/web\/wp-json\/wp\/v2\/posts"}],"about":[{"href":"https:\/\/bisbalpenedes.com\/web\/wp-json\/wp\/v2\/types\/post"}],"author":[{"embeddable":true,"href":"https:\/\/bisbalpenedes.com\/web\/wp-json\/wp\/v2\/users\/4"}],"replies":[{"embeddable":true,"href":"https:\/\/bisbalpenedes.com\/web\/wp-json\/wp\/v2\/comments?post=27882"}],"version-history":[{"count":1,"href":"https:\/\/bisbalpenedes.com\/web\/wp-json\/wp\/v2\/posts\/27882\/revisions"}],"predecessor-version":[{"id":27884,"href":"https:\/\/bisbalpenedes.com\/web\/wp-json\/wp\/v2\/posts\/27882\/revisions\/27884"}],"wp:featuredmedia":[{"embeddable":true,"href":"https:\/\/bisbalpenedes.com\/web\/wp-json\/wp\/v2\/media\/27883"}],"wp:attachment":[{"href":"https:\/\/bisbalpenedes.com\/web\/wp-json\/wp\/v2\/media?parent=27882"}],"wp:term":[{"taxonomy":"category","embeddable":true,"href":"https:\/\/bisbalpenedes.com\/web\/wp-json\/wp\/v2\/categories?post=27882"},{"taxonomy":"post_tag","embeddable":true,"href":"https:\/\/bisbalpenedes.com\/web\/wp-json\/wp\/v2\/tags?post=27882"}],"curies":[{"name":"wp","href":"https:\/\/api.w.org\/{rel}","templated":true}]}}