{"id":27871,"date":"2023-10-04T13:38:44","date_gmt":"2023-10-04T11:38:44","guid":{"rendered":"https:\/\/bisbalpenedes.com\/web\/?p=27871"},"modified":"2023-10-04T13:51:33","modified_gmt":"2023-10-04T11:51:33","slug":"el-ple-ordinari-del-dilluns-18-de-setembre-va-aprovar-inicialment-lordenanca-reguladora-de-la-conservacio-i-neteja-de-parcelles","status":"publish","type":"post","link":"https:\/\/bisbalpenedes.com\/web\/2023\/10\/04\/el-ple-ordinari-del-dilluns-18-de-setembre-va-aprovar-inicialment-lordenanca-reguladora-de-la-conservacio-i-neteja-de-parcelles\/","title":{"rendered":"<strong>El Ple ordinari del dilluns 18 de setembre va aprovar inicialment l&#8217;ordenan\u00e7a reguladora de la conservaci\u00f3 i neteja de parcel\u00b7les<\/strong>"},"content":{"rendered":"\n<p><sub>*Imatge d&#8217;arxiu<\/sub><\/p>\n\n\n\n<p>El primer <a href=\"https:\/\/bisbalpenedes.com\/web\/2023\/09\/20\/aquest-dilluns-18-de-setembre-sha-celebrat-el-primer-ple-ordinari-del-mandat-a-lajuntament-de-la-bisbal-del-penedes\/\">Ple ordinari<\/a> del mandat, celebrat el dilluns 18 de setembre, va aprovar inicialment i per unanimitat l&#8217;Ordenan\u00e7a municipal reguladora de la conservaci\u00f3 i neteja de parcel\u00b7les. <a href=\"https:\/\/bisbalpenedes.com\/web\/wp-content\/uploads\/2023\/09\/Proposta-ordenan\u00e7a.pdf\">El text<\/a> t\u00e9 per objectiu mantenir la conservaci\u00f3 i salubritat de les parcel\u00b7les i incrementar la seguretat de les persones i dels b\u00e9ns personals i materials de tot el municipi.<\/p>\n\n\n\n<p><a href=\"https:\/\/bisbalpenedes.com\/web\/wp-content\/uploads\/2023\/09\/Proposta-ordenan\u00e7a.pdf\">El text<\/a> aprovat obligar\u00e0 els propietaris a mantenir els terrenys en bones condicions: els terrenys han d&#8217;estar lliures de vegetaci\u00f3 baixa i arbustiva, els arbres han d&#8217;estar podats i aclarits i s&#8217;han de mantenir les propietats en bones condicions de seguretat i salubritat. A m\u00e9s estableix els criteris amb els quals s&#8217;han de dur a terme les podes o l&#8217;aclarida de matolls. Els propietaris tamb\u00e9 hauran de mantenir les parcel\u00b7les netes de plagues d&#8217;insectes, de rosegadors o de qualsevol altre animal que pugui suposar un problema sanitari. Tamb\u00e9 quedaran expressament prohibits els abocaments, els abandonaments de maquin\u00e0ria o qualsevol element f\u00edsic que representi un impacte visual i ser\u00e0 obligatori retirar les marquesines o tanques publicit\u00e0ries que no s&#8217;utilitzin.<\/p>\n\n\n\n<p>D&#8217;altra banda, per evitar la procreaci\u00f3 d&#8217;insectes i altres animals en solars i parcel\u00b7les buides en qu\u00e8, per la tipologia de terreny, quedi aigua acumulada, els propietaris hauran de dotar la parcel\u00b7la d&#8217;algun sistema d&#8217;evacuaci\u00f3 o filtraci\u00f3 d&#8217;aig\u00fces que eviti la creaci\u00f3 de qualsevol bassa o estancament d&#8217;aigua en el seu interior.<\/p>\n\n\n\n<p>Si no hi ha al\u00b7legacions durant del per\u00edode d&#8217;exposici\u00f3 p\u00fablica, aquesta quedar\u00e0 aprovada definitivament. En cas que hi hagi al\u00b7legacions, aquestes s&#8217;hauran de resoldre abans de l&#8217;aprovaci\u00f3 definitiva de l&#8217;ordenan\u00e7a.<\/p>\n\n\n\n<p>Val a dir que, a principis de gener, es va aprovar una despesa menor per al servei d&#8217;elaboraci\u00f3 d&#8217;un inventari de parcel\u00b7les sense edificar al municipi i de redacci\u00f3 d&#8217;una ordenan\u00e7a per a la neteja i el manteniment d&#8217;aquestes. L&#8217;inventari de parcel\u00b7les detalla quantes parcel\u00b7les buides hi ha, la localitzaci\u00f3, l&#8217;estat de la vegetaci\u00f3 i arbrat i la dimensi\u00f3. Actualment, al municipi hi ha un total de 1.044 parcel\u00b7les buides: 1 a l&#8217;Ortig\u00f3s, 29 al nucli, 29 al Papagai, 132 al Priorat, 179 a La Miralba, 204 a l&#8217;Esplai i la Masieta, 204 a La Pineda de Santa Cristina i 266 a Can Gordei.<\/p>\n\n\n\n<p>Posteriorment, al mar\u00e7, es va iniciar una consulta p\u00fablica d&#8217;un mes en la que van participar nou persones i, posteriorment, va tenir lloc la comissi\u00f3 de treball per preparar l&#8217;ordenan\u00e7a, que es va centrar en l\u2019inventari de parcel\u00b7les sense edificar al municipi, la proposta d\u2019ordenan\u00e7a reguladora de la neteja i conservaci\u00f3 d\u2019aquestes i les opinions i propostes de les nou persones participants en la consulta. Com a resultat d&#8217;aquesta feina, s&#8217;ha elaborat el text de l&#8217;ordenan\u00e7a aprovada inicialment en aquest Ple.<\/p>\n\n\n\n<p>Cal recordar que el 19 de setembre de 2022 el Ple va aprovar, per unanimitat, la moci\u00f3 presentada pel grup municipal &#8216;Ara la Bisbal&#8217; per <em>&#8220;fer una consulta p\u00fablica per a la redacci\u00f3 d&#8217;una ordenan\u00e7a per a l&#8217;obligaci\u00f3 de neteja i conservaci\u00f3 dels solars urbans&#8221;<\/em>. A partir d&#8217;aqu\u00ed, es van anar tirant endavant totes les passes necess\u00e0ries fins a l&#8217;aprovaci\u00f3 inicial del text d&#8217;aquesta nova ordenan\u00e7a.<\/p>\n\n\n\n<hr class=\"wp-block-separator has-alpha-channel-opacity\"\/>\n\n\n\n<p><strong>CASTELLANO |<\/strong> El primer <a rel=\"noreferrer noopener\" href=\"https:\/\/bisbalpenedes.com\/web\/2023\/09\/20\/aquest-dilluns-18-de-setembre-sha-celebrat-el-primer-ple-ordinari-del-mandat-a-lajuntament-de-la-bisbal-del-penedes\/\" target=\"_blank\">Pleno ordinario<\/a> del mandato, celebrado el lunes 18 de septiembre, aprob\u00f3 inicialmente y por unanimidad la Ordenanza municipal reguladora de la conservaci\u00f3n y limpieza de parcelas. El texto tiene como objetivo mantener la conservaci\u00f3n y salubridad de las parcelas e incrementar la seguridad de las personas y de los bienes personales y materiales de todo el muncipio.<\/p>\n\n\n\n<p><a href=\"https:\/\/bisbalpenedes.com\/web\/wp-content\/uploads\/2023\/09\/Proposta-ordenanc\u0327a.pdf\" target=\"_blank\" rel=\"noreferrer noopener\">El texto<\/a> aprobado obligar\u00e1 a los propietarios a mantener los terrenos en buenas condiciones: los terrenos tendr\u00e1n que estar libres de vegetaci\u00f3n baja y arbustiva, los \u00e1rboles tendr\u00e1n que estar podados y aclarados y se tienen que mantener las propiedades en buenas condiciones de seguridad y salubridad. Adem\u00e1s, establece los criterios con los que se tienen que llevar a cabo las podas o clareos de matojos. Los propietarios tambi\u00e9n tendr\u00e1n que mantener las parcelas limpias de plagas de insectos, roedores o de cualquier otro animal que pueda suponer un problema sanitario. Tambi\u00e9n quedaran expresamente prohibidos los vertidos, los abandonos de maquinaria o cualquier elemento f\u00edsico que represente un impacto visual y ser\u00e1 obligatorio retirar las marquesinas o vallas publicitarias que no se utilicen.<\/p>\n\n\n\n<p>Por otro lado, para evitar la procreaci\u00f3n de insectos y otros animales en solares y parcelas vac\u00edas en las que, por la tipolog\u00eda del terreno, quede agua acumulada, los propietarios tendr\u00e1n que dotar la parcela de alg\u00fan sistema de evacuaci\u00f3n o filtraci\u00f3n de aguas que evite la creaci\u00f3n de cualquier charco o estancamiento de agua en su interior.<\/p>\n\n\n\n<p>Si no hay alegaciones durante el periodo de exposici\u00f3n p\u00fablica, esta quedar\u00e1 aprobada definitivamente. En caso que haya alegaciones, estas deber\u00e1n resolverse antes de la aprobaci\u00f3n definitiva de la ordenanza.<\/p>\n\n\n\n<p>Cabe decir que, a principios de enero, se aprob\u00f3 un gasto menor para el servicio de elaboraci\u00f3n de un inventario de parcelas sin edificar en el municipio y de redacci\u00f3n de una ordenanza para la limpieza y mantenimiento de estas. El inventario de parcelas detalla cuantas parcelas vac\u00edas hay, la localizaci\u00f3n, el estado de la vegetaci\u00f3n y el arbolado y la dimensi\u00f3n. Actualmente, en el municipio hay un total de 1.044 parcelas vac\u00edas: 1 en l&#8217;Ortig\u00f3s, 29 en el n\u00facleo, 29 en el Papagai, 132 en el Priorat, 179 en La Miralba, 204 en l&#8217;Esplai y la Masieta, 204 en La Pineda de Santa Cristina i 266 en Can Gordei.<\/p>\n\n\n\n<p>Posteriormente, en marzo, se inici\u00f3 una consulta p\u00fablica de un mes en la que participaron nueve personas y, posteriormente, tuvo lugar la comisi\u00f3n de trabajo para preparar la ordenanza, que se centr\u00f3 en el inventario de parcelas sin edificar en el municipio, la propuesta de ordenanza reguladora de la limpieza y conservaci\u00f3n de estas y las opiniones y propuestas de las nueve personas participantes en la consulta. Como resultado de este trabajo, se ha elaborado un texto de la ordenanza aprobada inicialmente en este Pleno.<\/p>\n\n\n\n<p>Cabe recordar que el 19 de septiembre de 2022 el Pleno aprob\u00f3, por unanimidad, la moci\u00f3n presentada por el grupo municipal &#8216;Ara la Bisbal&#8217; para <em>&#8220;hacer una consulta p\u00fablica para la redacci\u00f3n de una ordenanza para la obligaci\u00f3n de limpieza y conservaci\u00f3n de los solares urbanos&#8221;<\/em>. A partir de aqu\u00ed, se fueron haciendo todos los pasos necesarios hasta la aprobaci\u00f3n inicial del texto de esta nueva ordenanza.<\/p>\n","protected":false},"excerpt":{"rendered":"<p>*Imatge d&#8217;arxiu El primer Ple ordinari del mandat, celebrat el dilluns 18 de setembre, va aprovar inicialment i per unanimitat l&#8217;Ordenan\u00e7a municipal reguladora de la conservaci\u00f3 i neteja de parcel\u00b7les. &hellip; <a href=\"https:\/\/bisbalpenedes.com\/web\/2023\/10\/04\/el-ple-ordinari-del-dilluns-18-de-setembre-va-aprovar-inicialment-lordenanca-reguladora-de-la-conservacio-i-neteja-de-parcelles\/\" class=\"more-link\">Read More<\/a><\/p>\n","protected":false},"author":4,"featured_media":24772,"comment_status":"closed","ping_status":"closed","sticky":false,"template":"","format":"standard","meta":[],"categories":[2402,32,8],"tags":[5803,393,335,6265,1049,1020,249,2629],"_links":{"self":[{"href":"https:\/\/bisbalpenedes.com\/web\/wp-json\/wp\/v2\/posts\/27871"}],"collection":[{"href":"https:\/\/bisbalpenedes.com\/web\/wp-json\/wp\/v2\/posts"}],"about":[{"href":"https:\/\/bisbalpenedes.com\/web\/wp-json\/wp\/v2\/types\/post"}],"author":[{"embeddable":true,"href":"https:\/\/bisbalpenedes.com\/web\/wp-json\/wp\/v2\/users\/4"}],"replies":[{"embeddable":true,"href":"https:\/\/bisbalpenedes.com\/web\/wp-json\/wp\/v2\/comments?post=27871"}],"version-history":[{"count":6,"href":"https:\/\/bisbalpenedes.com\/web\/wp-json\/wp\/v2\/posts\/27871\/revisions"}],"predecessor-version":[{"id":27885,"href":"https:\/\/bisbalpenedes.com\/web\/wp-json\/wp\/v2\/posts\/27871\/revisions\/27885"}],"wp:featuredmedia":[{"embeddable":true,"href":"https:\/\/bisbalpenedes.com\/web\/wp-json\/wp\/v2\/media\/24772"}],"wp:attachment":[{"href":"https:\/\/bisbalpenedes.com\/web\/wp-json\/wp\/v2\/media?parent=27871"}],"wp:term":[{"taxonomy":"category","embeddable":true,"href":"https:\/\/bisbalpenedes.com\/web\/wp-json\/wp\/v2\/categories?post=27871"},{"taxonomy":"post_tag","embeddable":true,"href":"https:\/\/bisbalpenedes.com\/web\/wp-json\/wp\/v2\/tags?post=27871"}],"curies":[{"name":"wp","href":"https:\/\/api.w.org\/{rel}","templated":true}]}}