{"id":27866,"date":"2023-10-06T01:00:00","date_gmt":"2023-10-05T23:00:00","guid":{"rendered":"https:\/\/bisbalpenedes.com\/web\/?p=27866"},"modified":"2023-10-04T11:17:39","modified_gmt":"2023-10-04T09:17:39","slug":"lalcaldessa-i-la-primera-tinenta-dalcaldia-de-lajuntament-de-la-bisbal-del-penedes-van-assistir-a-la-xxvi-assemblea-de-lacm-el-passat-20-de-setembre","status":"publish","type":"post","link":"https:\/\/bisbalpenedes.com\/web\/2023\/10\/06\/lalcaldessa-i-la-primera-tinenta-dalcaldia-de-lajuntament-de-la-bisbal-del-penedes-van-assistir-a-la-xxvi-assemblea-de-lacm-el-passat-20-de-setembre\/","title":{"rendered":"<strong>L&#8217;alcaldessa i la primera tinenta d&#8217;alcaldia de l&#8217;Ajuntament de la Bisbal del Pened\u00e8s van assistir a la XXVI assemblea de l&#8217;ACM el passat 20 de setembre<\/strong>"},"content":{"rendered":"\n<p><strong>L&#8217;alcaldessa de la Bisbal del Pened\u00e8s forma part de la composici\u00f3 de la nova executiva de l&#8217;ACM<\/strong><\/p>\n\n\n\n<p>El passat 20 de setembre es va celebrar la XXVI assemblea de l&#8217;ACM a Lloret de Mar i l&#8217;alcaldessa de la Bisbal, Agn\u00e8s Ferr\u00e9, i la primera tinenta d&#8217;alcaldia, Judith Vidal, hi van assistir. L&#8217;alcaldessa de la Garriga, Meritxell Bud\u00f3, va ser escollida com a presidenta de l&#8217;entitat amb un 95,48% dels vots, substituint en el c\u00e0rrec a l&#8217;alcalde de Deltebre, Llu\u00eds Soler. L\u2019assemblea tamb\u00e9 va aprovar la composici\u00f3 de la nova executiva de l&#8217;ACM, que comptar\u00e0 amb l&#8217;alcaldessa de la Bisbal del Pened\u00e8s per segon mandat consecutiu.<\/p>\n\n\n\n<p>Aquest dimarts 3 d&#8217;octubre s&#8217;ha reunit, per primera vegada, el nou Comit\u00e8 Executiu de l&#8217;ACM. La sessi\u00f3 ha servit per nomenar Miquel Buch com a nou secretari general de l&#8217;ACM, substituint Joana Ortega en el c\u00e0rrec. Buch t\u00e9 una dil\u00b7latada experi\u00e8ncia, ja que ha estat Conseller d&#8217;Interior (2018-2020) de la Generalitat de Catalunya, diputat del Parlament de Catalunya (2019-2021), alcalde de Premi\u00e0 de Mar (2007-2017) i president de l&#8217;ACM (2011-2017). L&#8217;executiva de l&#8217;ACM tamb\u00e9 ha aprovat la creaci\u00f3 i regulaci\u00f3 de les vicepresid\u00e8ncies i de les diferents \u00e0rees.<\/p>\n\n\n\n<hr class=\"wp-block-separator has-alpha-channel-opacity\"\/>\n\n\n\n<p><strong>CASTELLANO <\/strong>| <strong>La alcaldesa de la Bisbal del Pened\u00e8s forma parte de la composici\u00f3n de la nueva ejecutiva de la ACM<\/strong><\/p>\n\n\n\n<p> El pasado 20 de septiembre se celebr\u00f3 la XXVI asamblea de la ACM en Lloret de Mar y la alcaldesa de la Bisbal, Agn\u00e8s Ferr\u00e9, y la primera tenienta de alcald\u00eda, Judith Vidal, asistieron al acto. La alcaldesa de la Garriga, Meritxell Bud\u00f3, fue elegida presidenta de la entidad con un 95,48% de los votos, sustituyendo en el cargo al alcalde de Deltebre, Llu\u00eds Soler. La asamblea tambi\u00e9n aprob\u00f3 la composici\u00f3n de la nueva ejecutiva de la ACM, que seguir\u00e1 contado con la alcaldesa de la Bisbal del Pened\u00e8s por segundo mandato consecutivo.<\/p>\n\n\n\n<p>Este martes 3 de octubre se ha reunido, por primera vez, el nuevo Comit\u00e9 Ejecutivo de la ACM. La sesi\u00f3n ha servido para nombrar a Miquel Buch como nuevo secretario general de la ACM, sustituyendo a Joana Ortega en el cargo. Buch cuenta con una dilatada experiencia, ya que ha sido Conseller de Interior (2018-2020) de la Generalitat de Catalunya, diputado del Parlamento de Catalunya (2019-2021), alcalde de Premi\u00e0 de Mar (2007-2017) y presidente de la ACM (2011-2017). La ejecutiva de la ACM tambi\u00e9n ha aprobado la creaci\u00f3n y regulaci\u00f3n de las vicepresidencias y de las distintas \u00e1reas.<\/p>\n","protected":false},"excerpt":{"rendered":"<p>L&#8217;alcaldessa de la Bisbal del Pened\u00e8s forma part de la composici\u00f3 de la nova executiva de l&#8217;ACM El passat 20 de setembre es va celebrar la XXVI assemblea de l&#8217;ACM &hellip; <a href=\"https:\/\/bisbalpenedes.com\/web\/2023\/10\/06\/lalcaldessa-i-la-primera-tinenta-dalcaldia-de-lajuntament-de-la-bisbal-del-penedes-van-assistir-a-la-xxvi-assemblea-de-lacm-el-passat-20-de-setembre\/\" class=\"more-link\">Read More<\/a><\/p>\n","protected":false},"author":4,"featured_media":27867,"comment_status":"closed","ping_status":"closed","sticky":false,"template":"","format":"standard","meta":[],"categories":[2057,8],"tags":[874,876,459,393],"_links":{"self":[{"href":"https:\/\/bisbalpenedes.com\/web\/wp-json\/wp\/v2\/posts\/27866"}],"collection":[{"href":"https:\/\/bisbalpenedes.com\/web\/wp-json\/wp\/v2\/posts"}],"about":[{"href":"https:\/\/bisbalpenedes.com\/web\/wp-json\/wp\/v2\/types\/post"}],"author":[{"embeddable":true,"href":"https:\/\/bisbalpenedes.com\/web\/wp-json\/wp\/v2\/users\/4"}],"replies":[{"embeddable":true,"href":"https:\/\/bisbalpenedes.com\/web\/wp-json\/wp\/v2\/comments?post=27866"}],"version-history":[{"count":1,"href":"https:\/\/bisbalpenedes.com\/web\/wp-json\/wp\/v2\/posts\/27866\/revisions"}],"predecessor-version":[{"id":27868,"href":"https:\/\/bisbalpenedes.com\/web\/wp-json\/wp\/v2\/posts\/27866\/revisions\/27868"}],"wp:featuredmedia":[{"embeddable":true,"href":"https:\/\/bisbalpenedes.com\/web\/wp-json\/wp\/v2\/media\/27867"}],"wp:attachment":[{"href":"https:\/\/bisbalpenedes.com\/web\/wp-json\/wp\/v2\/media?parent=27866"}],"wp:term":[{"taxonomy":"category","embeddable":true,"href":"https:\/\/bisbalpenedes.com\/web\/wp-json\/wp\/v2\/categories?post=27866"},{"taxonomy":"post_tag","embeddable":true,"href":"https:\/\/bisbalpenedes.com\/web\/wp-json\/wp\/v2\/tags?post=27866"}],"curies":[{"name":"wp","href":"https:\/\/api.w.org\/{rel}","templated":true}]}}