{"id":27861,"date":"2023-10-06T05:00:00","date_gmt":"2023-10-06T03:00:00","guid":{"rendered":"https:\/\/bisbalpenedes.com\/web\/?p=27861"},"modified":"2023-10-04T11:04:43","modified_gmt":"2023-10-04T09:04:43","slug":"la-regidora-de-turisme-ha-estat-nomenada-vicepresidenta-6a-del-consorci-de-promocio-turistica-del-penedes","status":"publish","type":"post","link":"https:\/\/bisbalpenedes.com\/web\/2023\/10\/06\/la-regidora-de-turisme-ha-estat-nomenada-vicepresidenta-6a-del-consorci-de-promocio-turistica-del-penedes\/","title":{"rendered":"<strong>La regidora de Turisme ha estat nomenada vicepresidenta 6a del Consorci de Promoci\u00f3 Tur\u00edstica del Pened\u00e8s<\/strong>"},"content":{"rendered":"\n<p>El passat dimecres 20 de setembre, la Regidora de Turisme, Judith Vidal, va ser nomenada vicepresidenta 6a del Consorci de Promoci\u00f3 Tur\u00edstica del Pened\u00e8s i, per tant, membre de la Junta de govern del Consorci. Durant el mandat 2019\/23, Vidal ja va ser vicepresidenta i membre de la Junta de govern de l&#8217;entitat, amb la presid\u00e8ncia de Ramon Riera.<\/p>\n\n\n\n<p>La Regidora Judith Vidal ha explicat que <em>&#8220;l\u2019Ajuntament de la Bisbal del Pened\u00e8s forma part del Consorci de Promoci\u00f3 Tur\u00edstica del Pened\u00e8s des de l\u2019any 2017, quan presidia l&#8217;entitat Sergi Vall\u00e8s. Des del passat mes de juliol el president \u00e9s el Sr. Llu\u00eds Valls i ara s\u2019ha format un nou equip de representants. Per a mi \u00e9s un orgull continuar treballant en aquesta \u00e0rea perqu\u00e8 des de l\u2019Ajuntament de la Bisbal del Pened\u00e8s tenim l\u2019objectiu de promoure tot all\u00f2 que tenim i ens identifica, com poden ser els productes de la terra i de proximitat, els allotjaments i restaurants, els camins i el patrimoni, les pintures murals o les activitats que duen a terme molts bisbalencs, com ara l\u2019escalada o la tradici\u00f3 castellera del municipi\u201d.<\/em><\/p>\n\n\n\n<p>El Consorci de Promoci\u00f3 Tur\u00edstica del Pened\u00e8s \u00e9s un organisme format per entitats p\u00fabliques i privades amb l&#8217;objectiu de promoure pol\u00edtiques tur\u00edstiques dins de la Denominaci\u00f3 d&#8217;Origen Pened\u00e8s.<\/p>\n\n\n\n<p>Aquest dilluns 2 d&#8217;octubre, l&#8217;alcaldessa de la Bisbal del Pened\u00e8s, Agn\u00e8s Ferr\u00e9, i la regidora de Turisme, Judith Vidal, s&#8217;han reunit amb el president del Consorci de Promoci\u00f3 Tur\u00edstica del Pened\u00e8s, Llu\u00eds Valls, i la directora del Consorci, N\u00faria Sala. Durant la trobada, que ha tingut lloc a l&#8217;Ajuntament de la Bisbal del Pened\u00e8s, s&#8217;han abordat diversos temes relacionats amb el turisme i el nostre municipi, posant especial \u00e8mfasi en les pintures murals que s&#8217;han fet recentment al municipi.\u00a0<\/p>\n\n\n\n<figure class=\"wp-block-image size-large\"><img loading=\"lazy\" width=\"1024\" height=\"768\" src=\"https:\/\/bisbalpenedes.com\/web\/wp-content\/uploads\/2023\/10\/2023-10-02-14.26.35-1024x768.jpg\" alt=\"\" class=\"wp-image-27863\" srcset=\"https:\/\/bisbalpenedes.com\/web\/wp-content\/uploads\/2023\/10\/2023-10-02-14.26.35-1024x768.jpg 1024w, https:\/\/bisbalpenedes.com\/web\/wp-content\/uploads\/2023\/10\/2023-10-02-14.26.35-300x225.jpg 300w, https:\/\/bisbalpenedes.com\/web\/wp-content\/uploads\/2023\/10\/2023-10-02-14.26.35-768x576.jpg 768w, https:\/\/bisbalpenedes.com\/web\/wp-content\/uploads\/2023\/10\/2023-10-02-14.26.35-1536x1152.jpg 1536w, https:\/\/bisbalpenedes.com\/web\/wp-content\/uploads\/2023\/10\/2023-10-02-14.26.35-2048x1536.jpg 2048w, https:\/\/bisbalpenedes.com\/web\/wp-content\/uploads\/2023\/10\/2023-10-02-14.26.35-600x450.jpg 600w\" sizes=\"(max-width: 1024px) 100vw, 1024px\" \/><\/figure>\n\n\n\n<hr class=\"wp-block-separator has-alpha-channel-opacity\"\/>\n\n\n\n<p><strong>CASTELLANO |<\/strong> El pasado mi\u00e9rcoles 20 de septiembre, la Concejala de Turismo, Judith Vidal, fue nombrada vicepresidenta 6a del Consorci de Promoci\u00f3 Tur\u00edstica del Pened\u00e8s y, por tanto, miembro de la Junta de gobierno del Consorcio. Durante el mandato 2019\/23, Vidal ya fue presidenta y miembro de la Junta de gobierno de la entidad, con la presidencia de Ramon Riera.<\/p>\n\n\n\n<p>La Concejala Judith Vidal ha explicado que &#8220;el Ayuntamiento de la Bisbal del Pened\u00e8s forma parte del Consorci de Promoci\u00f3 Tur\u00edstica del Pened\u00e8s desde el a\u00f1o 2017, cuando presid\u00eda la entidad Sergi Vall\u00e8s. Desde el pasado mes de julio el presidente es el Sr. Llu\u00eds Valls y ahora se ha formado un nuevo equipo de representantes. Para m\u00ed es un orgullo seguir trabajando en esta \u00e1rea porque desde el Ayuntamiento de la Bisbal del Pened\u00e8s tenemos el objetivo de promover todo aquello que tenemos y nos identifica, como pueden ser los productos de la tierra y de proximidad, los alojamientos y restaurantes, los caminos y el patrimonio, las pinturas murales o las actividades que llevan a cabo muchos bisbalencs, como por ejemplo la escalada o la tradici\u00f3n castellera del municipio&#8221;.<\/p>\n\n\n\n<p>El Consorci de Promoci\u00f3 Tur\u00edstica del Pened\u00e8s es un organismo formado por entidades p\u00fablicas y privadas con el objetivo de promover pol\u00edticas tur\u00edsticas dentro de la Denominaci\u00f3n de Origen Pened\u00e8s.<\/p>\n\n\n\n<p>Este lunes 2 de octubre, la alcaldesa de la Bisbal del Pened\u00e8s, Agn\u00e8s Ferr\u00e9, y la concejala de Turismo, Judith Vidal, se han reunido con el presidente del Consorci de Promoci\u00f3 Tur\u00edstica del Pened\u00e8s, Llu\u00eds Valls, y la directora del Consorci, N\u00faria Sala. Durante el encuentro, que ha tenido lugar en el Ayuntamiento de la Bisbal del Pened\u00e8s, se han abordado distintos temas relacionados con el turismo y nuestro municipio, poniendo especial \u00e9nfasis en las pinturas murales que se han hecho recientemente en el municipio.<\/p>\n\n\n\n<p>Aquest dilluns 2 d&#8217;octubre, l&#8217;alcaldessa de la Bisbal del Pened\u00e8s, Agn\u00e8s Ferr\u00e9, i la regidora de Turisme, Judith Vidal, s&#8217;han reunit amb el president del Consorci de Promoci\u00f3 Tur\u00edstica del Pened\u00e8s, Llu\u00eds Valls; i la directora del Consorci, N\u00faria Sala. Durant la trobada, que ha tingut lloc a l&#8217;Ajuntament de la Bisbal del Pened\u00e8s, s&#8217;han abordat diversos temes relacionats amb el turisme i el nostre municipi, posant especial \u00e8mfasi en les pintures murals que s&#8217;han fet recentment al municipi.&nbsp;<\/p>\n","protected":false},"excerpt":{"rendered":"<p>El passat dimecres 20 de setembre, la Regidora de Turisme, Judith Vidal, va ser nomenada vicepresidenta 6a del Consorci de Promoci\u00f3 Tur\u00edstica del Pened\u00e8s i, per tant, membre de la &hellip; <a href=\"https:\/\/bisbalpenedes.com\/web\/2023\/10\/06\/la-regidora-de-turisme-ha-estat-nomenada-vicepresidenta-6a-del-consorci-de-promocio-turistica-del-penedes\/\" class=\"more-link\">Read More<\/a><\/p>\n","protected":false},"author":4,"featured_media":27862,"comment_status":"closed","ping_status":"closed","sticky":false,"template":"","format":"standard","meta":[],"categories":[8,4878],"tags":[459,393,328],"_links":{"self":[{"href":"https:\/\/bisbalpenedes.com\/web\/wp-json\/wp\/v2\/posts\/27861"}],"collection":[{"href":"https:\/\/bisbalpenedes.com\/web\/wp-json\/wp\/v2\/posts"}],"about":[{"href":"https:\/\/bisbalpenedes.com\/web\/wp-json\/wp\/v2\/types\/post"}],"author":[{"embeddable":true,"href":"https:\/\/bisbalpenedes.com\/web\/wp-json\/wp\/v2\/users\/4"}],"replies":[{"embeddable":true,"href":"https:\/\/bisbalpenedes.com\/web\/wp-json\/wp\/v2\/comments?post=27861"}],"version-history":[{"count":2,"href":"https:\/\/bisbalpenedes.com\/web\/wp-json\/wp\/v2\/posts\/27861\/revisions"}],"predecessor-version":[{"id":27865,"href":"https:\/\/bisbalpenedes.com\/web\/wp-json\/wp\/v2\/posts\/27861\/revisions\/27865"}],"wp:featuredmedia":[{"embeddable":true,"href":"https:\/\/bisbalpenedes.com\/web\/wp-json\/wp\/v2\/media\/27862"}],"wp:attachment":[{"href":"https:\/\/bisbalpenedes.com\/web\/wp-json\/wp\/v2\/media?parent=27861"}],"wp:term":[{"taxonomy":"category","embeddable":true,"href":"https:\/\/bisbalpenedes.com\/web\/wp-json\/wp\/v2\/categories?post=27861"},{"taxonomy":"post_tag","embeddable":true,"href":"https:\/\/bisbalpenedes.com\/web\/wp-json\/wp\/v2\/tags?post=27861"}],"curies":[{"name":"wp","href":"https:\/\/api.w.org\/{rel}","templated":true}]}}