{"id":27854,"date":"2023-10-05T06:00:00","date_gmt":"2023-10-05T04:00:00","guid":{"rendered":"https:\/\/bisbalpenedes.com\/web\/?p=27854"},"modified":"2023-10-04T09:47:40","modified_gmt":"2023-10-04T07:47:40","slug":"laura-rogie-ha-estat-reelegida-presidenta-de-la-cambra-de-tarragona-per-unanimitat","status":"publish","type":"post","link":"https:\/\/bisbalpenedes.com\/web\/2023\/10\/05\/laura-rogie-ha-estat-reelegida-presidenta-de-la-cambra-de-tarragona-per-unanimitat\/","title":{"rendered":"<strong>Laura Rogi\u00e9 ha estat reelegida presidenta de la Cambra de Tarragona per unanimitat<\/strong>"},"content":{"rendered":"\n<p><strong>L&#8217;alcaldessa de la Bisbal del Pened\u00e8s, Agn\u00e8s Ferr\u00e9, i la primera tinenta d&#8217;alcaldia, Judith Vidal, han assistit a l&#8217;acte<\/strong><\/p>\n\n\n\n<p>El passat 19 de setembre Laura Roig\u00e9 va ser reelegida presidenta de la Cambra de Tarragona -per al per\u00edode 2023-2027- per unanimitat. L&#8217;acte de constituci\u00f3 del nou Ple i d&#8217;elecci\u00f3 de la nova presidenta i comit\u00e8 executiu va comptar amb la pres\u00e8ncia d&#8217;Albert Castellanos, secretari d&#8217;Empresa i competitivitat de la Generalitat de Catalunya; Laura Roig\u00e9, presidenta de la Cambra de Tarragona; Javier Sancho, vicepresident primer; Fernando Aldecoa, vicepresident segon; Llu\u00eds Colet, vicepresident tercer; i Ramon Marsal, tresorer. Tamb\u00e9 van fer acte de pres\u00e8ncia diversos empresaris, autoritats, membres de la URV i representants de l&#8217;administraci\u00f3, entre ells l&#8217;alcaldessa de la Bisbal del Pened\u00e8s, Agn\u00e8s Ferr\u00e9; i la primera tinenta d&#8217;alcaldia, Judith Vidal, que van ser convidades a assistir a l&#8217;acte.<\/p>\n\n\n\n<p>Laura Roig\u00e9 \u00e9s presidenta de la Cambra de Tarragona des del 18 de desembre de 2017 i \u00e9s la primera dona que ha ocupat aquest c\u00e0rrec, d&#8217;en\u00e7\u00e0 que es va constituir la Cambra, fa prop de 140 anys. En la seva intervenci\u00f3, Roig\u00e9 va referir-se als eixos b\u00e0sics del nou mandat que <em>&#8220;se centraran en continuar fent de la Cambra de Tarragona un referent actiu de la societat civil i un actor imprescindible en el foment de l&#8217;emprenedoria, la captaci\u00f3 d&#8217;inversions, la transformaci\u00f3 digital de les empreses i la projecci\u00f3 exterior del territori, tant pel que fa al foment de la internacionalitzaci\u00f3 com tamb\u00e9 en la creaci\u00f3 d&#8217;una delegaci\u00f3 de la Cambra a Madrid&#8221;. <\/em>Tamb\u00e9 ha recordat que una de les \u00e0rees estrat\u00e8giques que distingeix la Cambra \u00e9s l&#8217;impuls de la formaci\u00f3 i ha anunciat la inauguraci\u00f3 d&#8217;un nou centre de formaci\u00f3 equipat amb unes modernes aules interactives datades de les tecnologies m\u00e9s avan\u00e7ades.<\/p>\n\n\n\n<p>Per a m\u00e9s informaci\u00f3 podeu accedir a l&#8217;<a href=\"https:\/\/www.cambratgn.com\/inici\/noticies-de-la-cambra\/8173-1325-laura-roige-reelegida-presidenta-de-la-cambra-per-unanimitat\">enlla\u00e7<\/a>.<\/p>\n\n\n\n<hr class=\"wp-block-separator has-alpha-channel-opacity\"\/>\n\n\n\n<p><strong>CASTELLANO |<\/strong> El pasado 19 de septiembre Laura Roig\u00e9 fue reelegida presidenta de la Cambra de Tarragona -para el per\u00edodo 2023-2027- por unanimidad. El acto de constituci\u00f3n del nuevo Pleno y de elecci\u00f3n de la nueva presidenta y comit\u00e9 ejecutivo cont\u00f3 con la presencia de Albert Castellanos, secretario de Empresa y competitividad de la Generalitat de Catalunya; Laura Roig\u00e9, presidenta de la Cambra de Tarragona; Javier Sancho, vicepresidente primero; Fernando Aldecoa, vicepresidente segundo; Llu\u00eds Colet, vicepresidente tercero; y Ramon Marsal, tesorero. Tambi\u00e9n hicieron acto de presencia varios empresarios, autoridades, miembros de la URV y representantes de la administraci\u00f3n, entre ellos la alcaldesa de la Bisbal del Pened\u00e8s, Agn\u00e8s Ferr\u00e9; y la primera teniente de alcald\u00eda, Judith Vidal, que fueron invitadas a asistir al acto.<\/p>\n\n\n\n<p>Laura Roig\u00e9 es presidenta de la Cambra de Tarragona desde el 18 de diciembre de 2017 y es la primera mujer que ha ocupado este cargo, desde que se constituy\u00f3 la Cambra, hace cerca de 140 a\u00f1os. En su intervenci\u00f3n, Roig\u00e9 se refiri\u00f3 a los ejes b\u00e1sicos del nuevo mandato que &#8220;se centrar\u00e1n en continuar haciendo de la Cambra de Tarragona un referente activo de la sociedad civil y un actor imprescindible en el fomento del emprendimiento, la captaci\u00f3n de inversiones, la transformaci\u00f3n digital de las empresas y la proyecci\u00f3n exterior del territorio, tanto en relaci\u00f3n con el fomento de la internacionalizaci\u00f3n como tambi\u00e9n en la creaci\u00f3n de una delegaci\u00f3n de la C\u00e1mara en Madrid&#8221;. Tambi\u00e9n ha recordado que una de las \u00e1reas estrat\u00e9gicas que distingue a la C\u00e1mara es el impulso de la formaci\u00f3n y ha anunciado la inauguraci\u00f3n de un nuevo centro de formaci\u00f3n equipado con unas modernas aulas interactivas dotadas de las tecnolog\u00edas m\u00e1s avanzadas.<\/p>\n\n\n\n<p>Para m\u00e1s informaci\u00f3n pod\u00e9is acceder al enlace: <a href=\"https:\/\/www.cambratgn.com\/inici\/noticies-de-la-cambra\/8173-1325-laura-roige-reelegida-presidenta-de-la-cambra-per-unanimitat\">https:\/\/www.cambratgn.com\/inici\/noticies-de-la-cambra\/8173-1325-laura-roige-reelegida-presidenta-de-la-cambra-per-unanimitat<\/a><\/p>\n","protected":false},"excerpt":{"rendered":"<p>L&#8217;alcaldessa de la Bisbal del Pened\u00e8s, Agn\u00e8s Ferr\u00e9, i la primera tinenta d&#8217;alcaldia, Judith Vidal, han assistit a l&#8217;acte El passat 19 de setembre Laura Roig\u00e9 va ser reelegida presidenta &hellip; <a href=\"https:\/\/bisbalpenedes.com\/web\/2023\/10\/05\/laura-rogie-ha-estat-reelegida-presidenta-de-la-cambra-de-tarragona-per-unanimitat\/\" class=\"more-link\">Read More<\/a><\/p>\n","protected":false},"author":4,"featured_media":27855,"comment_status":"closed","ping_status":"closed","sticky":false,"template":"","format":"standard","meta":[],"categories":[3822,8],"tags":[459,1251,4127,393,1310],"_links":{"self":[{"href":"https:\/\/bisbalpenedes.com\/web\/wp-json\/wp\/v2\/posts\/27854"}],"collection":[{"href":"https:\/\/bisbalpenedes.com\/web\/wp-json\/wp\/v2\/posts"}],"about":[{"href":"https:\/\/bisbalpenedes.com\/web\/wp-json\/wp\/v2\/types\/post"}],"author":[{"embeddable":true,"href":"https:\/\/bisbalpenedes.com\/web\/wp-json\/wp\/v2\/users\/4"}],"replies":[{"embeddable":true,"href":"https:\/\/bisbalpenedes.com\/web\/wp-json\/wp\/v2\/comments?post=27854"}],"version-history":[{"count":1,"href":"https:\/\/bisbalpenedes.com\/web\/wp-json\/wp\/v2\/posts\/27854\/revisions"}],"predecessor-version":[{"id":27856,"href":"https:\/\/bisbalpenedes.com\/web\/wp-json\/wp\/v2\/posts\/27854\/revisions\/27856"}],"wp:featuredmedia":[{"embeddable":true,"href":"https:\/\/bisbalpenedes.com\/web\/wp-json\/wp\/v2\/media\/27855"}],"wp:attachment":[{"href":"https:\/\/bisbalpenedes.com\/web\/wp-json\/wp\/v2\/media?parent=27854"}],"wp:term":[{"taxonomy":"category","embeddable":true,"href":"https:\/\/bisbalpenedes.com\/web\/wp-json\/wp\/v2\/categories?post=27854"},{"taxonomy":"post_tag","embeddable":true,"href":"https:\/\/bisbalpenedes.com\/web\/wp-json\/wp\/v2\/tags?post=27854"}],"curies":[{"name":"wp","href":"https:\/\/api.w.org\/{rel}","templated":true}]}}