{"id":27830,"date":"2023-10-03T19:19:20","date_gmt":"2023-10-03T17:19:20","guid":{"rendered":"https:\/\/bisbalpenedes.com\/web\/?p=27830"},"modified":"2023-10-03T19:19:20","modified_gmt":"2023-10-03T17:19:20","slug":"lalcaldessa-i-la-primera-tinenta-dalcaldia-assisteixen-al-ii-forum-de-poligons-dactivitat-economica-de-catalunya","status":"publish","type":"post","link":"https:\/\/bisbalpenedes.com\/web\/2023\/10\/03\/lalcaldessa-i-la-primera-tinenta-dalcaldia-assisteixen-al-ii-forum-de-poligons-dactivitat-economica-de-catalunya\/","title":{"rendered":"<strong>L&#8217;alcaldessa i la primera tinenta d&#8217;alcaldia assisteixen al II F\u00f2rum de Pol\u00edgons d&#8217;activitat econ\u00f2mica de Catalunya<\/strong>"},"content":{"rendered":"\n<p>El passat 14 de setembre, l&#8217;alcaldessa de la Bisbal del Pened\u00e8s, Agn\u00e8s Ferr\u00e9; i la primera tinenta d&#8217;alcaldia, Judith Vidal; van assistir al II F\u00f2rum de Pol\u00edgons d&#8217;activitat econ\u00f2mica de Catalunya, convidades per la directora de la UPIC (Uni\u00f3 de Pol\u00edgons Industrials de Catalunya), S\u00edlvia Solanellas.<\/p>\n\n\n\n<p>Aquesta segona edici\u00f3 es va celebrar, novament, a l&#8217;edifici de la Llotja de Mar de Barcelona i s&#8217;hi van debatre tres grans temes: la col\u00b7laboraci\u00f3 entre empreses i la col\u00b7laboraci\u00f3 p\u00fablico-privada com a motor de competitivitat; avan\u00e7ar cap al Pol\u00edgon d&#8217;Activitat Econ\u00f2mica (PAE) sostenible; i superar les barreres normatives i administratives existents en la planificaci\u00f3 i la gesti\u00f3 urban\u00edstica.<\/p>\n\n\n\n<p>El f\u00f2rum va comptar amb l&#8217;assist\u00e8ncia de diversos alcaldes, alcaldesses, regidors i regidores de municipis grans i petits que tenen al seu terme pol\u00edgons industrials.<\/p>\n\n\n\n<figure class=\"wp-block-image size-large\"><img loading=\"lazy\" width=\"768\" height=\"1024\" src=\"https:\/\/bisbalpenedes.com\/web\/wp-content\/uploads\/2023\/10\/2023-09-14-12.38.38-768x1024.jpg\" alt=\"\" class=\"wp-image-27832\" srcset=\"https:\/\/bisbalpenedes.com\/web\/wp-content\/uploads\/2023\/10\/2023-09-14-12.38.38-768x1024.jpg 768w, https:\/\/bisbalpenedes.com\/web\/wp-content\/uploads\/2023\/10\/2023-09-14-12.38.38-225x300.jpg 225w, https:\/\/bisbalpenedes.com\/web\/wp-content\/uploads\/2023\/10\/2023-09-14-12.38.38-1152x1536.jpg 1152w, https:\/\/bisbalpenedes.com\/web\/wp-content\/uploads\/2023\/10\/2023-09-14-12.38.38-1536x2048.jpg 1536w, https:\/\/bisbalpenedes.com\/web\/wp-content\/uploads\/2023\/10\/2023-09-14-12.38.38-600x800.jpg 600w, https:\/\/bisbalpenedes.com\/web\/wp-content\/uploads\/2023\/10\/2023-09-14-12.38.38-scaled.jpg 1920w\" sizes=\"(max-width: 768px) 100vw, 768px\" \/><\/figure>\n\n\n\n<hr class=\"wp-block-separator has-alpha-channel-opacity\"\/>\n\n\n\n<p><strong>CASTELLANO <\/strong>|&nbsp;El pasado 14 de septiembre, la alcaldesa de la Bisbal del Pened\u00e8s, Agn\u00e8s Ferr\u00e9; y la primera teniente de alcald\u00eda, Judith Vidal; asistieron al II F\u00f2rum de Pol\u00edgons d&#8217;activitat econ\u00f2mica de Catalunya, invitadas por la directora de la UPIC (Uni\u00f3 de Pol\u00edgons Industrials de Catalunya), S\u00edlvia Solanellas.<\/p>\n\n\n\n<p>Esta segunda edici\u00f3n se celebr\u00f3, de nuevo, en el edificio de la Llotja de Mar de Barcelona y se debatieron tres grandes temas: la colaboraci\u00f3n entre empresas y la colaboraci\u00f3n p\u00fablico-privada como motor de competitividad; avanzar hacia el Pol\u00edgono de Actividad Econ\u00f2mica (PAE) sostenible; y superar las barreras normativas y administrativas existentes en la planificaci\u00f3n y la gesti\u00f3n urban\u00edstica.<\/p>\n\n\n\n<p>El foro cont\u00f3 con la asistencia de varios alcaldes, alcaldesas, concejales y concejalas de municipios grandes y peque\u00f1os que tienen en su t\u00e9rmino municipal pol\u00edgonos industriales.<\/p>\n","protected":false},"excerpt":{"rendered":"<p>El passat 14 de setembre, l&#8217;alcaldessa de la Bisbal del Pened\u00e8s, Agn\u00e8s Ferr\u00e9; i la primera tinenta d&#8217;alcaldia, Judith Vidal; van assistir al II F\u00f2rum de Pol\u00edgons d&#8217;activitat econ\u00f2mica de &hellip; <a href=\"https:\/\/bisbalpenedes.com\/web\/2023\/10\/03\/lalcaldessa-i-la-primera-tinenta-dalcaldia-assisteixen-al-ii-forum-de-poligons-dactivitat-economica-de-catalunya\/\" class=\"more-link\">Read More<\/a><\/p>\n","protected":false},"author":4,"featured_media":27831,"comment_status":"closed","ping_status":"closed","sticky":false,"template":"","format":"standard","meta":[],"categories":[3822,8],"tags":[459,393,1374],"_links":{"self":[{"href":"https:\/\/bisbalpenedes.com\/web\/wp-json\/wp\/v2\/posts\/27830"}],"collection":[{"href":"https:\/\/bisbalpenedes.com\/web\/wp-json\/wp\/v2\/posts"}],"about":[{"href":"https:\/\/bisbalpenedes.com\/web\/wp-json\/wp\/v2\/types\/post"}],"author":[{"embeddable":true,"href":"https:\/\/bisbalpenedes.com\/web\/wp-json\/wp\/v2\/users\/4"}],"replies":[{"embeddable":true,"href":"https:\/\/bisbalpenedes.com\/web\/wp-json\/wp\/v2\/comments?post=27830"}],"version-history":[{"count":1,"href":"https:\/\/bisbalpenedes.com\/web\/wp-json\/wp\/v2\/posts\/27830\/revisions"}],"predecessor-version":[{"id":27833,"href":"https:\/\/bisbalpenedes.com\/web\/wp-json\/wp\/v2\/posts\/27830\/revisions\/27833"}],"wp:featuredmedia":[{"embeddable":true,"href":"https:\/\/bisbalpenedes.com\/web\/wp-json\/wp\/v2\/media\/27831"}],"wp:attachment":[{"href":"https:\/\/bisbalpenedes.com\/web\/wp-json\/wp\/v2\/media?parent=27830"}],"wp:term":[{"taxonomy":"category","embeddable":true,"href":"https:\/\/bisbalpenedes.com\/web\/wp-json\/wp\/v2\/categories?post=27830"},{"taxonomy":"post_tag","embeddable":true,"href":"https:\/\/bisbalpenedes.com\/web\/wp-json\/wp\/v2\/tags?post=27830"}],"curies":[{"name":"wp","href":"https:\/\/api.w.org\/{rel}","templated":true}]}}