{"id":27826,"date":"2023-10-03T19:04:54","date_gmt":"2023-10-03T17:04:54","guid":{"rendered":"https:\/\/bisbalpenedes.com\/web\/?p=27826"},"modified":"2023-10-03T19:04:54","modified_gmt":"2023-10-03T17:04:54","slug":"el-passat-18-de-setembre-es-va-aprovar-el-padro-de-la-llar-dinfants-per-al-curs-2023-2024","status":"publish","type":"post","link":"https:\/\/bisbalpenedes.com\/web\/2023\/10\/03\/el-passat-18-de-setembre-es-va-aprovar-el-padro-de-la-llar-dinfants-per-al-curs-2023-2024\/","title":{"rendered":"<strong>El passat 18 de setembre es va aprovar el padr\u00f3 de la llar d&#8217;infants per al curs 2023\/2024<\/strong>"},"content":{"rendered":"\n<p>El passat 18 de setembre es va aprovar, a petici\u00f3 de la Regidoria d&#8217;Ensenyament, el padr\u00f3 de la llar d&#8217;infants municipal per al curs 2023\/24 amb 31 infants matriculats. L&#8217;import total de les quotes per a aquest curs ascendeix a 21.735\u20ac. L&#8217;import es podr\u00e0 veure modificat en el cas que hi hagi noves matr\u00edcules o baixes d&#8217;usuaris de la llar d&#8217;infants.<\/p>\n\n\n\n<hr class=\"wp-block-separator has-alpha-channel-opacity\"\/>\n\n\n\n<p><strong>CASTELLANO |<\/strong> El pasado 18 de septiembre se aprob\u00f3, a petici\u00f3n de la Concejal\u00eda de Educaci\u00f3n, el padr\u00f3n de la guarder\u00eda municipal para el curso 2023\/23 con 31 ni\u00f1os i ni\u00f1as matriculados. El importe total de las cuotas para este curso asciende a 21.735\u20ac. El importe se podr\u00e1 ver modificado en el caso de que haya nuevas matr\u00edculas o bajas de usuarios de la guarder\u00eda municipal.<\/p>\n","protected":false},"excerpt":{"rendered":"<p>El passat 18 de setembre es va aprovar, a petici\u00f3 de la Regidoria d&#8217;Ensenyament, el padr\u00f3 de la llar d&#8217;infants municipal per al curs 2023\/24 amb 31 infants matriculats. L&#8217;import &hellip; <a href=\"https:\/\/bisbalpenedes.com\/web\/2023\/10\/03\/el-passat-18-de-setembre-es-va-aprovar-el-padro-de-la-llar-dinfants-per-al-curs-2023-2024\/\" class=\"more-link\">Read More<\/a><\/p>\n","protected":false},"author":4,"featured_media":27827,"comment_status":"closed","ping_status":"closed","sticky":false,"template":"","format":"standard","meta":[],"categories":[3456,8],"tags":[862,393,3529],"_links":{"self":[{"href":"https:\/\/bisbalpenedes.com\/web\/wp-json\/wp\/v2\/posts\/27826"}],"collection":[{"href":"https:\/\/bisbalpenedes.com\/web\/wp-json\/wp\/v2\/posts"}],"about":[{"href":"https:\/\/bisbalpenedes.com\/web\/wp-json\/wp\/v2\/types\/post"}],"author":[{"embeddable":true,"href":"https:\/\/bisbalpenedes.com\/web\/wp-json\/wp\/v2\/users\/4"}],"replies":[{"embeddable":true,"href":"https:\/\/bisbalpenedes.com\/web\/wp-json\/wp\/v2\/comments?post=27826"}],"version-history":[{"count":1,"href":"https:\/\/bisbalpenedes.com\/web\/wp-json\/wp\/v2\/posts\/27826\/revisions"}],"predecessor-version":[{"id":27828,"href":"https:\/\/bisbalpenedes.com\/web\/wp-json\/wp\/v2\/posts\/27826\/revisions\/27828"}],"wp:featuredmedia":[{"embeddable":true,"href":"https:\/\/bisbalpenedes.com\/web\/wp-json\/wp\/v2\/media\/27827"}],"wp:attachment":[{"href":"https:\/\/bisbalpenedes.com\/web\/wp-json\/wp\/v2\/media?parent=27826"}],"wp:term":[{"taxonomy":"category","embeddable":true,"href":"https:\/\/bisbalpenedes.com\/web\/wp-json\/wp\/v2\/categories?post=27826"},{"taxonomy":"post_tag","embeddable":true,"href":"https:\/\/bisbalpenedes.com\/web\/wp-json\/wp\/v2\/tags?post=27826"}],"curies":[{"name":"wp","href":"https:\/\/api.w.org\/{rel}","templated":true}]}}