{"id":2782,"date":"2017-07-06T19:57:10","date_gmt":"2017-07-06T13:57:10","guid":{"rendered":"http:\/\/bisbalpenedes.com\/web\/?p=2782"},"modified":"2017-07-12T20:34:56","modified_gmt":"2017-07-12T14:34:56","slug":"subvencions-per-obres-darranjament-a-linterior-dhabitatges-per-a-les-persones-grans","status":"publish","type":"post","link":"https:\/\/bisbalpenedes.com\/web\/2017\/07\/06\/subvencions-per-obres-darranjament-a-linterior-dhabitatges-per-a-les-persones-grans\/","title":{"rendered":"L&#8217;Ajuntament fa xerrades informatives sobre les subvencions per obres d\u2019arranjament a l\u2019interior d\u2019habitatges per a les persones grans"},"content":{"rendered":"<p>&nbsp;<\/p>\n<div id='gallery-1' class='gallery galleryid-2782 gallery-columns-5 gallery-size-thumbnail'><figure class='gallery-item'>\n\t\t\t<div class='gallery-icon portrait'>\n\t\t\t\t<a href='https:\/\/bisbalpenedes.com\/web\/2017\/07\/06\/subvencions-per-obres-darranjament-a-linterior-dhabitatges-per-a-les-persones-grans\/subv_habitatges_gent_gran_17_poster_cat\/'><img width=\"150\" height=\"150\" src=\"https:\/\/bisbalpenedes.com\/web\/wp-content\/uploads\/2017\/07\/SUBV_HABITATGES_GENT_GRAN_17_POSTER_CAT-150x150.jpg\" class=\"attachment-thumbnail size-thumbnail\" alt=\"\" loading=\"lazy\" srcset=\"https:\/\/bisbalpenedes.com\/web\/wp-content\/uploads\/2017\/07\/SUBV_HABITATGES_GENT_GRAN_17_POSTER_CAT-150x150.jpg 150w, https:\/\/bisbalpenedes.com\/web\/wp-content\/uploads\/2017\/07\/SUBV_HABITATGES_GENT_GRAN_17_POSTER_CAT-300x300.jpg 300w, https:\/\/bisbalpenedes.com\/web\/wp-content\/uploads\/2017\/07\/SUBV_HABITATGES_GENT_GRAN_17_POSTER_CAT-100x100.jpg 100w\" sizes=\"(max-width: 150px) 100vw, 150px\" \/><\/a>\n\t\t\t<\/div><\/figure><figure class='gallery-item'>\n\t\t\t<div class='gallery-icon portrait'>\n\t\t\t\t<a href='https:\/\/bisbalpenedes.com\/web\/2017\/07\/06\/subvencions-per-obres-darranjament-a-linterior-dhabitatges-per-a-les-persones-grans\/subv_habitatges_gent_gran_17_poster_cas\/'><img width=\"150\" height=\"150\" src=\"https:\/\/bisbalpenedes.com\/web\/wp-content\/uploads\/2017\/07\/SUBV_HABITATGES_GENT_GRAN_17_POSTER_CAS-150x150.jpg\" class=\"attachment-thumbnail size-thumbnail\" alt=\"\" loading=\"lazy\" srcset=\"https:\/\/bisbalpenedes.com\/web\/wp-content\/uploads\/2017\/07\/SUBV_HABITATGES_GENT_GRAN_17_POSTER_CAS-150x150.jpg 150w, https:\/\/bisbalpenedes.com\/web\/wp-content\/uploads\/2017\/07\/SUBV_HABITATGES_GENT_GRAN_17_POSTER_CAS-300x300.jpg 300w, https:\/\/bisbalpenedes.com\/web\/wp-content\/uploads\/2017\/07\/SUBV_HABITATGES_GENT_GRAN_17_POSTER_CAS-100x100.jpg 100w\" sizes=\"(max-width: 150px) 100vw, 150px\" \/><\/a>\n\t\t\t<\/div><\/figure>\n\t\t<\/div>\n\n<p>Aquestes subvencions les convoca l\u2019Ag\u00e8ncia de l\u2019Habitatge de Catalunya, del Departament de Governaci\u00f3, Administracions P\u00fabliques i Habitatge de la Generalitat de Catalunya.<\/p>\n<p>&nbsp;<\/p>\n<p>La Regidoria de Gent Gran de l&#8217;Ajuntament de La Bisbal del Pened\u00e8s oferir\u00e0 reunions informatives en els seg\u00fcents llocs i dates:<\/p>\n<p style=\"padding-left: 30px;\">-Can Gordei (Local Social) dimarts 11 de juliol a les 20h<\/p>\n<p style=\"padding-left: 30px;\">-Priorat de la Bisbal (Local Social) Dimecres 12 de juliol a les 20h<\/p>\n<p style=\"padding-left: 30px;\">-L&#8217;Esplai (Local Social) Dijous 13 de juliol a les 20h<\/p>\n<p style=\"padding-left: 30px;\">-Nucli de La Bisbal (Centre Municipal de Cultura) Divendres 14 de juliol a les 20h<\/p>\n<p><span style=\"text-decoration: underline;\">Les obres subvencionables s\u00f3n:<\/span><\/p>\n<p style=\"padding-left: 30px;\">&#8211;\u00a0\u00a0\u00a0\u00a0\u00a0 Les que permetin assolir les condicions m\u00ednimes d\u2019habitabilitat dins la superf\u00edcie \u00fatil interior de l\u2019habitatge, destinades a aconseguir la salubritat i el confort<\/p>\n<p style=\"padding-left: 30px;\">&#8211;\u00a0\u00a0\u00a0\u00a0\u00a0 Les que serveixin per adequar a la normativa vigent les instal\u00b7lacions d\u2019aigua, gas, calefacci\u00f3, electricitat i sanejament<\/p>\n<p style=\"padding-left: 30px;\">&#8211;\u00a0\u00a0\u00a0\u00a0\u00a0 Les d\u2019instal\u00b7laci\u00f3 de mesures de seguretat per detectar o avisar de\u00a0 la manca d\u2019estanquitat o de fugues a les instal\u00b7lacions<\/p>\n<p style=\"padding-left: 30px;\">&#8211;\u00a0\u00a0\u00a0\u00a0\u00a0 Les d\u2019instal\u00b7laci\u00f3 de sistemes autom\u00e0tics destinats a facilitar l\u2019obertura de persianes o similars<\/p>\n<p style=\"padding-left: 30px;\">&#8211;\u00a0\u00a0\u00a0\u00a0\u00a0 Les d\u2019adaptar l\u2019interior de l\u2019habitatge per a la millora de l\u2019accessibilitat (veure documentaci\u00f3 espec\u00edfica a presentar)<\/p>\n<p style=\"padding-left: 30px;\"><span style=\"text-decoration: underline;\">Requisits de la persona sol\u00b7licitant:<\/span><\/p>\n<p style=\"padding-left: 30px;\">&#8211;\u00a0\u00a0\u00a0\u00a0\u00a0 Que l\u2019habitatge sigui el domicili habitual i permanent<\/p>\n<p style=\"padding-left: 30px;\">&#8211;\u00a0\u00a0\u00a0\u00a0\u00a0 Per persones de 65 anys o m\u00e9s<\/p>\n<p style=\"padding-left: 30px;\">&#8211;\u00a0\u00a0\u00a0\u00a0\u00a0 Ha de complir alguna de les seg\u00fcents condicions:<\/p>\n<ul>\n<ul>\n<li>No tenir prou autonomia per realitzar les activitats d\u2019higiene, alimentaci\u00f3, mobilitat o altres similars<\/li>\n<li>Tenir un grau de discapacitat igual o superior al 33%<\/li>\n<li>tenir reconeguda una pensi\u00f3 d\u2019incapacitat permanent (grau total, absoluta o gran invalidesa)<\/li>\n<li>Ser pensionista de classes passives que tingui reconeguda una pensi\u00f3 de jubilaci\u00f3 o incapacitat permanent pel servei o inutilitat<\/li>\n<li>Acreditar algun grau de depend\u00e8ncia, d\u2019acord amb l\u2019establert a la Llei 39\/2006, de 14 de desembre<\/li>\n<\/ul>\n<\/ul>\n<p style=\"padding-left: 30px;\">&#8211;\u00a0\u00a0\u00a0\u00a0\u00a0 Els ingressos de la unitat de conviv\u00e8ncia no poden superar 2 vegades l\u2019Indicador de Renda de Sufici\u00e8ncia de Catalunya ponderat (IRSC) depenent del nombre de membres que formen la unitat de conviv\u00e8ncia i la zona geogr\u00e0fica (taules IRSC al web habitatge.gencat.cat)<\/p>\n<p style=\"padding-left: 30px;\">&#8211;\u00a0\u00a0\u00a0\u00a0\u00a0 La persona sol\u00b7licitant ha de ser propiet\u00e0ria, usufructu\u00e0ria o arrendat\u00e0ria de l\u2019habitatge<\/p>\n<p style=\"padding-left: 30px;\">&#8211;\u00a0\u00a0\u00a0\u00a0\u00a0 Ni la persona sol\u00b7licitant ni cap dels membres de la unitat de conviv\u00e8ncia, poden tenir cap altre habitatge en propietat a Catalunya, llevat que no en disposi de l\u2019\u00fas i gaudi<\/p>\n<p style=\"padding-left: 30px;\">&#8211;\u00a0\u00a0\u00a0\u00a0\u00a0 No estar sotmesa a cap dels sup\u00f2sits de prohibici\u00f3 per poder ser benefici\u00e0ria de subvencions (article 13 de la Llei 38\/2003, de 17 de novembre, general de subvencions)<\/p>\n<p style=\"padding-left: 30px;\">&#8211;\u00a0\u00a0\u00a0\u00a0\u00a0 Complir amb les obligacions tribut\u00e0ries amb l\u2019estat, Generalitat de Catalunya i Seguretat Social<\/p>\n<p><span style=\"text-decoration: underline;\">Requisits dels habitatges:<\/span><\/p>\n<p style=\"padding-left: 30px;\">&#8211;\u00a0\u00a0\u00a0\u00a0\u00a0 Tenir un informe d\u2019idone\u00eftat t\u00e8cnica de l\u2019habitatge, que inclogui la valoraci\u00f3 de les obres. Informe obtingut de l\u2019Ag\u00e8ncia de l\u2019Habitatge de Catalunya<\/p>\n<p style=\"padding-left: 30px;\">&#8211;\u00a0\u00a0\u00a0\u00a0\u00a0 Les obres no poden estar iniciades abans de la realitzaci\u00f3 de l\u2019informe intern d\u2019idone\u00eftat t\u00e8cnic<\/p>\n<p><span style=\"text-decoration: underline;\">Termini:<\/span> fins el 31 de juliol de 2017<\/p>\n<p><span style=\"text-decoration: underline;\">Import m\u00e0xim subvencionable<\/span>:<\/p>\n<p style=\"padding-left: 30px;\">&#8211;\u00a0\u00a0\u00a0\u00a0\u00a0 El pressupost de les obres presentat no pot superar l\u2019import m\u00e0xim de 5.000\u20ac<\/p>\n<p style=\"padding-left: 30px;\">&#8211;\u00a0\u00a0\u00a0\u00a0\u00a0 L\u2019import de la subvenci\u00f3 \u00e9s del 100% del pressupost protegible, amb un l\u00edmit de 3.000\u20ac per habitatge. El pressupost protegible inclou:<\/p>\n<ul>\n<ul>\n<li>pressupost de l\u2019empresa que realitza les obres<\/li>\n<li>cost de llic\u00e8ncies o autoritzacions administratives<\/li>\n<li>tributs que gravin les actuacions<\/li>\n<li>despeses generals<\/li>\n<li>benefici industrial<\/li>\n<li>costos de diagnosis o estudis t\u00e8cnics previs<\/li>\n<li>honoraris t\u00e8cnics<\/li>\n<\/ul>\n<\/ul>\n<p><span style=\"text-decoration: underline;\">Opcions:<\/span><\/p>\n<p style=\"padding-left: 30px;\">&#8211;\u00a0\u00a0\u00a0\u00a0\u00a0 L\u2019Ag\u00e8ncia de l\u2019Habitatge de Catalunya s\u2019encarrega de l\u2019execuci\u00f3 de les obres<\/p>\n<p style=\"padding-left: 30px;\">&#8211;\u00a0\u00a0\u00a0\u00a0\u00a0 La persona sol\u00b7licitant s\u2019encarrega de l\u2019execuci\u00f3 de les obres<\/p>\n<p><span style=\"text-decoration: underline;\">Termini i execuci\u00f3 de les obres:<\/span><\/p>\n<p style=\"padding-left: 30px;\">&#8211;\u00a0\u00a0\u00a0\u00a0\u00a0 S\u2019han d\u2019iniciar en un termini m\u00e0xim de 3 mesos des de la data de notificaci\u00f3 de la resoluci\u00f3 provisional de concessi\u00f3 de la subvenci\u00f3<\/p>\n<p style=\"padding-left: 30px;\">&#8211;\u00a0\u00a0\u00a0\u00a0\u00a0 La persona benefici\u00e0ria ha de comunicar a l\u2019Ag\u00e8ncia de l\u2019Habitatge de Catalunya l\u2019inici de les obres en un termini m\u00e0xim d\u2019un mes des del seu inici<\/p>\n<p style=\"padding-left: 30px;\">&#8211;\u00a0\u00a0\u00a0\u00a0\u00a0 Termini d\u2019execuci\u00f3 de les obres no pot excedir de 3 mesos des de la data que consti d\u2019inici de les obres<\/p>\n<p style=\"padding-left: 30px;\">&#8211;\u00a0\u00a0\u00a0\u00a0\u00a0 La pr\u00f2rroga del termini d\u2019obres s\u2019ha de sol\u00b7licitar de forma expressa<\/p>\n<p><span style=\"text-decoration: underline;\">Documentaci\u00f3 general a presentar:<\/span><\/p>\n<p style=\"padding-left: 30px;\">&#8211;\u00a0\u00a0\u00a0\u00a0\u00a0 Sol\u00b7licitud<\/p>\n<p style=\"padding-left: 30px;\">&#8211;\u00a0\u00a0\u00a0\u00a0\u00a0 Declaraci\u00f3 responsable d\u2019ajuts a la rehabilitaci\u00f3, segons model normalitzat de l\u2019Ag\u00e8ncia de l\u2019Habitatge de Catalunya<\/p>\n<p style=\"padding-left: 30px;\">&#8211;\u00a0\u00a0\u00a0\u00a0\u00a0 Impr\u00e9s a nom de la persona sol\u00b7licitant amb les dades banc\u00e0ries del compte on ingressar la subvenci\u00f3<\/p>\n<p style=\"padding-left: 30px;\">&#8211;\u00a0\u00a0\u00a0\u00a0\u00a0 Autoritzaci\u00f3 de la persona sol\u00b7licitant (i s\u2019hi s\u2019escau, dels membres de la unitat de conviv\u00e8ncia) perqu\u00e8 l\u2019Ag\u00e8ncia de l\u2019Habitatge pugui demanar i obtenir per mitjans telem\u00e0tics, dades relacionades amb la tramitaci\u00f3 i seguiment de la sol\u00b7licitud<\/p>\n<p style=\"padding-left: 30px;\">&#8211;\u00a0\u00a0\u00a0\u00a0\u00a0 DNI de la persona sol\u00b7licitant i de tots els membres de la unitat de conviv\u00e8ncia<\/p>\n<p style=\"padding-left: 30px;\">&#8211;\u00a0\u00a0\u00a0\u00a0\u00a0 En cas que l\u2019habitatge sigui de propietat: nota simple informativa actualitzada del Registre de la Propietat, relativa a la titularitat de l\u2019immoble<\/p>\n<p style=\"padding-left: 30px;\">&#8211;\u00a0\u00a0\u00a0\u00a0\u00a0 En cas que l\u2019habitatge sigui de lloguer:<\/p>\n<ul>\n<ul>\n<li>Contracte de lloguer a nom del sol\u00b7licitant<\/li>\n<li>Autoritzaci\u00f3 del propietari per poder fer l\u2019obra<\/li>\n<li>En contractes a partir de l\u201901\/06\/13: acreditar el compliment de l\u2019obligaci\u00f3 de l\u2019arrendatari del pagament de la fian\u00e7a a l\u2019arrendador<\/li>\n<li>En lloguers no documentats en contractes, presentar els rebuts dels pagaments mensuals<\/li>\n<\/ul>\n<\/ul>\n<p>&#8211;\u00a0\u00a0\u00a0\u00a0\u00a0 En cas que el sol\u00b7licitant sigui el titular d\u2019un dret d\u2019usdefruit sobre l\u2019habitatge:<\/p>\n<ul>\n<ul>\n<li>Aportar el t\u00edtol<\/li>\n<li>Aportar l\u2019autoritzaci\u00f3 del propietari per poder fer les obres<\/li>\n<li>En cas de persones amb discapacitat, depend\u00e8ncia o situacions similars, aportar el certificat de la Secretaria d\u2019Inclusi\u00f3 Social i de Promoci\u00f3 de l\u2019Autonomia Persona (SISPAP, el que era abans l\u2019ICASS), acreditatiu del grau de limitaci\u00f3<\/li>\n<\/ul>\n<\/ul>\n<p style=\"padding-left: 30px;\">&#8211;\u00a0\u00a0\u00a0\u00a0\u00a0 Si la persona sol\u00b7licitant viu amb altres persones: portar el certificat d\u2019empadronament i volant de conviv\u00e8ncia<\/p>\n<p style=\"padding-left: 30px;\">&#8211;\u00a0\u00a0\u00a0\u00a0\u00a0 Justificant dels ingressos de la persona sol\u00b7licitant i dels altres membres de la unitat de conviv\u00e8ncia:<\/p>\n<ul>\n<ul>\n<li>Declaraci\u00f3 de la renda (IRPF) del per\u00edode impositiu anterior a la data de sol\u00b7licitud, de la persona sol\u00b7licitant i dels altres membres de la unitat de conviv\u00e8ncia<\/li>\n<li>En cas que no estar obligats a presentar la declaraci\u00f3 d\u2019IRPF, cal aportar el certificat de l\u2019AEAT conforme no estan obligats a presentar-la<\/li>\n<li>Ingressos de l\u2019any en curs, quan la persona sol\u00b7licitant o alguns membres de la unitat de conviv\u00e8ncia han tingut un canvi important en relaci\u00f3 a la seva situaci\u00f3 laboral o d\u2019ingressos<\/li>\n<\/ul>\n<\/ul>\n<p><span style=\"text-decoration: underline;\">Documentaci\u00f3 espec\u00edfica a presentar en cas que el sol\u00b7licitant s\u2019encarregui d\u2019executar les obres:<\/span><\/p>\n<p style=\"padding-left: 30px;\">&#8211;\u00a0\u00a0\u00a0\u00a0\u00a0 Document original del pressupost del contracte de l\u2019empresa, que ha d\u2019incloure una mem\u00f2ria descriptiva de les obres a realitzar, desglossat per actuacions, amb amidaments i preus unitaris<\/p>\n<p style=\"padding-left: 30px;\">&#8211;\u00a0\u00a0\u00a0\u00a0\u00a0 Original de l\u2019autoritzaci\u00f3 municipal d\u2019obres i document acreditatiu s\u2019haver-la sol\u00b7licitat<\/p>\n<p style=\"padding-left: 30px;\">&#8211;\u00a0\u00a0\u00a0\u00a0\u00a0 Fotografies en color de l\u2019estat general de l\u2019habitatge i dels elements objectes a fer obres<\/p>\n<p style=\"padding-left: 30px;\">&#8211;\u00a0\u00a0\u00a0\u00a0\u00a0 Comunicat d\u2019inici d\u2019obres<\/p>\n<p style=\"padding-left: 30px;\">&#8211;\u00a0\u00a0\u00a0\u00a0\u00a0 Documentaci\u00f3 a aportar al final de les obres:<\/p>\n<ul>\n<ul>\n<li>Comunicat final de les obres<\/li>\n<li>En cas d\u2019arreglar instal\u00b7laci\u00f3 el\u00e8ctrica i\/o d\u2019aigua, aportar el butllet\u00ed de l\u2019instal\u00b7lador degudament formalitzat<\/li>\n<li>En cas de dispositius d\u2019accessibilitat, aportar el certificat acreditatiu que compleixen la normativa vigent i aportar tamb\u00e9 el contracte de gesti\u00f3 i el manteniment de la instal\u00b7laci\u00f3<\/li>\n<li>En cas de renovaci\u00f3 o substituci\u00f3 de finestres i altres obertures exteriors, aportar el document de marcatge CE de l\u2019empresa instal\u00b7ladora on s\u2019indiqui la transmit\u00e0ncia t\u00e8rmica del conjunt<\/li>\n<li>Justificaci\u00f3 de la despesa realitzada<\/li>\n<li>Fotografies en color de les obres realitzades<\/li>\n<\/ul>\n<\/ul>\n<p>&nbsp;<\/p>\n<p>&nbsp;<\/p>\n","protected":false},"excerpt":{"rendered":"<p>&nbsp; Aquestes subvencions les convoca l\u2019Ag\u00e8ncia de l\u2019Habitatge de Catalunya, del Departament de Governaci\u00f3, Administracions P\u00fabliques i Habitatge de la Generalitat de Catalunya. &nbsp; La Regidoria de Gent Gran de &hellip; <a href=\"https:\/\/bisbalpenedes.com\/web\/2017\/07\/06\/subvencions-per-obres-darranjament-a-linterior-dhabitatges-per-a-les-persones-grans\/\" class=\"more-link\">Read More<\/a><\/p>\n","protected":false},"author":4,"featured_media":2784,"comment_status":"closed","ping_status":"closed","sticky":false,"template":"","format":"standard","meta":[],"categories":[464,4],"tags":[],"_links":{"self":[{"href":"https:\/\/bisbalpenedes.com\/web\/wp-json\/wp\/v2\/posts\/2782"}],"collection":[{"href":"https:\/\/bisbalpenedes.com\/web\/wp-json\/wp\/v2\/posts"}],"about":[{"href":"https:\/\/bisbalpenedes.com\/web\/wp-json\/wp\/v2\/types\/post"}],"author":[{"embeddable":true,"href":"https:\/\/bisbalpenedes.com\/web\/wp-json\/wp\/v2\/users\/4"}],"replies":[{"embeddable":true,"href":"https:\/\/bisbalpenedes.com\/web\/wp-json\/wp\/v2\/comments?post=2782"}],"version-history":[{"count":5,"href":"https:\/\/bisbalpenedes.com\/web\/wp-json\/wp\/v2\/posts\/2782\/revisions"}],"predecessor-version":[{"id":2786,"href":"https:\/\/bisbalpenedes.com\/web\/wp-json\/wp\/v2\/posts\/2782\/revisions\/2786"}],"wp:featuredmedia":[{"embeddable":true,"href":"https:\/\/bisbalpenedes.com\/web\/wp-json\/wp\/v2\/media\/2784"}],"wp:attachment":[{"href":"https:\/\/bisbalpenedes.com\/web\/wp-json\/wp\/v2\/media?parent=2782"}],"wp:term":[{"taxonomy":"category","embeddable":true,"href":"https:\/\/bisbalpenedes.com\/web\/wp-json\/wp\/v2\/categories?post=2782"},{"taxonomy":"post_tag","embeddable":true,"href":"https:\/\/bisbalpenedes.com\/web\/wp-json\/wp\/v2\/tags?post=2782"}],"curies":[{"name":"wp","href":"https:\/\/api.w.org\/{rel}","templated":true}]}}