{"id":27806,"date":"2023-10-03T12:22:48","date_gmt":"2023-10-03T10:22:48","guid":{"rendered":"https:\/\/bisbalpenedes.com\/web\/?p=27806"},"modified":"2023-10-03T12:22:48","modified_gmt":"2023-10-03T10:22:48","slug":"es-prorroga-el-contracte-per-a-la-illuminacio-de-nadal-del-municipi-2","status":"publish","type":"post","link":"https:\/\/bisbalpenedes.com\/web\/2023\/10\/03\/es-prorroga-el-contracte-per-a-la-illuminacio-de-nadal-del-municipi-2\/","title":{"rendered":"<strong>Es prorroga el contracte per a la il\u00b7luminaci\u00f3 de Nadal del municipi<\/strong>"},"content":{"rendered":"\n<p>La Junta de Govern del passat dilluns 18 de setembre va aprovar, a petici\u00f3 de la Regidoria de Festes, una pr\u00f2rroga anual del contracte del subministrament, instal\u00b7laci\u00f3, manteniment i desmuntatge de la il\u00b7luminaci\u00f3 del municipi amb motiu de les festes de Nadal.<\/p>\n\n\n\n<p>Aquest contracte se li va adjudicar, el novembre de 2021, a l&#8217;empresa Group Innion Lightin, SL per un import de 12.160,50\u20ac (IVA incl\u00f2s) amb la possibilitat de pr\u00f2rroga per a dues campanyes m\u00e9s, cadascuna amb el mateix import (12.160,50\u20ac) i ara s&#8217;ha aprovat la pr\u00f2rroga per al segon any.<\/p>\n\n\n\n<hr class=\"wp-block-separator has-alpha-channel-opacity\"\/>\n\n\n\n<p><strong>CASTELLANO |<\/strong> La Junta de Gobierno del pasado lunes 18 de septiembre aprob\u00f3, a petici\u00f3n de la Concejal\u00eda de Fiestas, una pr\u00f3rroga anual del contrato de suministro, instalaci\u00f3n y mantenimiento y desmontaje de la iluminaci\u00f3n del municipio con motivo de las fiestas de Navidad.<\/p>\n\n\n\n<p>Este contrato se le adjudic\u00f3, en noviembre de 2021, a la empresa Group Innion Lightin, SL por un importe de 12.160,50\u20ac (IVA incluido) con la posibilidad de pr\u00f3rroga para dos campa\u00f1as m\u00e1s, cada una con el mismo importe (12.160,50\u20ac) y ahora se ha aprobado la pr\u00f3rroga para el segundo a\u00f1o.<\/p>\n","protected":false},"excerpt":{"rendered":"<p>La Junta de Govern del passat dilluns 18 de setembre va aprovar, a petici\u00f3 de la Regidoria de Festes, una pr\u00f2rroga anual del contracte del subministrament, instal\u00b7laci\u00f3, manteniment i desmuntatge &hellip; <a href=\"https:\/\/bisbalpenedes.com\/web\/2023\/10\/03\/es-prorroga-el-contracte-per-a-la-illuminacio-de-nadal-del-municipi-2\/\" class=\"more-link\">Read More<\/a><\/p>\n","protected":false},"author":4,"featured_media":27807,"comment_status":"closed","ping_status":"closed","sticky":false,"template":"","format":"standard","meta":[],"categories":[4668,8],"tags":[459,393,2638,95],"_links":{"self":[{"href":"https:\/\/bisbalpenedes.com\/web\/wp-json\/wp\/v2\/posts\/27806"}],"collection":[{"href":"https:\/\/bisbalpenedes.com\/web\/wp-json\/wp\/v2\/posts"}],"about":[{"href":"https:\/\/bisbalpenedes.com\/web\/wp-json\/wp\/v2\/types\/post"}],"author":[{"embeddable":true,"href":"https:\/\/bisbalpenedes.com\/web\/wp-json\/wp\/v2\/users\/4"}],"replies":[{"embeddable":true,"href":"https:\/\/bisbalpenedes.com\/web\/wp-json\/wp\/v2\/comments?post=27806"}],"version-history":[{"count":1,"href":"https:\/\/bisbalpenedes.com\/web\/wp-json\/wp\/v2\/posts\/27806\/revisions"}],"predecessor-version":[{"id":27808,"href":"https:\/\/bisbalpenedes.com\/web\/wp-json\/wp\/v2\/posts\/27806\/revisions\/27808"}],"wp:featuredmedia":[{"embeddable":true,"href":"https:\/\/bisbalpenedes.com\/web\/wp-json\/wp\/v2\/media\/27807"}],"wp:attachment":[{"href":"https:\/\/bisbalpenedes.com\/web\/wp-json\/wp\/v2\/media?parent=27806"}],"wp:term":[{"taxonomy":"category","embeddable":true,"href":"https:\/\/bisbalpenedes.com\/web\/wp-json\/wp\/v2\/categories?post=27806"},{"taxonomy":"post_tag","embeddable":true,"href":"https:\/\/bisbalpenedes.com\/web\/wp-json\/wp\/v2\/tags?post=27806"}],"curies":[{"name":"wp","href":"https:\/\/api.w.org\/{rel}","templated":true}]}}