{"id":27802,"date":"2023-10-02T14:54:59","date_gmt":"2023-10-02T12:54:59","guid":{"rendered":"https:\/\/bisbalpenedes.com\/web\/?p=27802"},"modified":"2023-10-06T09:06:11","modified_gmt":"2023-10-06T07:06:11","slug":"aquest-dimarts-coneixerem-el-veredicte-del-jurat-del-grafftech-fest","status":"publish","type":"post","link":"https:\/\/bisbalpenedes.com\/web\/2023\/10\/02\/aquest-dimarts-coneixerem-el-veredicte-del-jurat-del-grafftech-fest\/","title":{"rendered":"Aquest dimarts coneixerem el veredicte del jurat del GraffTech Fest"},"content":{"rendered":"\n<p>Dem\u00e0 dimarts 3 d\u2019octubre es far\u00e0 p\u00fablic el veredicte del jurat del GraffTech Fest i sabrem quina \u00e9s la pintura mural m\u00e9s ben valorada.<\/p>\n\n\n\n<p>El jurat l\u2019han format per pol\u00edtics i t\u00e8cnics especialistes en la mat\u00e8ria. N\u2019han format part l\u2019alcalde de Maslloren\u00e7, Joan Mir\u00f3; l\u2019alcalde d\u2019Albinyana, Quim Nin; l\u2019alcaldessa de Lloren\u00e7 del Pened\u00e8s, Montserrat Ventura; l\u2019alcalde de Bonastre, David Pulido; el conseller comarcal de Cultura, Josep R\u00e0fols; l\u2019alcaldessa de la <a><\/a>Bisbal del Pened\u00e8s, Ang\u00e8s Ferr\u00e9; la regidora de Cultura de la Bisbal del Pened\u00e8s, Judith Vidal; Loic Lacahud, CEO d\u2019Arte Rodin EEUU; Colter Smith, CEO de NBQ Canad\u00e0; Salah Malouli, CEO de Jidar Casablanca; Amir Kardas, CEO de The Artistic Oasis; Pablo L\u00f3pez, CEO a Amazdog; i America Lizcano, CEO de Amelizro Dubai.<\/p>\n\n\n\n<p>El resultat es desvetllar\u00e0 a <a href=\"https:\/\/www.instagram.com\/grafftech_fest?fbclid=IwAR2HcgRCmvBASZ_WXI-dAQU2dIiOoVtxhKKI4fx-ujGAr1m02wZJC--X-wY\" rel=\"noreferrer noopener\" target=\"_blank\">www.instagram.com\/grafftech_fest<\/a> aquest dimarts.<\/p>\n\n\n\n<p>I vosaltres, teniu un mural preferit?<\/p>\n\n\n\n<figure class=\"wp-block-image size-large\"><img loading=\"lazy\" width=\"1024\" height=\"771\" src=\"https:\/\/bisbalpenedes.com\/web\/wp-content\/uploads\/2023\/10\/IMG-20230924-WA0167-1024x771.jpg\" alt=\"\" class=\"wp-image-27804\" srcset=\"https:\/\/bisbalpenedes.com\/web\/wp-content\/uploads\/2023\/10\/IMG-20230924-WA0167-1024x771.jpg 1024w, https:\/\/bisbalpenedes.com\/web\/wp-content\/uploads\/2023\/10\/IMG-20230924-WA0167-300x226.jpg 300w, https:\/\/bisbalpenedes.com\/web\/wp-content\/uploads\/2023\/10\/IMG-20230924-WA0167-768x578.jpg 768w, https:\/\/bisbalpenedes.com\/web\/wp-content\/uploads\/2023\/10\/IMG-20230924-WA0167-1536x1156.jpg 1536w, https:\/\/bisbalpenedes.com\/web\/wp-content\/uploads\/2023\/10\/IMG-20230924-WA0167-600x452.jpg 600w, https:\/\/bisbalpenedes.com\/web\/wp-content\/uploads\/2023\/10\/IMG-20230924-WA0167.jpg 1600w\" sizes=\"(max-width: 1024px) 100vw, 1024px\" \/><\/figure>\n\n\n\n<hr class=\"wp-block-separator has-alpha-channel-opacity\"\/>\n\n\n\n<p><strong>CASTELLANO | <\/strong>Ma\u00f1ana martes 3 de octubre se har\u00e1 p\u00fablico el veredicto del jurado del GraffTech Fest y sabremos cu\u00e1l es la pintura mural m\u00e1s bien valorada.<\/p>\n\n\n\n<p>El jurado lo han formado pol\u00edticos y t\u00e9cnicos especialistas en la materia. Han formado parte del jurado el alcalde de Maslloren\u00e7, Joan Mir\u00f3; el alcalde de Albinyana, Quim Nin; la alcaldesa de Lloren\u00e7 del Pened\u00e8s, Montserrat Ventura; el alcalde de Bonastre, David Pulido; el consejero comarcal del Cultura, Josep R\u00e0fols; la alcaldesa de la Bisbal del Pened\u00e8s, Agn\u00e8s ferr\u00e9; la concejala de Cultura de la Bisbal del Pened\u00e8s, Judith Vidal; Loic Lacahud, CEO de Arte Rodin EEUU; Colter Smith, CEO de NBQ Canad\u00e1; Salah Malouli, CEO de Jidar Casablanca; Amir Kardas, CEO de The Artistic Oasis; Pablo L\u00f3pez, CEO en Amazdog; y America Lizcano, CEO de Amelizro Dubai.<\/p>\n\n\n\n<p>El resultado se desvelar\u00e1 en <a href=\"https:\/\/www.instagram.com\/grafftech_fest?fbclid=IwAR34tan8R7i9XjPBnos98RME4JKtfRLNaYJLQpAMDTJ6XcrDnbmIHsDocnI\" rel=\"noreferrer noopener\" target=\"_blank\">www.instagram.com\/grafftech_fest<\/a> este martes.<\/p>\n\n\n\n<p>Y vosotr@s, \u00bften\u00e9is un mural favorito?<\/p>\n","protected":false},"excerpt":{"rendered":"<p>Dem\u00e0 dimarts 3 d\u2019octubre es far\u00e0 p\u00fablic el veredicte del jurat del GraffTech Fest i sabrem quina \u00e9s la pintura mural m\u00e9s ben valorada. El jurat l\u2019han format per pol\u00edtics &hellip; <a href=\"https:\/\/bisbalpenedes.com\/web\/2023\/10\/02\/aquest-dimarts-coneixerem-el-veredicte-del-jurat-del-grafftech-fest\/\" class=\"more-link\">Read More<\/a><\/p>\n","protected":false},"author":4,"featured_media":27803,"comment_status":"closed","ping_status":"closed","sticky":false,"template":"","format":"standard","meta":[],"categories":[13,8,4878],"tags":[510,459,225,6257,393,6251,328],"_links":{"self":[{"href":"https:\/\/bisbalpenedes.com\/web\/wp-json\/wp\/v2\/posts\/27802"}],"collection":[{"href":"https:\/\/bisbalpenedes.com\/web\/wp-json\/wp\/v2\/posts"}],"about":[{"href":"https:\/\/bisbalpenedes.com\/web\/wp-json\/wp\/v2\/types\/post"}],"author":[{"embeddable":true,"href":"https:\/\/bisbalpenedes.com\/web\/wp-json\/wp\/v2\/users\/4"}],"replies":[{"embeddable":true,"href":"https:\/\/bisbalpenedes.com\/web\/wp-json\/wp\/v2\/comments?post=27802"}],"version-history":[{"count":1,"href":"https:\/\/bisbalpenedes.com\/web\/wp-json\/wp\/v2\/posts\/27802\/revisions"}],"predecessor-version":[{"id":27805,"href":"https:\/\/bisbalpenedes.com\/web\/wp-json\/wp\/v2\/posts\/27802\/revisions\/27805"}],"wp:featuredmedia":[{"embeddable":true,"href":"https:\/\/bisbalpenedes.com\/web\/wp-json\/wp\/v2\/media\/27803"}],"wp:attachment":[{"href":"https:\/\/bisbalpenedes.com\/web\/wp-json\/wp\/v2\/media?parent=27802"}],"wp:term":[{"taxonomy":"category","embeddable":true,"href":"https:\/\/bisbalpenedes.com\/web\/wp-json\/wp\/v2\/categories?post=27802"},{"taxonomy":"post_tag","embeddable":true,"href":"https:\/\/bisbalpenedes.com\/web\/wp-json\/wp\/v2\/tags?post=27802"}],"curies":[{"name":"wp","href":"https:\/\/api.w.org\/{rel}","templated":true}]}}