{"id":27795,"date":"2023-09-08T12:42:00","date_gmt":"2023-09-08T10:42:00","guid":{"rendered":"https:\/\/bisbalpenedes.com\/web\/?p=27795"},"modified":"2023-10-02T12:46:27","modified_gmt":"2023-10-02T10:46:27","slug":"la-junta-de-govern-del-4-de-setembre-va-aprovar-una-proposta-amb-competencia-del-ple-delegada-a-la-junta-de-govern","status":"publish","type":"post","link":"https:\/\/bisbalpenedes.com\/web\/2023\/09\/08\/la-junta-de-govern-del-4-de-setembre-va-aprovar-una-proposta-amb-competencia-del-ple-delegada-a-la-junta-de-govern\/","title":{"rendered":"La Junta de govern del 4 de setembre va aprovar una proposta amb compet\u00e8ncia del Ple delegada a la Junta de Govern"},"content":{"rendered":"\n<p>La Junta de Govern del 4 de setembre va aprovar una proposta amb compet\u00e8ncia del Ple delegada a la Junta de Govern:<\/p>\n\n\n\n<ul><li>Expedient 206\/2023 Certificaci\u00f3 n\u00famero 8 de les obres de la fase 1 del poliesportiu municipal.<\/li><\/ul>\n\n\n\n<p>Les sessions de la Junta de Govern local no s\u00f3n p\u00fabliques, per\u00f2 quan actua amb compet\u00e8ncies delegades del Ple la sessi\u00f3 se sotmet als mateixos requisits de publicitat que les sessions del Ple, que s\u00f3n p\u00fabliques. Aix\u00ed ho va declarar la STS 161\/2013, de 26 de setembre. Per aquest motiu, les portes de la sala de Plens es van obrir a les 10:15h perqu\u00e8 hi pogu\u00e9s assistir p\u00fablic. Tamb\u00e9 es va gravar aquest punt de l\u2019ordre del dia i, posteriorment, s&#8217;ha publicat el v\u00eddeo per garantir la seva publicitat: <a href=\"https:\/\/actes.bisbalpenedes.com\/session\/sessionDetail\/8a80808489d4f155018a5f77ee7500c4\" target=\"_blank\" rel=\"noreferrer noopener\">https:\/\/actes.bisbalpenedes.com\/session\/sessionDetail\/8a80808489d4f155018a5f77ee7500c4<\/a><\/p>\n\n\n\n<hr class=\"wp-block-separator has-alpha-channel-opacity\"\/>\n\n\n\n<p><strong>CASTELLANO |\u00a0<\/strong>La Junta de Gobierno del 4 de septiembre aprob\u00f3 una propuesta con competencia del Pleno delegada a la Junta de Gobierno:<\/p>\n\n\n\n<ul><li>Expediente 206\/2023 Certificaci\u00f3n n\u00famero 8 de las obras de la fase 1 del polideportivo municipal.<\/li><\/ul>\n\n\n\n<p>Las sesiones de la Junta de gobierno local no son p\u00fablicas, pero cuando act\u00faa con competencias delegadas del Pleno la sesi\u00f3n se somete a los mismos requisitos de publicidad que las sesiones del Pleno, que son p\u00fablicas. As\u00ed lo declar\u00f3 la STS 161\/2013, de 26 de septiembre. Por este motivo, las puertas de la sala de Plenos se abrieron a las 10:15h para que pudiese asistir p\u00fablico. Tambi\u00e9n se grab\u00f3 este punto del orden del d\u00eda y, posteriormente, se ha publicado el v\u00eddeo para garantizar su publicidad: <a href=\"https:\/\/actes.bisbalpenedes.com\/session\/sessionDetail\/8a80808489d4f155018a5f77ee7500c4\" target=\"_blank\" rel=\"noreferrer noopener\">https:\/\/actes.bisbalpenedes.com\/session\/sessionDetail\/8a80808489d4f155018a5f77ee7500c4<\/a><\/p>\n","protected":false},"excerpt":{"rendered":"<p>La Junta de Govern del 4 de setembre va aprovar una proposta amb compet\u00e8ncia del Ple delegada a la Junta de Govern: Expedient 206\/2023 Certificaci\u00f3 n\u00famero 8 de les obres &hellip; <a href=\"https:\/\/bisbalpenedes.com\/web\/2023\/09\/08\/la-junta-de-govern-del-4-de-setembre-va-aprovar-una-proposta-amb-competencia-del-ple-delegada-a-la-junta-de-govern\/\" class=\"more-link\">Read More<\/a><\/p>\n","protected":false},"author":4,"featured_media":27796,"comment_status":"closed","ping_status":"closed","sticky":false,"template":"","format":"standard","meta":[],"categories":[3085,8,2250],"tags":[6256,686,393,139,483],"_links":{"self":[{"href":"https:\/\/bisbalpenedes.com\/web\/wp-json\/wp\/v2\/posts\/27795"}],"collection":[{"href":"https:\/\/bisbalpenedes.com\/web\/wp-json\/wp\/v2\/posts"}],"about":[{"href":"https:\/\/bisbalpenedes.com\/web\/wp-json\/wp\/v2\/types\/post"}],"author":[{"embeddable":true,"href":"https:\/\/bisbalpenedes.com\/web\/wp-json\/wp\/v2\/users\/4"}],"replies":[{"embeddable":true,"href":"https:\/\/bisbalpenedes.com\/web\/wp-json\/wp\/v2\/comments?post=27795"}],"version-history":[{"count":1,"href":"https:\/\/bisbalpenedes.com\/web\/wp-json\/wp\/v2\/posts\/27795\/revisions"}],"predecessor-version":[{"id":27797,"href":"https:\/\/bisbalpenedes.com\/web\/wp-json\/wp\/v2\/posts\/27795\/revisions\/27797"}],"wp:featuredmedia":[{"embeddable":true,"href":"https:\/\/bisbalpenedes.com\/web\/wp-json\/wp\/v2\/media\/27796"}],"wp:attachment":[{"href":"https:\/\/bisbalpenedes.com\/web\/wp-json\/wp\/v2\/media?parent=27795"}],"wp:term":[{"taxonomy":"category","embeddable":true,"href":"https:\/\/bisbalpenedes.com\/web\/wp-json\/wp\/v2\/categories?post=27795"},{"taxonomy":"post_tag","embeddable":true,"href":"https:\/\/bisbalpenedes.com\/web\/wp-json\/wp\/v2\/tags?post=27795"}],"curies":[{"name":"wp","href":"https:\/\/api.w.org\/{rel}","templated":true}]}}