{"id":27792,"date":"2023-10-02T12:29:31","date_gmt":"2023-10-02T10:29:31","guid":{"rendered":"https:\/\/bisbalpenedes.com\/web\/?p=27792"},"modified":"2023-10-02T12:29:31","modified_gmt":"2023-10-02T10:29:31","slug":"lajuntament-de-la-bisbal-del-penedes-ha-sollicitat-una-subvencio-per-a-la-climatitzacio-de-ledifici-antic-de-lescola-del-carrer-balmes","status":"publish","type":"post","link":"https:\/\/bisbalpenedes.com\/web\/2023\/10\/02\/lajuntament-de-la-bisbal-del-penedes-ha-sollicitat-una-subvencio-per-a-la-climatitzacio-de-ledifici-antic-de-lescola-del-carrer-balmes\/","title":{"rendered":"L&#8217;Ajuntament de la Bisbal del Pened\u00e8s ha sol\u00b7licitat una subvenci\u00f3 per a la climatitzaci\u00f3 de l&#8217;edifici antic de l&#8217;escola del carrer Balmes"},"content":{"rendered":"\n<p>L&#8217;equip de govern de l&#8217;Ajuntament de la Bisbal del Pened\u00e8s ha sol\u00b7licitat una subvenci\u00f3 per a la climatitzaci\u00f3 de l&#8217;edifici antic de l&#8217;escola del carrer Balmes.<\/p>\n\n\n\n<p>El regidor d&#8217;Ensenyament, Dani Caballero, ha explicat que &#8220;tenint en compte el canvi clim\u00e0tic, volem millorar la climatitzaci\u00f3 de l&#8217;escola amb un sistema eficient i amb energia neta i, per aix\u00f2, volem climatitzar l&#8217;escola aplicant un sistema d\u2019aerot\u00e8rmia&#8221;.<\/p>\n\n\n\n<p>L&#8217;aeorot\u00e8rmia \u00e9s un sistema de climatitzaci\u00f3 que consisteix a extraure energia t\u00e8rmica de l&#8217;aire ambient i transferir-la amb finalitats de calefacci\u00f3 o refrigeraci\u00f3.<\/p>\n\n\n\n<p>El cost total del nou sistema de climatitzaci\u00f3 ascendeix a 72.772,76\u20ac i s&#8217;ha sol\u00b7licitat una subvenci\u00f3 al Departament d&#8217;Acci\u00f3 clim\u00e0tica, Alimentaci\u00f3 i Agenda rural de la Generalitat de Catalunya per costejar el 100% de l&#8217;import.<\/p>\n\n\n\n<hr class=\"wp-block-separator has-alpha-channel-opacity\"\/>\n\n\n\n<p><strong>CASTELLANO |<\/strong> El equipo de gobierno del Ayuntamiento de la Bisbal del Pened\u00e8s ha solicitado una subvenci\u00f3n para la climatizaci\u00f3n del edificio antiguo de la escuela de la calle Balmes.<\/p>\n\n\n\n<p>El concejal de Educaci\u00f3n, Dani Caballero, ha explicado que &#8220;teniendo en cuenta el cambio clim\u00e1tico, queremos mejorar la climatizaci\u00f3n de la escuela con un sistema eficiente y con energ\u00eda limpia y, por eso, queremos climatizar la escuela aplicando un sistema de aerotermia&#8221;.<\/p>\n\n\n\n<p>La aerotermia es un sistema de climatizaci\u00f3n que consiste en extraer energ\u00eda t\u00e9rmica del aire ambiente y transferirla con finalidades de calefacci\u00f3n o refrigeraci\u00f3n.<\/p>\n\n\n\n<p>El coste total del nuevo sistema de climatizaci\u00f3n asciende a 72.772,76\u20ac y se ha solicitado una subvenci\u00f3n al Departamento de Acci\u00f3n Clim\u00e1tica, Alimentaci\u00f3n y Agenda rural de la Generalitat de Catalunya para costear el 100% del importe.<\/p>\n\n\n\n<p><\/p>\n","protected":false},"excerpt":{"rendered":"<p>L&#8217;equip de govern de l&#8217;Ajuntament de la Bisbal del Pened\u00e8s ha sol\u00b7licitat una subvenci\u00f3 per a la climatitzaci\u00f3 de l&#8217;edifici antic de l&#8217;escola del carrer Balmes. El regidor d&#8217;Ensenyament, Dani &hellip; <a href=\"https:\/\/bisbalpenedes.com\/web\/2023\/10\/02\/lajuntament-de-la-bisbal-del-penedes-ha-sollicitat-una-subvencio-per-a-la-climatitzacio-de-ledifici-antic-de-lescola-del-carrer-balmes\/\" class=\"more-link\">Read More<\/a><\/p>\n","protected":false},"author":4,"featured_media":27793,"comment_status":"closed","ping_status":"closed","sticky":false,"template":"","format":"standard","meta":[],"categories":[3456,8],"tags":[459,337,393,99],"_links":{"self":[{"href":"https:\/\/bisbalpenedes.com\/web\/wp-json\/wp\/v2\/posts\/27792"}],"collection":[{"href":"https:\/\/bisbalpenedes.com\/web\/wp-json\/wp\/v2\/posts"}],"about":[{"href":"https:\/\/bisbalpenedes.com\/web\/wp-json\/wp\/v2\/types\/post"}],"author":[{"embeddable":true,"href":"https:\/\/bisbalpenedes.com\/web\/wp-json\/wp\/v2\/users\/4"}],"replies":[{"embeddable":true,"href":"https:\/\/bisbalpenedes.com\/web\/wp-json\/wp\/v2\/comments?post=27792"}],"version-history":[{"count":1,"href":"https:\/\/bisbalpenedes.com\/web\/wp-json\/wp\/v2\/posts\/27792\/revisions"}],"predecessor-version":[{"id":27794,"href":"https:\/\/bisbalpenedes.com\/web\/wp-json\/wp\/v2\/posts\/27792\/revisions\/27794"}],"wp:featuredmedia":[{"embeddable":true,"href":"https:\/\/bisbalpenedes.com\/web\/wp-json\/wp\/v2\/media\/27793"}],"wp:attachment":[{"href":"https:\/\/bisbalpenedes.com\/web\/wp-json\/wp\/v2\/media?parent=27792"}],"wp:term":[{"taxonomy":"category","embeddable":true,"href":"https:\/\/bisbalpenedes.com\/web\/wp-json\/wp\/v2\/categories?post=27792"},{"taxonomy":"post_tag","embeddable":true,"href":"https:\/\/bisbalpenedes.com\/web\/wp-json\/wp\/v2\/tags?post=27792"}],"curies":[{"name":"wp","href":"https:\/\/api.w.org\/{rel}","templated":true}]}}