{"id":27784,"date":"2023-09-29T11:20:33","date_gmt":"2023-09-29T09:20:33","guid":{"rendered":"https:\/\/bisbalpenedes.com\/web\/?p=27784"},"modified":"2024-07-05T11:46:13","modified_gmt":"2024-07-05T09:46:13","slug":"lajuntament-de-la-bisbal-del-penedes-sollicita-una-subvencio-de-300-000e-a-la-generalitat-per-a-inversions-a-la-xarxa-daigua-del-municipi","status":"publish","type":"post","link":"https:\/\/bisbalpenedes.com\/web\/2023\/09\/29\/lajuntament-de-la-bisbal-del-penedes-sollicita-una-subvencio-de-300-000e-a-la-generalitat-per-a-inversions-a-la-xarxa-daigua-del-municipi\/","title":{"rendered":"L&#8217;Ajuntament de la Bisbal del Pened\u00e8s sol\u00b7licita una subvenci\u00f3 de 300.000\u20ac a la Generalitat i rep una subvenci\u00f3 de 230.000\u20ac de la Diputaci\u00f3 de Tarragona per a inversions a la xarxa d&#8217;aigua del municipi"},"content":{"rendered":"\n<p><strong>L&#8217;Ajuntament invertir\u00e0 prop de 800.000\u20ac per reduir les p\u00e8rdues d&#8217;aigua i millorar l&#8217;efici\u00e8ncia de la xarxa, mitjan\u00e7ant la renovaci\u00f3 de les canonades de diversos carrers i la instal\u00b7laci\u00f3 d&#8217;elements de control del cabal<\/strong><\/p>\n\n\n\n<p>L&#8217;Ajuntament ha rebut de la Diputaci\u00f3 de Tarragona una subvenci\u00f3\u00a0 nominativa de 230.000 euros per millores a la xarxa d&#8217;abastament d&#8217;aigua a les Urbanitzacions Can Gordei i el Priorat, convocat\u00f2ria 2023. amb les seg\u00fcents dades: <\/p>\n\n\n\n<p><strong>Beneficiari: <\/strong>Ajuntament de la Bisbal del Pened\u00e8s <strong>Municipi: <\/strong>La Bisbal del Pened\u00e8s<\/p>\n\n\n\n<p><strong>Concepte: <\/strong>Millores a la xarxa d&#8217;abastament d&#8217;aigua a les Urbanitzacions Can Gordei<\/p>\n\n\n\n<p>i el Priorat <strong>Pressupost Elegible: <\/strong>493.005,27 euros <strong>% concedit: <\/strong>46,65% <strong>Import concedit: <\/strong>230.000,00 euros<\/p>\n\n\n\n<p>L&#8217;Ajuntament de la Bisbal del Pened\u00e8s est\u00e0 treballant en la millora de la xarxa d&#8217;aigua de diversos punts del municipi i ha demanat una subvenci\u00f3 de 300.000\u20ac dins la convocat\u00f2ria del Departament d&#8217;Acci\u00f3 Clim\u00e0tica, Alimentaci\u00f3 i Agenda Rural de la Generalitat de Catalunya amb l&#8217;objectiu de sufragar part de la inversi\u00f3.<\/p>\n\n\n\n<p>El passat mes de juny, el Departament d&#8217;Acci\u00f3 Clim\u00e0tica, Alimentaci\u00f3 i Agenda Rural de la Generalitat de Catalunya va aprovar la l\u00ednia de subvencions adre\u00e7ades als ens locals per a la realitzaci\u00f3 d&#8217;actuacions per a la millora i renovaci\u00f3 de xarxes de subministrament d&#8217;aigua en baixa i per a la millora de la digitalitzaci\u00f3 dels sistemes de gesti\u00f3 de l&#8217;aigua urbana dels municipis de Catalunya.&nbsp; En aquell moment, l\u2019alcaldessa de la Bisbal del Pened\u00e8s, Agn\u00e8s Ferr\u00e9, va engegar una roda de reunions amb els t\u00e8cnics municipals i amb Aqualia, l&#8217;empresa concession\u00e0ria del servei d&#8217;abastament d&#8217;aigua potable, per definir les inversions priorit\u00e0ries per als pr\u00f2xims dos anys a la xarxa de la Bisbal del Pened\u00e8s.<\/p>\n\n\n\n<p>L&#8217;Ajuntament de la Bisbal el Pened\u00e8s vol fer una nova inversi\u00f3 de 770.906,05\u20ac (300.000\u20ac dels quals seran subvencionats pel Departament d&#8217;Acci\u00f3 Clim\u00e0tica, Alimentaci\u00f3 i Agenda Rural de Catalunya, en cas que la subvenci\u00f3 sigui concedida) per dur a terme actuacions de renovaci\u00f3 parcial de la xarxa d&#8217;aigua del nucli de la Bisbal del Pened\u00e8s, del Priorat de la Bisbal (l&#8217;extra) i de l&#8217;Esplai, concretament:<\/p>\n\n\n\n<p><strong>-Nucli:<\/strong> es renovaran 54 metres de canonada al carrer de la Font i 32 metres de canonada a l&#8217;avinguda Baix Pened\u00e8s. Es renovaran 17 escomeses, 6 v\u00e0lvules i 1 hidrant.<\/p>\n\n\n\n<p><strong>-Priorat de la Bisbal:<\/strong> es renovaran 2.126 metres de canonada, 64 escomeses i 12 v\u00e0lvules. S&#8217;establir\u00e0 un subsector amb aquests carrers, amb un comptador i sistema de telegesti\u00f3 de dades. Aquestes actuacions es faran al terme popularment conegut com &#8216;l&#8217;extra&#8217; del Priorat.<\/p>\n\n\n\n<p><strong>-L&#8217;Esplai:<\/strong> Es renovaran 1.563 metres de canonada, 68 escomeses i 11 v\u00e0lvules i s&#8217;establir\u00e0 un subsector amb els carrers on es duran a terme aquestes actuacions: Salvador Dal\u00ed, Antoni T\u00e0pies, Joaquim Sunyer, Xavier Nogu\u00e8s i avinguda de l&#8217;Esplai. Tamb\u00e9 s&#8217;instal\u00b7lar\u00e0 un comptador de sector i sistema de telegesti\u00f3 de dades.<\/p>\n\n\n\n<p>L&#8217;alcaldessa de la Bisbal del Pened\u00e8s, Agn\u00e8s Ferr\u00e9, ha explicat que <em>&#8220;la voluntat de l&#8217;Ajuntament de la Bisbal del Pened\u00e8s \u00e9s reduir al m\u00e0xim les defici\u00e8ncies de la xarxa d&#8217;aigua, per evitar p\u00e8rdues innecess\u00e0ries d&#8217;aigua i per pal\u00b7liar les problem\u00e0tiques de talls d&#8217;aigua o p\u00e8rdues de pressi\u00f3 que pateix bona part de la ciutadania. Per tot plegat, aviat tirarem endavant m\u00e9s obres de millora a l&#8217;Esplai, el Priorat (l&#8217;extra) i el nucli, que se sumen a les que ja tenim iniciades, que s\u00f3n les obres de millora de la xarxa d&#8217;aigua que s&#8217;estan fent al Priorat (a la zona nord) i a Can Gordei i que estan pressupostades en 493.005,27\u20ac&#8221;<\/em>. La batllessa bisbalenca ha volgut recordar que <em>&#8220;no hem parat de treballar per fer inversions a la xarxa, tot i que hem de recon\u00e8ixer que sovint l&#8217;administraci\u00f3 i la burocr\u00e0cia alenteixen molt les actuacions. No obstant aix\u00f2, el 2022 vam fer una inversi\u00f3 al Papagai, al carrer Rossinyol, pressupostada en 73.290,86\u20ac; el 2021 vam renovar les canonades del pou d&#8217;abastament d&#8217;aigua de la Masieta, amb un pressupost de 24.062,02\u20ac, i tamb\u00e9 vam construir un nou pou d&#8217;aigua a l&#8217;Esplai, pressupostat en 87.036\u20ac; l&#8217;any 2019, tamb\u00e9 vam instal\u00b7lar comptadors a la sortida dels pous del municipi, amb un pressupost de 39.780,26\u20ac&#8221;.<\/em><\/p>\n\n\n\n<p>Ferr\u00e9 considera que <em>&#8220;aquesta l\u00ednia de subvencions que ha aprovat el Departament d&#8217;Acci\u00f3 Clim\u00e0tica, Alimentaci\u00f3 i Agenda Rural \u00e9s molt \u00fatil per a un municipi com nosaltres, amb tants nuclis de poblaci\u00f3, molts d&#8217;ells amb instal\u00b7lacions molt antigues i que han crescut molt en els \u00faltims temps. A m\u00e9s, aquesta l\u00ednia de subvencions arriba en un moment en qu\u00e8 hi ha molta sequera i, avui m\u00e9s que mai, cada gota compta. Des de l&#8217;equip de govern, volem resoldre tots els problemes de la xarxa d&#8217;aigua, entre ells els problemes de cal\u00e7 i les fuites. Esperem que la Generalitat ens concedeixi aquesta subvenci\u00f3 per poder sufragar part de les obres&#8221;.<\/em><\/p>\n\n\n\n<hr class=\"wp-block-separator has-alpha-channel-opacity\"\/>\n\n\n\n<p><strong>El Ayuntamiento invertir\u00e1 cerca de 800.000\u20ac para reducir p\u00e9rdidas de agua y mejorar la eficiencia de la red, mediante la renovaci\u00f3n de las tuber\u00edas de varias calles y la instalaci\u00f3n de elementos de control de cabal <\/strong><\/p>\n\n\n\n<p>El Ayuntamiento de la Bisbal del Pened\u00e8s est\u00e1 trabajando en la mejora de la red de agua de varios puntos del municipio y ha solicitado una subvenci\u00f3n de 300.000\u20ac dentro de la convocatoria del Departamento de Acci\u00f3n Clim\u00e1tica, Alimentaci\u00f3n y Agenda Rural de la Generalitat de Catalunya con el objetivo de sufragar parte de la inversi\u00f3n.<\/p>\n\n\n\n<p>El pasado mes de junio, el Departamento de Acci\u00f3n Clim\u00e1tica, Alimentaci\u00f3n y Agenda Rural de la Generalitat de Catalunya aprob\u00f3 la l\u00ednea de subvenciones dirigidas a los entes locales para la realizaci\u00f3n de actuaciones para la mejora y renovaci\u00f3n de redes de suministro de agua en baja y para la mejora de la digitalizaci\u00f3n de los sistemas de gesti\u00f3n del agua urbana de los municipios de Catalu\u00f1a. En aquel momento, la alcaldesa de la Bisbal del Pened\u00e8s, Agn\u00e8s Ferr\u00e9, arranc\u00f3 una ronda de reuniones con los t\u00e9cnicos municipales y con Aqualia, la empresa concesionaria del servicio de abastecimiento de agua potable, para definir las inversiones prioritarias para los pr\u00f3ximos dos a\u00f1os en la red de la Bisbal del Pened\u00e8s.<\/p>\n\n\n\n<p>El Ayuntamiento de la Bisbal del Pened\u00e8s hace una nueva inversi\u00f3n de 770.906,05\u20ac (300.000\u20ac de los cuales ser\u00e1n subvencionados por el Departamento de Acci\u00f3n Clim\u00e1tica, Alimentaci\u00f3n y Agenda Rural de Catalu\u00f1a, en el caso de que la subvenci\u00f3n sea concedida) para llevar a cabo actuaciones de renovaci\u00f3n parcial de la red de agua del n\u00facleo de la Bisbal del Pened\u00e8s, del Priorat de la Bisbal (extra) y de l&#8217;Esplai, concretamente:<\/p>\n\n\n\n<p><strong>-N\u00facleo:<\/strong> se renovar\u00e1n 54 metros de tuber\u00eda en la calle de la Font y 32 metros de tuber\u00eda en la avenida Baix Pened\u00e8s. Se renovar\u00e1n 17 acometidas, 6 v\u00e1lvulas y 1 hidrante.<\/p>\n\n\n\n<p><strong>-Priorat de la Bisbal:<\/strong> se renovar\u00e1n 2.126 metros de tuber\u00eda, 64 cometidas y 12 v\u00e1lvulas. Se establecer\u00e1 un subsector con estas calles, con un contador y sistemas de telegesti\u00f3n de datos. Estas actuaciones se llevar\u00e1n a cabo en el t\u00e9rmino popularmente conocido como &#8220;la extra&#8221; del Priorat.<\/p>\n\n\n\n<p>&#8211;<strong>L&#8217;Esplai:<\/strong> se renovar\u00e1n 1.563 metros de tuber\u00eda, 68 acometidas y 11 v\u00e1lvulas y se establecer\u00e1 un subsector con las calles en las que se llevar\u00e1n a cabo estas actuaciones: Salvador Dal\u00ed, Antoni T\u00e0pies, Joaquim Sunyer, Xavier Nogu\u00e8s y avenida de l&#8217;Esplai. Tambi\u00e9n se instalar\u00e1 un contador de sector y sistema de telegesti\u00f3n de datos.<\/p>\n\n\n\n<p>La alcaldesa de la Bisbal del Pened\u00e8s, Agn\u00e8s Ferr\u00e9, ha explicado que <em>&#8220;la voluntad del Ayuntamiento de la Bisbal del Pened\u00e8s es reducir al m\u00e1ximo las deficiencias de la red de agua, para evitar p\u00e9rdidas innecesarias de agua y para paliar las problem\u00e1ticas de cortes de agua o p\u00e9rdidas de presi\u00f3n que sufre buena parte de la ciudadan\u00eda. Por todo ello, pronto llevaremos a cabo las obras de mejora en l&#8217;Esplai, el Priorat (la extra) y el n\u00facleo, que se suman a las que ya tenemos iniciadas, que son las obras de mejora de la red de agua que se est\u00e1n haciendo en el Priorat (en la zona norte) y en Can Gordei y que est\u00e1n presupuestadas en 493.005,27\u20ac&#8221;<\/em>. La alcaldesa bisbalenca ha querido recordar que <em>&#8220;no hemos parado de trabajar para hacer inversiones en la red, aunque tenemos que reconocer que a menudo la administraci\u00f3n y la burocracia ralentizan mucho las actuaciones. No obstante, en el 2022 hicimos una inversi\u00f3n en el Papagai, en la calle Rossinyol, presupuestada en 73.290,86\u20ac; en el 2021 renovamos las tuber\u00edas del pozo de abastecimiento de agua de la Masieta, con un presupuesto de 24.062,02\u20ac y tambi\u00e9n construimos un nuevo pozo de agua en l&#8217;Esplai, presupuestado en 87.036\u20ac; en el a\u00f1o 2019, tambi\u00e9n instalamos contadores en la salida de los pozos del municipio, con un presupuesto de 39.780,26\u20ac&#8221;.<\/em><\/p>\n\n\n\n<p>Ferr\u00e9 considera que <em>&#8220;esta l\u00ednea de subvenciones que ha aprobado el Departamento de Acci\u00f3n Clim\u00e1tica, Alimentaci\u00f3n y Agenda Rural es muy \u00fatil para un municipio como nosotros, con tantos n\u00facleos de poblaci\u00f3n, muchos de ellos con instalaciones muy antiguas y que han crecido mucho en los \u00faltimos tiempos. Adem\u00e1s, esta l\u00ednea de subvenciones llega en un momento en el que hay mucha sequ\u00eda y, hoy m\u00e1s que nunca, cada gota cuenta. Desde el equipo de gobierno, queremos resolver todos los problemas de la red de agua, entre ellos los problemas de cal y las fugas. Esperamos que la Generalitat nos conceda esta subvenci\u00f3n para poder sufragar parte de las obras&#8221;.<\/em><\/p>\n","protected":false},"excerpt":{"rendered":"<p>L&#8217;Ajuntament invertir\u00e0 prop de 800.000\u20ac per reduir les p\u00e8rdues d&#8217;aigua i millorar l&#8217;efici\u00e8ncia de la xarxa, mitjan\u00e7ant la renovaci\u00f3 de les canonades de diversos carrers i la instal\u00b7laci\u00f3 d&#8217;elements de &hellip; <a href=\"https:\/\/bisbalpenedes.com\/web\/2023\/09\/29\/lajuntament-de-la-bisbal-del-penedes-sollicita-una-subvencio-de-300-000e-a-la-generalitat-per-a-inversions-a-la-xarxa-daigua-del-municipi\/\" class=\"more-link\">Read More<\/a><\/p>\n","protected":false},"author":4,"featured_media":27785,"comment_status":"closed","ping_status":"closed","sticky":false,"template":"","format":"standard","meta":[],"categories":[8,3208],"tags":[393,2862,99],"_links":{"self":[{"href":"https:\/\/bisbalpenedes.com\/web\/wp-json\/wp\/v2\/posts\/27784"}],"collection":[{"href":"https:\/\/bisbalpenedes.com\/web\/wp-json\/wp\/v2\/posts"}],"about":[{"href":"https:\/\/bisbalpenedes.com\/web\/wp-json\/wp\/v2\/types\/post"}],"author":[{"embeddable":true,"href":"https:\/\/bisbalpenedes.com\/web\/wp-json\/wp\/v2\/users\/4"}],"replies":[{"embeddable":true,"href":"https:\/\/bisbalpenedes.com\/web\/wp-json\/wp\/v2\/comments?post=27784"}],"version-history":[{"count":4,"href":"https:\/\/bisbalpenedes.com\/web\/wp-json\/wp\/v2\/posts\/27784\/revisions"}],"predecessor-version":[{"id":30839,"href":"https:\/\/bisbalpenedes.com\/web\/wp-json\/wp\/v2\/posts\/27784\/revisions\/30839"}],"wp:featuredmedia":[{"embeddable":true,"href":"https:\/\/bisbalpenedes.com\/web\/wp-json\/wp\/v2\/media\/27785"}],"wp:attachment":[{"href":"https:\/\/bisbalpenedes.com\/web\/wp-json\/wp\/v2\/media?parent=27784"}],"wp:term":[{"taxonomy":"category","embeddable":true,"href":"https:\/\/bisbalpenedes.com\/web\/wp-json\/wp\/v2\/categories?post=27784"},{"taxonomy":"post_tag","embeddable":true,"href":"https:\/\/bisbalpenedes.com\/web\/wp-json\/wp\/v2\/tags?post=27784"}],"curies":[{"name":"wp","href":"https:\/\/api.w.org\/{rel}","templated":true}]}}