{"id":2777,"date":"2017-07-06T18:25:17","date_gmt":"2017-07-06T12:25:17","guid":{"rendered":"http:\/\/bisbalpenedes.com\/web\/?p=2777"},"modified":"2017-07-06T18:25:37","modified_gmt":"2017-07-06T12:25:37","slug":"aquest-diumenge-mullat-per-lesclerosi-multiple-a-la-bisbal-del-penedes","status":"publish","type":"post","link":"https:\/\/bisbalpenedes.com\/web\/2017\/07\/06\/aquest-diumenge-mullat-per-lesclerosi-multiple-a-la-bisbal-del-penedes\/","title":{"rendered":"Aquest diumenge, Mulla&#8217;t per l&#8217;esclerosi m\u00faltiple a La Bisbal del Pened\u00e8s"},"content":{"rendered":"<p><a href=\"http:\/\/bisbalpenedes.com\/web\/wp-content\/uploads\/2017\/07\/Mullat-2017-poster.jpg\"><img loading=\"lazy\" class=\"aligncenter size-medium wp-image-2778\" title=\"Mullat-esclerosi-multiple 2017-poster\" src=\"http:\/\/bisbalpenedes.com\/web\/wp-content\/uploads\/2017\/07\/Mullat-2017-poster-207x300.jpg\" alt=\"\" width=\"207\" height=\"300\" srcset=\"https:\/\/bisbalpenedes.com\/web\/wp-content\/uploads\/2017\/07\/Mullat-2017-poster-207x300.jpg 207w, https:\/\/bisbalpenedes.com\/web\/wp-content\/uploads\/2017\/07\/Mullat-2017-poster-600x869.jpg 600w, https:\/\/bisbalpenedes.com\/web\/wp-content\/uploads\/2017\/07\/Mullat-2017-poster-707x1024.jpg 707w, https:\/\/bisbalpenedes.com\/web\/wp-content\/uploads\/2017\/07\/Mullat-2017-poster-scaled.jpg 1768w\" sizes=\"(max-width: 207px) 100vw, 207px\" \/><\/a><\/p>\n<p>M\u00e9s de 600 piscines a Catalunya, entre elles la de La Bisbal del Pened\u00e8s, participen activament en la campanya\u00a0\u00a0Mulla&#8217;t per l&#8217;esclerosi m\u00faltiple\u00a0que enguany se celebrar\u00e0 el\u00a0diumenge 9\u00a0de juliol\u00a0i que des de fa m\u00e9s de 20 anys impulsa la\u00a0Fundaci\u00f3 Esclerosi M\u00faltiple (FEM).\u00a0Milers de ciutadans es mullen i neden metres per solidaritzar-se amb les 7.000 persones que pateixen\u00a0esclerosi m\u00faltiple\u00a0a Catalunya i prop de 46.000 a l&#8217;Estat espanyol.<\/p>\n<div>\n<h1>Fundaci\u00f3 Esclerosi M\u00faltiple<\/h1>\n<p>La\u00a0Fundaci\u00f3 Esclerosi M\u00faltiple\u00a0\u00e9s una entitat privada sense afany de lucre nascuda a Barcelona l\u2019any 1989 amb l&#8217;objectiu de millorar la qualitat de vida de les persones amb esclerosi m\u00faltiple. A Catalunya, hi ha 7.000 persones que pateixen aquesta malaltia.<\/p>\n<p>La missi\u00f3 de la Fundaci\u00f3 Esclerosi M\u00faltiple \u00e9s millorar la qualitat de vida de les persones afectades per la malaltia\u00a0i destinar recursos a la recerca. La Fundaci\u00f3 compleix la seva missi\u00f3 des de diversos \u00e0mbits: informaci\u00f3, atenci\u00f3 al pacient, serveis de neurorehabilitaci\u00f3 i formaci\u00f3 i inserci\u00f3 laboral. En l&#8217;\u00e0mbit laboral, la Fundaci\u00f3 ha impulsat un\u00a0<a href=\"http:\/\/www.femcet.com\/\">Centre Especial de Treball (FEM-CET)<\/a>. Per donar a con\u00e8ixer la malaltia, per captar fons i per sensibilitzar la societat, la Fundaci\u00f3 du a terme campanyes al llarg de l&#8217;any, com el\u00a0Mulla&#8217;t.<\/p>\n<div>\n<p>La Fundaci\u00f3 Esclerosi M\u00faltiple mant\u00e9 una alian\u00e7a estrat\u00e8gica amb el\u00a0<a href=\"http:\/\/www.cem-cat.org\/\">Centre d&#8217;Esclerosi M\u00faltiple de Catalunya (Cemcat)<\/a>, pol d&#8217;excel\u00b7l\u00e8ncia internacional en la recerca a l&#8217;entorn de la malaltia. Des del Cemcat, situat al recinte de l&#8217;Hospital Universitari de la Vall d&#8217;Hebron, es treballa per una investigaci\u00f3 centrada en les malalties neuroimmunol\u00f2giques i en la millora assistencial.<\/p>\n<\/div>\n<p>El Patronat de la\u00a0Fundaci\u00f3 Esclerosi M\u00faltiple\u00a0\u00e9s el seu \u00f2rgan rector i est\u00e0 format per un conjunt de persones compromeses amb la lluita contra\u00a0l\u2019esclerosi m\u00faltiple\u00a0i les seves conseq\u00fc\u00e8ncies, que han impulsat i promogut la\u00a0FEM\u00a0en el seu afany d\u2019ajudar a les persones afectades per aquesta malaltia.<\/p>\n<\/div>\n<div>(Font: FEM)<\/div>\n","protected":false},"excerpt":{"rendered":"<p>M\u00e9s de 600 piscines a Catalunya, entre elles la de La Bisbal del Pened\u00e8s, participen activament en la campanya\u00a0\u00a0Mulla&#8217;t per l&#8217;esclerosi m\u00faltiple\u00a0que enguany se celebrar\u00e0 el\u00a0diumenge 9\u00a0de juliol\u00a0i que des &hellip; <a href=\"https:\/\/bisbalpenedes.com\/web\/2017\/07\/06\/aquest-diumenge-mullat-per-lesclerosi-multiple-a-la-bisbal-del-penedes\/\" class=\"more-link\">Read More<\/a><\/p>\n","protected":false},"author":4,"featured_media":2778,"comment_status":"closed","ping_status":"closed","sticky":false,"template":"","format":"standard","meta":[],"categories":[14],"tags":[597,598,596,74,266,145],"_links":{"self":[{"href":"https:\/\/bisbalpenedes.com\/web\/wp-json\/wp\/v2\/posts\/2777"}],"collection":[{"href":"https:\/\/bisbalpenedes.com\/web\/wp-json\/wp\/v2\/posts"}],"about":[{"href":"https:\/\/bisbalpenedes.com\/web\/wp-json\/wp\/v2\/types\/post"}],"author":[{"embeddable":true,"href":"https:\/\/bisbalpenedes.com\/web\/wp-json\/wp\/v2\/users\/4"}],"replies":[{"embeddable":true,"href":"https:\/\/bisbalpenedes.com\/web\/wp-json\/wp\/v2\/comments?post=2777"}],"version-history":[{"count":3,"href":"https:\/\/bisbalpenedes.com\/web\/wp-json\/wp\/v2\/posts\/2777\/revisions"}],"predecessor-version":[{"id":2781,"href":"https:\/\/bisbalpenedes.com\/web\/wp-json\/wp\/v2\/posts\/2777\/revisions\/2781"}],"wp:featuredmedia":[{"embeddable":true,"href":"https:\/\/bisbalpenedes.com\/web\/wp-json\/wp\/v2\/media\/2778"}],"wp:attachment":[{"href":"https:\/\/bisbalpenedes.com\/web\/wp-json\/wp\/v2\/media?parent=2777"}],"wp:term":[{"taxonomy":"category","embeddable":true,"href":"https:\/\/bisbalpenedes.com\/web\/wp-json\/wp\/v2\/categories?post=2777"},{"taxonomy":"post_tag","embeddable":true,"href":"https:\/\/bisbalpenedes.com\/web\/wp-json\/wp\/v2\/tags?post=2777"}],"curies":[{"name":"wp","href":"https:\/\/api.w.org\/{rel}","templated":true}]}}