{"id":27768,"date":"2023-09-27T18:43:28","date_gmt":"2023-09-27T16:43:28","guid":{"rendered":"https:\/\/bisbalpenedes.com\/web\/?p=27768"},"modified":"2023-09-27T18:44:23","modified_gmt":"2023-09-27T16:44:23","slug":"la-junta-de-govern-del-proper-divendres-29-de-setembre-conte-una-proposta-amb-competencia-delegada-del-ple","status":"publish","type":"post","link":"https:\/\/bisbalpenedes.com\/web\/2023\/09\/27\/la-junta-de-govern-del-proper-divendres-29-de-setembre-conte-una-proposta-amb-competencia-delegada-del-ple\/","title":{"rendered":"La Junta de Govern del proper divendres 29 de setembre cont\u00e9 una proposta amb compet\u00e8ncia delegada del Ple"},"content":{"rendered":"\n<p>S\u2019ha convocat la Junta de Govern ordin\u00e0ria per al divendres 29 de setembre. Una de les propostes de l\u2019ordre del dia \u00e9s amb compet\u00e8ncia del Ple delegada a la Junta de Govern, segons l\u2019acord plenari del 6 de juliol de 2023:<\/p>\n\n\n\n<ul><li>Segona ampliaci\u00f3 de termini de les obres de la Fase 1 del poliesportiu municipal, per tal que acabin abans del 31 d&#8217;octubre.<\/li><\/ul>\n\n\n\n<p>Les sessions de la Junta de Govern local no s\u00f3n p\u00fabliques, per\u00f2 quan actua amb compet\u00e8ncies delegades del Ple la sessi\u00f3 se sotmet als mateixos requisits de publicitat que les sessions del Ple, que s\u00f3n p\u00fabliques. Aix\u00ed ho va declarar la STS 161\/2013, de 26 de setembre. Per aquest motiu, les portes de la sala de Plens s\u2019obriran a les 15:15h perqu\u00e8 hi pugui assistir p\u00fablic. Tamb\u00e9 es gravar\u00e0 aquest punt de l\u2019ordre del dia i, posteriorment, ser\u00e0 publicat per garantir la seva publicitat.&nbsp;<\/p>\n\n\n\n<hr class=\"wp-block-separator has-alpha-channel-opacity\"\/>\n\n\n\n<p><strong>CASTELLANO |&nbsp;<\/strong>Se ha convocado la Junta de Gobierno ordinaria para el viernes 29 de septiembre. Una de las propuestas del orden del d\u00eda es con competencia del Pleno delegada a la Junta de Gobierno, seg\u00fan el acuerdo plenario del 6 de julio de 2023:<\/p>\n\n\n\n<ul><li>Segunda ampliaci\u00f3n del plazo de las obras de la Fase 1 del polideportivo municipal, con tal que terminen antes del 31 de octubre.<\/li><\/ul>\n\n\n\n<p>Las sesiones de la Junta de Gobierno local no son p\u00fablicas, pero cuando act\u00faa con competencias delegadas del Pleno la sesi\u00f3n se somete a los mismos requisitos de publicidad que las sesiones del Pleno, que son p\u00fablicas. As\u00ed lo declar\u00f3 la STS 161\/2013, de 26 de septiembre. Por este motivo, las puertas de la sala de Plenos se abrir\u00e1n a las 15:15h para que pueda asistir p\u00fablico. Tambi\u00e9n se grabar\u00e1 este punto del orden del d\u00eda y, posteriormente, ser\u00e1 publicado para garantizar su publicidad.<\/p>\n\n\n\n<p><\/p>\n","protected":false},"excerpt":{"rendered":"<p>S\u2019ha convocat la Junta de Govern ordin\u00e0ria per al divendres 29 de setembre. Una de les propostes de l\u2019ordre del dia \u00e9s amb compet\u00e8ncia del Ple delegada a la Junta &hellip; <a href=\"https:\/\/bisbalpenedes.com\/web\/2023\/09\/27\/la-junta-de-govern-del-proper-divendres-29-de-setembre-conte-una-proposta-amb-competencia-delegada-del-ple\/\" class=\"more-link\">Read More<\/a><\/p>\n","protected":false},"author":4,"featured_media":27130,"comment_status":"closed","ping_status":"closed","sticky":false,"template":"","format":"standard","meta":[],"categories":[3085,8],"tags":[686],"_links":{"self":[{"href":"https:\/\/bisbalpenedes.com\/web\/wp-json\/wp\/v2\/posts\/27768"}],"collection":[{"href":"https:\/\/bisbalpenedes.com\/web\/wp-json\/wp\/v2\/posts"}],"about":[{"href":"https:\/\/bisbalpenedes.com\/web\/wp-json\/wp\/v2\/types\/post"}],"author":[{"embeddable":true,"href":"https:\/\/bisbalpenedes.com\/web\/wp-json\/wp\/v2\/users\/4"}],"replies":[{"embeddable":true,"href":"https:\/\/bisbalpenedes.com\/web\/wp-json\/wp\/v2\/comments?post=27768"}],"version-history":[{"count":2,"href":"https:\/\/bisbalpenedes.com\/web\/wp-json\/wp\/v2\/posts\/27768\/revisions"}],"predecessor-version":[{"id":27770,"href":"https:\/\/bisbalpenedes.com\/web\/wp-json\/wp\/v2\/posts\/27768\/revisions\/27770"}],"wp:featuredmedia":[{"embeddable":true,"href":"https:\/\/bisbalpenedes.com\/web\/wp-json\/wp\/v2\/media\/27130"}],"wp:attachment":[{"href":"https:\/\/bisbalpenedes.com\/web\/wp-json\/wp\/v2\/media?parent=27768"}],"wp:term":[{"taxonomy":"category","embeddable":true,"href":"https:\/\/bisbalpenedes.com\/web\/wp-json\/wp\/v2\/categories?post=27768"},{"taxonomy":"post_tag","embeddable":true,"href":"https:\/\/bisbalpenedes.com\/web\/wp-json\/wp\/v2\/tags?post=27768"}],"curies":[{"name":"wp","href":"https:\/\/api.w.org\/{rel}","templated":true}]}}