{"id":27664,"date":"2023-09-25T08:25:21","date_gmt":"2023-09-25T06:25:21","guid":{"rendered":"https:\/\/bisbalpenedes.com\/web\/?p=27664"},"modified":"2023-09-25T08:25:21","modified_gmt":"2023-09-25T06:25:21","slug":"activitat-familiar-a-la-biblioteca-el-retrat-exquisit-sobre-picasso-dimarts-26-de-setembre-a-les-18h","status":"publish","type":"post","link":"https:\/\/bisbalpenedes.com\/web\/2023\/09\/25\/activitat-familiar-a-la-biblioteca-el-retrat-exquisit-sobre-picasso-dimarts-26-de-setembre-a-les-18h\/","title":{"rendered":"Activitat familiar a la Biblioteca: &#8220;El retrat exquisit&#8221; sobre Picasso &#8211; Dimarts 26 de setembre a les 18h"},"content":{"rendered":"\n<p>Aquest dimarts 26 de setembre, a les 18h, tindr\u00e0 lloc l&#8217;activitat familiar &#8220;El retrat exquisit&#8221;, de la m\u00e0 d\u2019\u00c0gora Serveis Culturals.<br>Descobrirem, tot jugant, la relaci\u00f3 entre art i joc present en Picasso a l\u2019hora de compondre els rostres dels seus quadres.<\/p>\n\n\n\n<p>Activitat dirigida a infants i fam\u00edlies de 5 a 12 anys. Cal reserva pr\u00e8via a la Biblioteca p\u00fablica de la Bisbal del Pened\u00e8s!<\/p>\n\n\n\n<hr class=\"wp-block-separator has-alpha-channel-opacity\"\/>\n\n\n\n<p>Este martes 26 de septiembre, a las 18h, tendr\u00e1 lugar la actividad familiar &#8220;El retrato exquisito&#8221;, de la mano de \u00c0gora Serveis Culturals.<br>Descubriremos, jugando, la relaci\u00f3n entre arte y juego presente en Picasso a la hora de componer los rostros en sus cuadros.<\/p>\n\n\n\n<p>Actividad dirigida a ni\u00f1os y familias de 5 a 12 a\u00f1os. Es necesario hacer reserva previa en la Biblioteca p\u00fablica de la Bisbal del Pened\u00e8s.<\/p>\n\n\n\n<p><\/p>\n","protected":false},"excerpt":{"rendered":"<p>Aquest dimarts 26 de setembre, a les 18h, tindr\u00e0 lloc l&#8217;activitat familiar &#8220;El retrat exquisit&#8221;, de la m\u00e0 d\u2019\u00c0gora Serveis Culturals.Descobrirem, tot jugant, la relaci\u00f3 entre art i joc present &hellip; <a href=\"https:\/\/bisbalpenedes.com\/web\/2023\/09\/25\/activitat-familiar-a-la-biblioteca-el-retrat-exquisit-sobre-picasso-dimarts-26-de-setembre-a-les-18h\/\" class=\"more-link\">Read More<\/a><\/p>\n","protected":false},"author":4,"featured_media":27625,"comment_status":"closed","ping_status":"closed","sticky":false,"template":"","format":"standard","meta":[],"categories":[2942,2478,13,8],"tags":[169,1766,180,393,6248],"_links":{"self":[{"href":"https:\/\/bisbalpenedes.com\/web\/wp-json\/wp\/v2\/posts\/27664"}],"collection":[{"href":"https:\/\/bisbalpenedes.com\/web\/wp-json\/wp\/v2\/posts"}],"about":[{"href":"https:\/\/bisbalpenedes.com\/web\/wp-json\/wp\/v2\/types\/post"}],"author":[{"embeddable":true,"href":"https:\/\/bisbalpenedes.com\/web\/wp-json\/wp\/v2\/users\/4"}],"replies":[{"embeddable":true,"href":"https:\/\/bisbalpenedes.com\/web\/wp-json\/wp\/v2\/comments?post=27664"}],"version-history":[{"count":1,"href":"https:\/\/bisbalpenedes.com\/web\/wp-json\/wp\/v2\/posts\/27664\/revisions"}],"predecessor-version":[{"id":27665,"href":"https:\/\/bisbalpenedes.com\/web\/wp-json\/wp\/v2\/posts\/27664\/revisions\/27665"}],"wp:featuredmedia":[{"embeddable":true,"href":"https:\/\/bisbalpenedes.com\/web\/wp-json\/wp\/v2\/media\/27625"}],"wp:attachment":[{"href":"https:\/\/bisbalpenedes.com\/web\/wp-json\/wp\/v2\/media?parent=27664"}],"wp:term":[{"taxonomy":"category","embeddable":true,"href":"https:\/\/bisbalpenedes.com\/web\/wp-json\/wp\/v2\/categories?post=27664"},{"taxonomy":"post_tag","embeddable":true,"href":"https:\/\/bisbalpenedes.com\/web\/wp-json\/wp\/v2\/tags?post=27664"}],"curies":[{"name":"wp","href":"https:\/\/api.w.org\/{rel}","templated":true}]}}