{"id":27649,"date":"2023-09-22T12:05:20","date_gmt":"2023-09-22T10:05:20","guid":{"rendered":"https:\/\/bisbalpenedes.com\/web\/?p=27649"},"modified":"2023-09-22T12:05:20","modified_gmt":"2023-09-22T10:05:20","slug":"lescriptor-colombia-wilson-rogelio-enciso-visitara-la-bisbal-el-2024-ja-podeu-trobar-una-de-les-seves-obres-a-la-biblioteca","status":"publish","type":"post","link":"https:\/\/bisbalpenedes.com\/web\/2023\/09\/22\/lescriptor-colombia-wilson-rogelio-enciso-visitara-la-bisbal-el-2024-ja-podeu-trobar-una-de-les-seves-obres-a-la-biblioteca\/","title":{"rendered":"L&#8217;escriptor colombi\u00e0 Wilson Rogelio Enciso visitar\u00e0 la Bisbal el 2024 &#8211; Ja podeu trobar una de les seves obres a la Biblioteca"},"content":{"rendered":"\n<p>Ahir, l&#8217;escriptor bisbalenc Julio L. Calder\u00f3n -a trav\u00e9s de la seva entitat cultural- va entregar el llibre \u2018El valle de las apariciones\u2019 de l&#8217;escriptor colombi\u00e0 Wilson Rogelio Enciso a la regidora de Cultura, Judith Vidal. L\u2019autor de l\u2019obra visitar\u00e0 la Bisbal per presentar aquesta i altres obres de la seva autoria el 2024. De moment, podeu trobar aquest llibre a la Biblioteca p\u00fablica. Des d&#8217;aqu\u00ed li donem les gr\u00e0cies al Julio, i tamb\u00e9 al Wilson, per fer-nos arribar l&#8217;obra.<\/p>\n\n\n\n<hr class=\"wp-block-separator has-alpha-channel-opacity\"\/>\n\n\n\n<p><strong>CASTELLANO |<\/strong> Ayer, el escritor bisbalenc Julio L. Calder\u00f3n -a trav\u00e9s de su entidad cultural- entreg\u00f3 el libro \u2018El valle de las apariciones\u2019 del escritor colombiano Wilson Rogelio Enciso a la concejala de Cultura, Judith Vidal. El autor de obra visitar\u00e1 la Bisbal para presentar esta y otras obras de su autor\u00eda en el 2024. De momento, pod\u00e9is encontrar este libro en la Biblioteca p\u00fablica.<br>Desde aqu\u00ed le damos las gracias a Julio, y tambi\u00e9n a Wilson, por hacernos llegar la obra.<\/p>\n\n\n\n<p><\/p>\n","protected":false},"excerpt":{"rendered":"<p>Ahir, l&#8217;escriptor bisbalenc Julio L. Calder\u00f3n -a trav\u00e9s de la seva entitat cultural- va entregar el llibre \u2018El valle de las apariciones\u2019 de l&#8217;escriptor colombi\u00e0 Wilson Rogelio Enciso a la &hellip; <a href=\"https:\/\/bisbalpenedes.com\/web\/2023\/09\/22\/lescriptor-colombia-wilson-rogelio-enciso-visitara-la-bisbal-el-2024-ja-podeu-trobar-una-de-les-seves-obres-a-la-biblioteca\/\" class=\"more-link\">Read More<\/a><\/p>\n","protected":false},"author":4,"featured_media":27650,"comment_status":"closed","ping_status":"closed","sticky":false,"template":"","format":"standard","meta":[],"categories":[2478,13,8],"tags":[459,180,393,340,148,1374],"_links":{"self":[{"href":"https:\/\/bisbalpenedes.com\/web\/wp-json\/wp\/v2\/posts\/27649"}],"collection":[{"href":"https:\/\/bisbalpenedes.com\/web\/wp-json\/wp\/v2\/posts"}],"about":[{"href":"https:\/\/bisbalpenedes.com\/web\/wp-json\/wp\/v2\/types\/post"}],"author":[{"embeddable":true,"href":"https:\/\/bisbalpenedes.com\/web\/wp-json\/wp\/v2\/users\/4"}],"replies":[{"embeddable":true,"href":"https:\/\/bisbalpenedes.com\/web\/wp-json\/wp\/v2\/comments?post=27649"}],"version-history":[{"count":1,"href":"https:\/\/bisbalpenedes.com\/web\/wp-json\/wp\/v2\/posts\/27649\/revisions"}],"predecessor-version":[{"id":27651,"href":"https:\/\/bisbalpenedes.com\/web\/wp-json\/wp\/v2\/posts\/27649\/revisions\/27651"}],"wp:featuredmedia":[{"embeddable":true,"href":"https:\/\/bisbalpenedes.com\/web\/wp-json\/wp\/v2\/media\/27650"}],"wp:attachment":[{"href":"https:\/\/bisbalpenedes.com\/web\/wp-json\/wp\/v2\/media?parent=27649"}],"wp:term":[{"taxonomy":"category","embeddable":true,"href":"https:\/\/bisbalpenedes.com\/web\/wp-json\/wp\/v2\/categories?post=27649"},{"taxonomy":"post_tag","embeddable":true,"href":"https:\/\/bisbalpenedes.com\/web\/wp-json\/wp\/v2\/tags?post=27649"}],"curies":[{"name":"wp","href":"https:\/\/api.w.org\/{rel}","templated":true}]}}