{"id":27644,"date":"2023-09-22T11:09:26","date_gmt":"2023-09-22T09:09:26","guid":{"rendered":"https:\/\/bisbalpenedes.com\/web\/?p=27644"},"modified":"2023-10-06T09:06:29","modified_gmt":"2023-10-06T07:06:29","slug":"ja-ha-comencat-el-grafftech-fest-a-la-bisbal-del-penedes","status":"publish","type":"post","link":"https:\/\/bisbalpenedes.com\/web\/2023\/09\/22\/ja-ha-comencat-el-grafftech-fest-a-la-bisbal-del-penedes\/","title":{"rendered":"Ja ha comen\u00e7at el Grafftech Fest a la Bisbal del Pened\u00e8s"},"content":{"rendered":"\n<p>\ud83c\udfa8 Avui ha comen\u00e7at el festival d\u2019art de carrer de la Bisbal del Pened\u00e8s!<\/p>\n\n\n\n<p>\ud83d\udc69\u200d\ud83c\udfa8Durant el cap de setmana podeu passejar pel carrer Santa Cristina (la pujada de la Riba), la pla\u00e7a Pau Casals (la pista), l\u2019escola centen\u00e0ria (les cases dels mestres), els safaretjos, l\u2019edifici nou de l\u2019escola Ull de Vent, la pla\u00e7a de l\u2019Era de Batre (consultori m\u00e8dic), el poliesportiu municipal (la part que dona a les vinyes), el CMC (la part del darrere) i veure els artistes treballar en les seves obres.<\/p>\n\n\n\n<p>\ud83d\udccdUs adjuntem un enlla\u00e7 a Google Maps amb totes les ubicacions (tant de les pintures murals que ja existeixen a la Bisbal del Pened\u00e8s com de les que s\u2019estan fent durant aquest cap de setmana): <a href=\"https:\/\/www.google.com\/maps\/d\/edit?mid=1cVZsHrjJBuMMB99NNbhmWRzrgwWoEpk&amp;usp=sharing\"><strong>https:\/\/www.google.com\/maps\/d\/edit?mid=1cVZsHrjJBuMMB99NNbhmWRzrgwWoEpk&amp;usp=sharing<\/strong><\/a><\/p>\n\n\n\n<p>\ud83d\udc49Paral\u00b7lelament, es faran les seg\u00fcents <strong>activitats a l\u2019aparcament de l\u2019escola nova<\/strong> (avda. Baix Pened\u00e8s s\/n):<\/p>\n\n\n\n<p>\u25aaEl dissabte 23 de setembre a les 12h: taller de realitat augmentada i virtual<br>\u25aaEl dissabte 23 de setembre de 16h a 20h: taller infantil de pintura mural. \u270d\ufe0f<span style=\"text-decoration: underline;\">Inscripcions: 646 48 85 26.<\/span><br>\u25aaEl diumenge 24 de setembre a les 11h: taller infantil. \u270d\ufe0f<span style=\"text-decoration: underline;\">Inscripcions: 646 48 85 26.<\/span><br>\u25aaEl diumenge 24 de setembre de 17h a 20h: taller de realitat augmentada i virtual<\/p>\n\n\n\n<p>\u2139Trobareu m\u00e9s informaci\u00f3 sobre el festival, aqu\u00ed: <a href=\"https:\/\/bit.ly\/3PltfMu\"><strong>https:\/\/bit.ly\/3PltfMu<\/strong><\/a><\/p>\n\n\n\n<figure class=\"wp-block-image size-large\"><img loading=\"lazy\" width=\"680\" height=\"1024\" src=\"https:\/\/bisbalpenedes.com\/web\/wp-content\/uploads\/2023\/09\/graffest-tech-02-680x1024.jpg\" alt=\"\" class=\"wp-image-27654\" srcset=\"https:\/\/bisbalpenedes.com\/web\/wp-content\/uploads\/2023\/09\/graffest-tech-02-680x1024.jpg 680w, https:\/\/bisbalpenedes.com\/web\/wp-content\/uploads\/2023\/09\/graffest-tech-02-199x300.jpg 199w, https:\/\/bisbalpenedes.com\/web\/wp-content\/uploads\/2023\/09\/graffest-tech-02-768x1156.jpg 768w, https:\/\/bisbalpenedes.com\/web\/wp-content\/uploads\/2023\/09\/graffest-tech-02-1020x1536.jpg 1020w, https:\/\/bisbalpenedes.com\/web\/wp-content\/uploads\/2023\/09\/graffest-tech-02-1361x2048.jpg 1361w, https:\/\/bisbalpenedes.com\/web\/wp-content\/uploads\/2023\/09\/graffest-tech-02-600x903.jpg 600w, https:\/\/bisbalpenedes.com\/web\/wp-content\/uploads\/2023\/09\/graffest-tech-02-scaled.jpg 1701w\" sizes=\"(max-width: 680px) 100vw, 680px\" \/><figcaption>SONY DSC<\/figcaption><\/figure>\n\n\n\n<hr class=\"wp-block-separator has-alpha-channel-opacity\"\/>\n\n\n\n<p>\ud83c\udfa8\u00a1Hoy ha empezado el festival de arte callejero de la Bisbal del Pened\u00e8s!<\/p>\n\n\n\n<p>\ud83e\uddd1\u200d\ud83c\udfa8Durante el fin de semana pod\u00e9is pasear por la calle Santa Cristina (subida de la Riba), la plaza Pau Casals (la pista), la escuela centenaria (las casas de los maestros), los lavaderos, el edificio nuevo de la escuela Ull de Vent, la plaza de l\u2019Era de Batre (consultorio m\u00e9dico), el polideportivo municipal (la parte que da a las vi\u00f1as), el CMC (la parte de detr\u00e1s) y ver los artistas trabajar en sus obras.<\/p>\n\n\n\n<p>\ud83d\udccdOs adjuntamos un enlace a Google Maps con todas las ubicaciones (tanto de las pinturas murales que ya existen en la Bisbal del Pened\u00e8s como de las que se est\u00e1n haciendo durante este fin de semana): <a href=\"https:\/\/www.google.com\/maps\/d\/edit?mid=1cVZsHrjJBuMMB99NNbhmWRzrgwWoEpk&amp;usp=sharing\"><strong>https:\/\/www.google.com\/maps\/d\/edit?mid=1cVZsHrjJBuMMB99NNbhmWRzrgwWoEpk&amp;usp=sharing<\/strong><\/a><\/p>\n\n\n\n<p>\ud83d\udc49Paralelamente, se har\u00e1n las siguientes<strong> actividades en el aparcamiento de la escuela nueva<\/strong> (avda. Baix Pened\u00e8s, s\/n):<\/p>\n\n\n\n<p>\u25aaEl s\u00e1bado 23 de septiembre a las 12h: taller de realidad aumentada y virtual<br>\u25aaEl s\u00e1bado 23 de septiembre de 16h a 20h: taller infantil de pintura mural. \u270d\ufe0f<span style=\"text-decoration: underline;\">Inscripciones: 646 48 85 26<\/span><br>\u25aaEl domingo 24 de septiembre a las 11h: taller infantil. \u270d\ufe0f<span style=\"text-decoration: underline;\">Inscripciones: 646 48 85 26<\/span><br>\u25aaEl domingo 24 de septiembre de 17h a 20h: taller de realidad aumentada y virtual<\/p>\n\n\n\n<p>\u2139Encontrar\u00e9is m\u00e1s informaci\u00f3n, aqu\u00ed: <a href=\"https:\/\/bit.ly\/3PltfMu\"><strong>https:\/\/bit.ly\/3PltfMu<\/strong><\/a><\/p>\n","protected":false},"excerpt":{"rendered":"<p>\ud83c\udfa8 Avui ha comen\u00e7at el festival d\u2019art de carrer de la Bisbal del Pened\u00e8s! \ud83d\udc69\u200d\ud83c\udfa8Durant el cap de setmana podeu passejar pel carrer Santa Cristina (la pujada de la Riba), &hellip; <a href=\"https:\/\/bisbalpenedes.com\/web\/2023\/09\/22\/ja-ha-comencat-el-grafftech-fest-a-la-bisbal-del-penedes\/\" class=\"more-link\">Read More<\/a><\/p>\n","protected":false},"author":4,"featured_media":27645,"comment_status":"closed","ping_status":"closed","sticky":false,"template":"","format":"standard","meta":[],"categories":[2942,8],"tags":[6246,510,459,6210,6247,393,1374,5211,6251,5581],"_links":{"self":[{"href":"https:\/\/bisbalpenedes.com\/web\/wp-json\/wp\/v2\/posts\/27644"}],"collection":[{"href":"https:\/\/bisbalpenedes.com\/web\/wp-json\/wp\/v2\/posts"}],"about":[{"href":"https:\/\/bisbalpenedes.com\/web\/wp-json\/wp\/v2\/types\/post"}],"author":[{"embeddable":true,"href":"https:\/\/bisbalpenedes.com\/web\/wp-json\/wp\/v2\/users\/4"}],"replies":[{"embeddable":true,"href":"https:\/\/bisbalpenedes.com\/web\/wp-json\/wp\/v2\/comments?post=27644"}],"version-history":[{"count":3,"href":"https:\/\/bisbalpenedes.com\/web\/wp-json\/wp\/v2\/posts\/27644\/revisions"}],"predecessor-version":[{"id":27655,"href":"https:\/\/bisbalpenedes.com\/web\/wp-json\/wp\/v2\/posts\/27644\/revisions\/27655"}],"wp:featuredmedia":[{"embeddable":true,"href":"https:\/\/bisbalpenedes.com\/web\/wp-json\/wp\/v2\/media\/27645"}],"wp:attachment":[{"href":"https:\/\/bisbalpenedes.com\/web\/wp-json\/wp\/v2\/media?parent=27644"}],"wp:term":[{"taxonomy":"category","embeddable":true,"href":"https:\/\/bisbalpenedes.com\/web\/wp-json\/wp\/v2\/categories?post=27644"},{"taxonomy":"post_tag","embeddable":true,"href":"https:\/\/bisbalpenedes.com\/web\/wp-json\/wp\/v2\/tags?post=27644"}],"curies":[{"name":"wp","href":"https:\/\/api.w.org\/{rel}","templated":true}]}}