{"id":27639,"date":"2023-09-21T18:00:54","date_gmt":"2023-09-21T16:00:54","guid":{"rendered":"https:\/\/bisbalpenedes.com\/web\/?p=27639"},"modified":"2023-09-21T18:03:23","modified_gmt":"2023-09-21T16:03:23","slug":"lajuntament-silluminara-amb-llum-blanca-avui-dimecres-al-vespre-amb-motiu-del-dia-internacional-de-la-pau-2","status":"publish","type":"post","link":"https:\/\/bisbalpenedes.com\/web\/2023\/09\/21\/lajuntament-silluminara-amb-llum-blanca-avui-dimecres-al-vespre-amb-motiu-del-dia-internacional-de-la-pau-2\/","title":{"rendered":"L\u2019Ajuntament s\u2019il\u00b7luminar\u00e0 amb llum blanca avui dijous al vespre amb motiu del Dia Internacional de la Pau"},"content":{"rendered":"\n<p>L\u2019Ajuntament de la Bisbal del Pened\u00e8s s\u2019il\u00b7luminar\u00e0, avui dijous 21 de setembre al vespre, amb llum blanca amb motiu del Dia Internacional de la Pau.L\u2019Assemblea General de les Nacions Unides va declarar l\u2019any 1981 que el dia d\u2019obertura de sessions cada setembre seria proclamat i observat oficialment com a Dia Internacional de la Pau, dedicat a commemorar i enfortir els ideals de pau dins de cada naci\u00f3 i entre tots els pobles.<br>Podeu ampliar la informaci\u00f3 a l\u2019enlla\u00e7:&nbsp;<a href=\"http:\/\/cooperaciocatalana.gencat.cat\/ca\/que-fem\/campanyes\/campanyes-danys-anteriors\/21-de-setembre-dia-internacional-per-la-pau\/\">ttp:\/\/cooperaciocatalana.gencat.cat\/ca\/que-fem\/campanyes\/campanyes-danys-anteriors\/21-de-setembre-dia-internacional-per-la-pau\/<\/a><a href=\"http:\/\/cooperaciocatalana.gencat.cat\/ca\/que-fem\/campanyes\/campanyes-danys-anteriors\/21-de-setembre-dia-internacional-per-la-pau\/\"><\/a><\/p>\n\n\n\n<hr class=\"wp-block-separator has-alpha-channel-opacity\"\/>\n\n\n\n<p>El Ayuntamiento de la Bisbal del Pened\u00e8s se iluminar\u00e1, hoy jueves 21 de septiembre al anochecer, con luz blanca con motivo del D\u00eda Internacional de la Paz. La Asamblea General de las Naciones Unidas declar\u00f3 el a\u00f1o 1981 que el d\u00eda de apertura de sesiones cada septiembre ser\u00eda proclamado y observado oficialmente como D\u00eda Internacional de la Paz, dedicado a conmemorar y fortalecer los ideales de paz dentro de cada naci\u00f3n y entre todos los pueblos.<br>Pod\u00e9is ampliar la informaci\u00f3n en el enlace:&nbsp;<a href=\"http:\/\/cooperaciocatalana.gencat.cat\/ca\/que-fem\/campanyes\/campanyes-danys-anteriors\/21-de-setembre-dia-internacional-per-la-pau\/\">http:\/\/cooperaciocatalana.gencat.cat\/ca\/que-fem\/campanyes\/campanyes-danys-anteriors\/21-de-setembre-dia-internacional-per-la-pau\/<\/a><\/p>\n","protected":false},"excerpt":{"rendered":"<p>L\u2019Ajuntament de la Bisbal del Pened\u00e8s s\u2019il\u00b7luminar\u00e0, avui dijous 21 de setembre al vespre, amb llum blanca amb motiu del Dia Internacional de la Pau.L\u2019Assemblea General de les Nacions Unides &hellip; <a href=\"https:\/\/bisbalpenedes.com\/web\/2023\/09\/21\/lajuntament-silluminara-amb-llum-blanca-avui-dimecres-al-vespre-amb-motiu-del-dia-internacional-de-la-pau-2\/\" class=\"more-link\">Read More<\/a><\/p>\n","protected":false},"author":4,"featured_media":27640,"comment_status":"closed","ping_status":"closed","sticky":false,"template":"","format":"standard","meta":[],"categories":[2402,8],"tags":[2866,4783,6245,393],"_links":{"self":[{"href":"https:\/\/bisbalpenedes.com\/web\/wp-json\/wp\/v2\/posts\/27639"}],"collection":[{"href":"https:\/\/bisbalpenedes.com\/web\/wp-json\/wp\/v2\/posts"}],"about":[{"href":"https:\/\/bisbalpenedes.com\/web\/wp-json\/wp\/v2\/types\/post"}],"author":[{"embeddable":true,"href":"https:\/\/bisbalpenedes.com\/web\/wp-json\/wp\/v2\/users\/4"}],"replies":[{"embeddable":true,"href":"https:\/\/bisbalpenedes.com\/web\/wp-json\/wp\/v2\/comments?post=27639"}],"version-history":[{"count":2,"href":"https:\/\/bisbalpenedes.com\/web\/wp-json\/wp\/v2\/posts\/27639\/revisions"}],"predecessor-version":[{"id":27642,"href":"https:\/\/bisbalpenedes.com\/web\/wp-json\/wp\/v2\/posts\/27639\/revisions\/27642"}],"wp:featuredmedia":[{"embeddable":true,"href":"https:\/\/bisbalpenedes.com\/web\/wp-json\/wp\/v2\/media\/27640"}],"wp:attachment":[{"href":"https:\/\/bisbalpenedes.com\/web\/wp-json\/wp\/v2\/media?parent=27639"}],"wp:term":[{"taxonomy":"category","embeddable":true,"href":"https:\/\/bisbalpenedes.com\/web\/wp-json\/wp\/v2\/categories?post=27639"},{"taxonomy":"post_tag","embeddable":true,"href":"https:\/\/bisbalpenedes.com\/web\/wp-json\/wp\/v2\/tags?post=27639"}],"curies":[{"name":"wp","href":"https:\/\/api.w.org\/{rel}","templated":true}]}}