{"id":27620,"date":"2023-09-20T10:20:55","date_gmt":"2023-09-20T08:20:55","guid":{"rendered":"https:\/\/bisbalpenedes.com\/web\/?p=27620"},"modified":"2023-09-20T14:19:10","modified_gmt":"2023-09-20T12:19:10","slug":"aquest-dilluns-18-de-setembre-sha-celebrat-el-primer-ple-ordinari-del-mandat-a-lajuntament-de-la-bisbal-del-penedes","status":"publish","type":"post","link":"https:\/\/bisbalpenedes.com\/web\/2023\/09\/20\/aquest-dilluns-18-de-setembre-sha-celebrat-el-primer-ple-ordinari-del-mandat-a-lajuntament-de-la-bisbal-del-penedes\/","title":{"rendered":"Aquest dilluns 18 de setembre s&#8217;ha celebrat el primer Ple ordinari del mandat a l&#8217;Ajuntament de la Bisbal del Pened\u00e8s"},"content":{"rendered":"\n<p>El dilluns 18 de setembre es va celebrar el primer Ple ordinari del mandat. El Ple va comptar amb l\u2019assist\u00e8ncia de tots els membres del Consistori.<\/p>\n\n\n\n<p><strong>El v\u00eddeo \u00edntegre -i certificat- del Ple est\u00e0 disponible al portal de <a href=\"https:\/\/actes.bisbalpenedes.com\/session\/sessionDetail\/8a80808489d4f155018aacbf082600d9\" target=\"_blank\" rel=\"noreferrer noopener\">v\u00eddeoactes<\/a><\/strong>. All\u00e0 &nbsp;podeu consultar tots els punts de l&#8217;ordre del dia i escoltar les propostes, els parlaments, arguments i votacions de cada grup pol\u00edtic o regidor de forma \u00edntegra: <a href=\"https:\/\/actes.bisbalpenedes.com\/session\/sessionDetail\/8a80808489d4f155018aacbf082600d9\">https:\/\/actes.bisbalpenedes.com\/session\/sessionDetail\/8a80808489d4f155018aacbf082600d9<\/a><\/p>\n\n\n\n<p>A la sessi\u00f3, s\u2019hi van tractar els punts seg\u00fcents:<\/p>\n\n\n\n<p><strong>Punt 1.-Aprovaci\u00f3 de l&#8217;acta del Ple extraordinari del 17 de juny.<\/strong><\/p>\n\n\n\n<p>Es va aprovar per unanimitat.<\/p>\n\n\n\n<p><strong>Punt 2.-Aprovaci\u00f3 de l&#8217;acta del Ple extraordinari del 28 de juny.<\/strong><\/p>\n\n\n\n<p>Es va aprovar per majoria amb els vots a favor de Comprom\u00eds amb la Bisbal (5), La Bisbal Decideix (2), un regidor de Tots Som la Bisbal &#8211; Urbanizaciones Unidas (1), el PSC (1) i ERC-AM (1) i l&#8217;abstenci\u00f3 d&#8217;una regidora de Tots som la Bisbal-Urbanizaciones Unidas (1).<\/p>\n\n\n\n<p><strong>Punt 3.-Aprovaci\u00f3 de l&#8217;acta del Ple extraordinari del 6 de juliol.<\/strong><\/p>\n\n\n\n<p>Es va aprovar per unanimitat.<\/p>\n\n\n\n<p><strong>Punt 4.-Expedient 1482\/2021 Ratificaci\u00f3 del recurs d&#8217;al\u00e7ada presentat contra l&#8217;autoritzaci\u00f3 administrativa pr\u00e8via de la &#8220;MAT&#8221;.<\/strong><\/p>\n\n\n\n<p>Es va aprovar per unanimitat.<\/p>\n\n\n\n<p>El 31 d&#8217;agost l&#8217;alcaldessa de la Bisbal del Pened\u00e8s, Agn\u00e8s Ferr\u00e9, va signar un Decret d&#8217;alcaldia per presentar recurs d&#8217;al\u00e7ada contra l&#8217;autoritzaci\u00f3 administrativa pr\u00e8via de la Resoluci\u00f3 de juliol, de la Direcci\u00f3n General de Pol\u00edtica Energ\u00e9tica y Minas, per la que <em>&#8220;se otorga a la mercantil Energ\u00edas Renovables de Oromonde 36, S.L., autorizaci\u00f3n administrativa previa para la instalaci\u00f3n fotovoltaica Jaime I, de 40 MW de potencia pico y 38,2 MW de potencia instalada y sus infraestructuras de evacuaci\u00f3n, en t\u00e9rminos municipales de Zaragoza, Teruel, Tarragona y Barcelona&#8221;, <\/em>\u00e9s a dir, la MAT.<\/p>\n\n\n\n<p>Aquest recurs d&#8217;al\u00e7ada es va presentar davant la Secretar\u00eda de Estado de Energ\u00eda del Ministerio para la Transici\u00f3n Ecol\u00f3gica y el Reto Demogr\u00e1fico.<\/p>\n\n\n\n<p>L&#8217;alcaldessa de la Bisbal del Pened\u00e8s, Agn\u00e8s Ferr\u00e9, ha explicat que <em>&#8220;aquesta resoluci\u00f3 es va publicar al BOE el 2 d\u2019agost. A partir d\u2019aquest moment es van tornar a posar en contacte els Consells Comarcals i els Ajuntaments dels territoris afectats pel projecte. L\u2019\u00faltim dia per presentar el recurs d\u2019al\u00e7ada era el dilluns 4 de setembre i ens van recomanar fer-ho abans. Com al 2021, entre tots els ajuntaments i Consells Comarcals afectats, contractem la mateixa empresa d\u2019enginyeria perqu\u00e8 ens prepari el recurs d\u2019al\u00e7ada, per tal que tots els municipis el puguem aprovar abans del 4 de setembre per Decret d\u2019alcaldia, i despr\u00e9s ratificar-lo per Ple&#8221;.<\/em><\/p>\n\n\n\n<p>El projecte de la MAT pret\u00e9n portar energia solar de l&#8217;Arag\u00f3 fins a l&#8217;\u00e0rea metropolitana de Barcelona, sense tenir en compte ni consultar el territori i sense buscar alternatives d&#8217;energia verda sostenible i de proximitat. El projecte preveu l&#8217;estesa de 9.833,39 metres de l\u00ednia corrent trif\u00e0sica a\u00e8ria a trav\u00e9s de 27 torres (de fins a 70 metres d&#8217;al\u00e7ada) a la Bisbal del Pened\u00e8s.<\/p>\n\n\n\n<p><strong>Punt 5.-Expedient 1558\/2023 Aprovaci\u00f3 del Compte general de l&#8217;exercici 2022.<\/strong><\/p>\n\n\n\n<p>Es va aprovar per majoria amb els vots a favor de Comprom\u00eds amb la Bisbal (5), PSC (1) i ERC (1); el vot en contra de Tots som la Bisbal-Urbanizaciones Unidas (2); i l&#8217;abstenci\u00f3 de La Bisbal Decideix (2).<\/p>\n\n\n\n<p>El Compte General de 2022 s&#8217;ha elevat al Ple despr\u00e9s que hagi estat en exposici\u00f3 p\u00fablica sense que s&#8217;hagin presentat al\u00b7legacions.<\/p>\n\n\n\n<p>La comissi\u00f3 de Comptes del 10 d&#8217;agost va emetre informe favorable amb els 7 vots ponderats a favor de Comprom\u00eds amb la Bisbal, el PSC i ERC, 2 vots ponderats d&#8217;abstenci\u00f3 de la Bisbal Decideix i 2 vots ponderats en contra de Tots som la Bisbal-Urbanizaciones Unidas.<\/p>\n\n\n\n<p><strong><u>Resum de la liquidaci\u00f3 del pressupost 2022<\/u><\/strong><\/p>\n\n\n\n<p>-Pressupost aprovat inicial de 4.802.354,40\u20ac<\/p>\n\n\n\n<p>-Es liquida el pressupost amb 7.474.204,00\u20ac, per tant amb 2.671.849,60\u20ac m\u00e9s d\u2019ingressos dels pressupostats.<\/p>\n\n\n\n<p>-Aquests ingressos de 2.671.849,60\u20ac s\u00f3n procedents del super\u00e0vit d\u2019anys anteriors.<\/p>\n\n\n\n<p>-Super\u00e0vit pressupostari de 881.906,18\u20ac<\/p>\n\n\n\n<p>-Es compleix l&#8217;objectiu d&#8217;estabilitat pressupost\u00e0ria i l&#8217;Ajuntament t\u00e9 una capacitat de finan\u00e7ament de 962.960,75\u20ac.<\/p>\n\n\n\n<p>-Es compleix l&#8217;objectiu de la regla de la despesa<\/p>\n\n\n\n<p>-Es compleix l&#8217;objectiu del l\u00edmit de deute p\u00fablic, establert en el 110% com a m\u00e0xim (el deute viu total a 31 de desembre de 2022 era de 0\u20ac).<\/p>\n\n\n\n<p><strong>Punt 6.-Aprovaci\u00f3 inicial de l&#8217;Ordenan\u00e7a municipal reguladora de la conservaci\u00f3 i neteja de parcel\u00b7les<\/strong><\/p>\n\n\n\n<p>Es va aprovar inicialment per unanimitat.<\/p>\n\n\n\n<p>L&#8217;ordenan\u00e7a t\u00e9 per objectiu mantenir la conservaci\u00f3 i salubritat de les parcel\u00b7les i &nbsp;incrementar la seguretat de les persones, dels b\u00e9ns personals i materials de l&#8217;\u00e0rea urbana del municipi. Podeu consultar el text de l&#8217;ordenan\u00e7a aprovada inicialment, <a href=\"https:\/\/bisbalpenedes.com\/web\/wp-content\/uploads\/2023\/09\/Proposta-ordenan\u00e7a.pdf\">aqu\u00ed.<\/a><\/p>\n\n\n\n<p>El Ple del 19 de setembre de 2022 va aprovar, per unanimitat, la moci\u00f3 presentada pel grup municipal &#8216;Ara la Bisbal&#8217; <em>&#8220;per fer una consulta p\u00fablica per a la redacci\u00f3 d\u2019una ordenan\u00e7a per l\u2019obligaci\u00f3 de neteja i conservaci\u00f3 dels solars urbans&#8221;.<\/em><\/p>\n\n\n\n<p>A principis de gener es va aprovar una despesa menor per al servei d&#8217;elaboraci\u00f3 d&#8217;un inventari de parcel\u00b7les sense edificar al municipi i de redacci\u00f3 d&#8217;una ordenan\u00e7a per a la neteja i el manteniment d&#8217;aquestes. L&#8217;inventari de parcel\u00b7les detalla quantes parcel\u00b7les buides hi ha, la localitzaci\u00f3, l&#8217;estat de la vegetaci\u00f3 i arbrat i la dimensi\u00f3. Actualment, al municipi hi ha un total de 1.044 parcel\u00b7les buides: 1 a l&#8217;Ortig\u00f3s, 29 al nucli, 29 al Papagai, 132 al Priorat, 179 a La Miralba, 204 a l&#8217;Esplai i la Masieta, 204 a La Pineda de Santa Cristina i 266 a Can Gordei.<\/p>\n\n\n\n<p>Al mar\u00e7, es va iniciar una consulta p\u00fablica d&#8217;un mes en la que van participar nou persones i, posteriorment, va tenir lloc la comissi\u00f3 de treball per preparar l&#8217;ordenan\u00e7a, que es va centrar en l\u2019inventari de parcel\u00b7les sense edificar al municipi, la proposta d\u2019ordenan\u00e7a reguladora de la neteja i conservaci\u00f3 d\u2019aquestes i les opinions i propostes de les nou persones participants a la consulta. Com a resultat d&#8217;aquesta feina, s&#8217;ha elaborat el text de l&#8217;ordenan\u00e7a aprovada inicialment en aquest Ple.<\/p>\n\n\n\n<p>Ara, l&#8217;ordenan\u00e7a es publicar\u00e0 al BOP de Tarragona i estar\u00e0 en exposici\u00f3 p\u00fablica durant un mes. Si no hi ha al\u00b7legacions, aquesta quedar\u00e0 aprovada definitivament. En cas que hi hagi al\u00b7legacions, aquestes s&#8217;hauran de resoldre abans de l&#8217;aprovaci\u00f3 definitiva de l&#8217;ordenan\u00e7a.<\/p>\n\n\n\n<p><strong>7.-Modificaci\u00f3 de cr\u00e8dit 2PLE\/2023, amb la modalitat d\u2019incorporaci\u00f3 de romanents de cr\u00e8dit<\/strong><\/p>\n\n\n\n<p>Es va aprovar per majoria amb els vots a favor de Comprom\u00eds amb la Bisbal (5), La Bisbal Decideix (2), el PSC (1) i ERC-AM (1) i l&#8217;abstenci\u00f3 de Tots Som la Bisbal-Urbanizaciones Unidas (2).<\/p>\n\n\n\n<p>S&#8217;ha aprovat inicialment una modificaci\u00f3 de cr\u00e8dit de 31.914,50\u20ac per incrementar les partides del pressupost del personal laboral fix i el personal laboral temporal. Segons ha explicat l&#8217;alcaldessa de la Bisbal del Pened\u00e8s, Agn\u00e8s Ferr\u00e9, <em>&#8220;per al personal fix fa falta aquest import per a les indemnitzacions del personal que no ha guanyat la pla\u00e7a que ocupava&#8221;.<\/em> Quant al personal laboral temporal, Ferr\u00e9 ha explicat que <em>&#8220;ser\u00e0 necess\u00e0ria la contractaci\u00f3 de personal, a trav\u00e9s d&#8217;un programa espec\u00edfic, per poder realitzar l&#8217;inventari de patrimoni, amb les tasques de recollida d&#8217;informaci\u00f3 i documentaci\u00f3, valoraci\u00f3 de les finques, elaboraci\u00f3 de les fitxes i la introducci\u00f3 de dades al m\u00f2dul de patrimoni del programa de comptabilitat. En tractar-se d&#8217;una feina obligat\u00f2ria i concreta que es fa una vegada, es permet una contractaci\u00f3 temporal limitada&#8221;.<\/em><\/p>\n\n\n\n<p>Per poder incrementar les partides de personal, es treuen 17.201, 65\u20ac de la partida del fons de conting\u00e8ncia i 14.712,85\u20ac del cam\u00ed del Priorat (aquesta inversi\u00f3 es far\u00e0 l&#8217;any vinent).<\/p>\n\n\n\n<p><strong>8.-Proposta d\u2019acord presentada pels regidors dels grups municipals La Bisbal Decideix i Tots som la Bisbal\u2013Urbanizaciones unidas: proclamaci\u00f3 de municipi cardioprotegit<\/strong><\/p>\n\n\n\n<p>Es va aprovar per unanimitat.<\/p>\n\n\n\n<p>S&#8217;ha aprovat la proposta per proclamar la Bisbal municipi cardioprotegit i, per assolir aquesta fita, s&#8217;ha arribat als seg\u00fcents <strong>ACORDS:<\/strong><\/p>\n\n\n\n<p>-Realitzar la proclamaci\u00f3 p\u00fablica de la voluntat del Ple d\u2019esdevenir un municipi cardioprotegit en la seva totalitat: tant en el nucli, com a l\u2019Ortig\u00f3s, com a totes les urbanitzacions.<\/p>\n\n\n\n<p>-Revisar conjuntament amb l\u2019escola Ull de Vent l\u2019estat de la implementaci\u00f3 dins el curr\u00edculum escolar del programa de formaci\u00f3 en Suport Vital de l\u2019acord del 2015 del Departament d\u2019Educaci\u00f3.<\/p>\n\n\n\n<p>-Donar suport i facilitar el desplegament del programa de formaci\u00f3 en Suport Vital a l\u2019escola Ull de Vent.<\/p>\n\n\n\n<p>-Realitzar l\u2019elaboraci\u00f3 d\u2019un pla de cardioprotecci\u00f3 municipal que especifiqui:<\/p>\n\n\n\n<ul><li>Habitants totals i llur percentatge de distribuci\u00f3 en nuclis de densitat poblacional dins del terme municipal.<\/li><\/ul>\n\n\n\n<ul><li>Llistat de la dotaci\u00f3 i distribuci\u00f3 d\u2019equips DEA del municipi, fent constar els disponibles en centres i espais p\u00fablics i privats, els m\u00f2bils, i en la via p\u00fablica. Especificar els <em>geolocalitzats.<\/em><\/li><\/ul>\n\n\n\n<ul><li>Si es disposa o no de mapa de localitzaci\u00f3.<\/li><\/ul>\n\n\n\n<ul><li>Programes de formaci\u00f3 en SVB + DEA. Descripci\u00f3 de la formaci\u00f3 a ciutadans; primers interventors i accions d\u2019informaci\u00f3 i de sensibilitzaci\u00f3 sobre la mort sobtada i les actuacions integrades en la cadena de superviv\u00e8ncia.<\/li><\/ul>\n\n\n\n<p>-Un cop realitzat el pla de Cardioprotecci\u00f3 Municipal, presentar-lo al CCR per tal d\u2019obtenir-ne l\u2019aprovaci\u00f3 i esdevenir un municipi cardioprotegit certificat.<\/p>\n\n\n\n<p><strong>9.-Proposta d\u2019acord presentada pels regidors dels grups municipals La Bisbal Decideix i Tots som la Bisbal\u2013 Urbanizaciones unidas: impuls de mesures de moderaci\u00f3 dels consums d\u2019aigua entre la ciutadania arran de l\u2019estat d\u2019excepcionalitat per sequera<\/strong><\/p>\n\n\n\n<p>No es va aprovar amb els vots en contra de Comprom\u00eds amb la Bisbal (5), PSC (1) i ERC-AM (1) i els vots a favor de La Bisbal Decideix (2) i Tots som la Bisbal-Urbanizaciones Unidas (2).<\/p>\n\n\n\n<p>La proposta presentada tenia per objectiu arribar als seg\u00fcents <strong>ACORDS:<\/strong><\/p>\n\n\n\n<p><strong>PRIMER.<\/strong> Respecte a les p\u00e8rdues d&#8217;aigua, m\u00e9s enll\u00e0 de les properes inversions en la renovaci\u00f3 de la xarxa al Priorat, Can Gordei i la Riba, realitzar informes peri\u00f2dics sobre l&#8217;efici\u00e8ncia i les actuacions m\u00e9s priorit\u00e0ries i aprofitar la l\u00ednia de subvencions de l&#8217;ACA espec\u00edfica per a la millora de la xarxa de distribuci\u00f3 en baixa (<a href=\"https:\/\/aca.gencat.cat\/ca\/laca\/subvencions\/convocatoria-oberta\/\">https:\/\/aca.gencat.cat\/ca\/laca\/subvencions\/convocatoria-oberta\/<\/a>) per tal d&#8217;aplicar mesures de xoc per reduir les p\u00e8rdues d&#8217;aigua a la xarxa.<\/p>\n\n\n\n<p><strong>SEGON.<\/strong> Realitzar les seg\u00fcents accions per tal d&#8217;impulsar i fomentar la moderaci\u00f3 dels consums en el curt termini, especialment a les zones amb major consum per c\u00e0pita:<\/p>\n\n\n\n<ul><li>Campanya general de conscienciaci\u00f3 ciutadana sobre la necessitat d&#8217;estalvi d&#8217;aigua en l&#8217;estat d&#8217;excepcionalitat per sequera mitjan\u00e7ant repartiment de <em>kits<\/em> d&#8217;estalvi i material divulgatiu.<\/li><li>Campanya d&#8217;informaci\u00f3 i formaci\u00f3 sobre la gesti\u00f3 eficient de piscines. A la Bisbal hi ha 1.044 piscines (1 cada 3 habitatges).<\/li><li>Campanya de promoci\u00f3 de l&#8217;\u00fas de l&#8217;aigua pluvial per al reg d&#8217;horts i jardins.<\/li><li>Accions per a la millora de l&#8217;efici\u00e8ncia i exemplaritat en l&#8217;\u00fas de l&#8217;aigua en les instal\u00b7lacions municipals (piscina, escola, poliesportiu, etc.).<\/li><\/ul>\n\n\n\n<p><strong>TERCER.<\/strong> Realitzar una Ordenan\u00e7a d&#8217;estalvi d&#8217;aigua per a la instal\u00b7laci\u00f3 d&#8217;equips d&#8217;estalvi d&#8217;aigua en les noves construccions com a aposta a llarg termini.<\/p>\n\n\n\n<p><strong>QUART.<\/strong> Realitzar una Ordenan\u00e7a de construcci\u00f3 de noves piscines amb l&#8217;objectiu de limitar-ne els volums i l&#8217;obligatorietat d&#8217;instal\u00b7laci\u00f3 de sistemes de recirculaci\u00f3, reaprofitament i hibernaci\u00f3.<\/p>\n\n\n\n<p><strong>10.-Proposta d\u2019acord presentada per un regidor del grup municipal La Bisbal Decideix i els regidors del grup municipal Tots som la Bisbal\u2013 Urbanizaciones unidas: gratu\u00eftat del bus urb\u00e0 pels alumnes de l\u2019IES Coster la Torre<\/strong><\/p>\n\n\n\n<p>No es va aprovar amb els vots en contra de Comprom\u00eds amb la Bisbal (5), PSC (1) i ERC-AM(1); els vots a favor de Tots som la Bisbal-Urbanizaciones Unidas (2); i l&#8217;abstenci\u00f3 de La Bisbal Decideix (2).<\/p>\n\n\n\n<p>Es proposava la modificaci\u00f3 de l&#8217;Ordenan\u00e7a Fiscal reguladora de la taxa per a la prestaci\u00f3 del servei de transport col\u00b7lectiu de viatgers, afegint la gratu\u00eftat del transport urb\u00e0 per als estudiants de l&#8217;IES Coster de la Torre, residents empadronats a la Bisbal del Pened\u00e8s. La proposta plantejava els seg\u00fcents <strong>ACORDS:<\/strong><\/p>\n\n\n\n<p><strong>PRIMER.-<\/strong>Aprovaci\u00f3 de la gratu\u00eftat del bus urb\u00e0 per als estudiants bisbalencs matriculats a l&#8217;IES Coster de la Torre i empadronats a la Bisbal del Pened\u00e8s.<\/p>\n\n\n\n<p><strong>SEGON.-<\/strong>Modificaci\u00f3 de l&#8217;ordenan\u00e7a fiscal corresponent a la tarifa del bus urb\u00e0.<\/p>\n\n\n\n<p><strong>TERCER.-<\/strong>Informar els estudiants de la Bisbal de l&#8217;IES Coster de la Torre de la futura aplicaci\u00f3 de la gratu\u00eftat del transport urb\u00e0 per acudir al centre escolar.<\/p>\n\n\n\n<p><strong>QUART.-<\/strong>Procedir a la publicaci\u00f3 corresponent als mitjans habituals.<\/p>\n\n\n\n<p><strong>PART DE CONTROL<\/strong><\/p>\n\n\n\n<p><strong>11.-Donar compte dels Decrets d\u2019Alcaldia<\/strong><\/p>\n\n\n\n<p>L&#8217;alcaldessa dona compte al Ple dels Decrets d&#8217;alcaldia signats des del darrer Ple ordinari, que es va celebrar en l&#8217;anterior legislatura, fins a la convocat\u00f2ria d&#8217;aquest Ple.<\/p>\n\n\n\n<p><strong>12.-Donar compte dels acords de la Junta de Govern Local<\/strong><\/p>\n\n\n\n<p>Es dona compte al Ple dels acords de la Junta de govern local des de l&#8217;\u00faltim Ple ordinari.<\/p>\n\n\n\n<p><strong>13.-Donar compte de l\u2019informe d\u2019Intervenci\u00f3 relatiu al control financer de les subvencions nominatives de l\u2019exercici 2020<\/strong><\/p>\n\n\n\n<p>Es dona compte que s&#8217;ha dut a terme el pla anual de control financer de les subvencions atorgades durant l&#8217;exercici 2020, tal com estableix la llei.<\/p>\n\n\n\n<p><strong>14.-Donar compte de l\u2019informe d\u2019Intervenci\u00f3 relatiu a l\u2019execuci\u00f3 del pressupost, corresponent al 1r trimestre de l\u2019exercici 2023<\/strong><\/p>\n\n\n\n<p>Es dona compte del fet que l&#8217;informe d&#8217;Intervenci\u00f3 relatiu a l&#8217;execuci\u00f3 del pressupost corresponent al 1r trimestre de l&#8217;exercici 2023 es va enviar al Ministeri d&#8217;Hisenda i Administracions P\u00fabliques el 28 d&#8217;abril, dins del termini establert.<\/p>\n\n\n\n<p><strong>15.-Donar compte de l\u2019informe d\u2019Intervenci\u00f3 relatiu a l\u2019execuci\u00f3 del pressupost corresponent al 2n trimestre de 2023<\/strong><\/p>\n\n\n\n<p>Es dona compte del fet que l&#8217;informe d&#8217;Intervenci\u00f3 relatiu a l&#8217;execuci\u00f3 del pressupost corresponent al 2n trimestre de l&#8217;exercici 2023 es va enviar al Ministeri d&#8217;Hisenda i Administracions P\u00fabliques el 28 de juliol, dins del termini establert.<\/p>\n\n\n\n<p><strong>16.-Donar compte de l\u2019informe d\u2019Intervenci\u00f3 relatiu al per\u00edode mitj\u00e0 de pagament corresponent al 1r trimestre de 2023<\/strong><\/p>\n\n\n\n<p>Es dona compte al Ple del per\u00edode mitj\u00e0 de pagament del 1r trimestre de 2023, que \u00e9s de 13,76 dies. L&#8217;Ajuntament compleix amb el termini legalment previst.<\/p>\n\n\n\n<p><strong>17.-Donar compte de l\u2019informe d\u2019Intervenci\u00f3 relatiu al per\u00edode mitj\u00e0 de pagament corresponent al 2n trimestre de 2023<\/strong><\/p>\n\n\n\n<p>Es dona compte al Ple del per\u00edode mitj\u00e0 de pagament del 2n trimestre de 2023, que \u00e9s de 14,25 dies. L&#8217;Ajuntament compleix amb el termini legalment previst.<\/p>\n\n\n\n<p><strong>18.-Donar compte de l\u2019informe d\u2019intervenci\u00f3 relatiu a la presa de ra\u00f3 dels drets i ingressos corresponents al 1r trimestre de 2023<\/strong><\/p>\n\n\n\n<p>Es dona compte al Ple del compliment de l&#8217;article 9 del Reial Decret 424\/2017, de 28 d&#8217;abril, pel qual es regula el r\u00e8gim jur\u00eddic del control intern de les entitats del sector p\u00fablic local, amb l&#8217;informe de tresoreria dels resultats del per\u00edode de l&#8217;1 de gener al 31 de mar\u00e7 de 2023.<\/p>\n\n\n\n<p><strong>19.-Donar compte de l\u2019informe d\u2019Intervenci\u00f3 de la modificaci\u00f3 de cr\u00e8dit n\u00fam. 5ALC\/2023 en la modalitat de generaci\u00f3 de cr\u00e8dit<\/strong><\/p>\n\n\n\n<p>Es dona compte al Ple de l&#8217;informe d&#8217;Intervenci\u00f3 de l&#8217;esmentada modificaci\u00f3 de cr\u00e8dit, a disposici\u00f3 dels regidors del Consistori des del 8 de setembre.<\/p>\n\n\n\n<p><strong>20.-Donar compte de l\u2019informe d\u2019Intervenci\u00f3 relatiu a l\u2019aprovaci\u00f3 de les l\u00ednies fonamentals del pressupost per a l\u2019exercici 2024<\/strong><\/p>\n\n\n\n<p>Es dona compte al Ple de l&#8217;informe d&#8217;Intervenci\u00f3 de l&#8217;esmentada aprovaci\u00f3 de les l\u00ednies fonamentals del pressupost per a l&#8217;exercici 2024, a disposici\u00f3 dels regidors del Consistori des del 6 de setembre.<\/p>\n\n\n\n<p><strong>21.-Donar compte del Pla d\u2019acci\u00f3 pel 2023<\/strong><\/p>\n\n\n\n<p>Es dona compte al Ple del Pla d\u2019acci\u00f3 basat en l\u2019informe resum de control intern, em\u00e8s per la intervenci\u00f3 de l\u2019exercici 2022.<\/p>\n\n\n\n<p><strong>22.-Precs i preguntes<\/strong><\/p>\n\n\n\n<hr class=\"wp-block-separator has-alpha-channel-opacity\"\/>\n\n\n\n<p><strong>CASTELLANO |<\/strong> El lunes 18 de septiembre se celebr\u00f3 el primer Pleno ordinario del mandato. El Pleno cont\u00f3 con la asistencia de todos los miembros del Consistorio.<\/p>\n\n\n\n<p>El video \u00edntegro -y certificado- del Pleno est\u00e1 disponible al portal de v\u00eddeoactas. All\u00ed pod\u00e9is consultar todos los puntos del orden del d\u00eda y escuchar las propuestas, los parlamentos, argumentos y votaciones de cada grupo pol\u00edtico o concejal de forma \u00edntegra: <a href=\"https:\/\/actes.bisbalpenedes.com\/session\/sessiondetail\/8a80808489d4f155018aacbf082600d9\">https:\/\/actes.bisbalpenedes.com\/session\/sessiondetail\/8a80808489d4f155018aacbf082600d9<\/a><\/p>\n\n\n\n<p>En la sesi\u00f3n, se trataron los puntos siguientes:<\/p>\n\n\n\n<p><strong>Punto 1.-Aprobaci\u00f3n del acta del Pleno extraordinario del 17 de junio.<\/strong><\/p>\n\n\n\n<p>Se aprob\u00f3 por unanimidad.<\/p>\n\n\n\n<p><strong>Punto 2.-Aprobaci\u00f3n del acta del Pleno extraordinario del 28 de junio.<\/strong><\/p>\n\n\n\n<p>Se aprob\u00f3 por mayor\u00eda con los votos a favor de Comprom\u00eds amb la Bisbal (5), La Bisbal Decideix (2), un concejal de Tots som la Bisbal &#8211; Urbanizaciones Unidas (1), el PSC (1) y ERC-AM (1) y la abstenci\u00f3n de una concejala de Tots som la Bisbal -Urbanizaciones Unidas (1).<\/p>\n\n\n\n<p><strong>Punto 3.-Aprobaci\u00f3n del acta del Pleno extraordinario del 6 de julio.<\/strong><\/p>\n\n\n\n<p>Se aprob\u00f3 por unanimidad.<\/p>\n\n\n\n<p><strong>Punto 4.-Expediente 1482\/2021 Ratificaci\u00f3n del recurso de alzada presentado contra la autorizaci\u00f3n administrativa previa de la &#8220;MAT&#8221;.<\/strong><\/p>\n\n\n\n<p>Se aprob\u00f3 por unanimidad.<\/p>\n\n\n\n<p>El 31 de agosto la alcaldesa de la Bisbal del Pened\u00e8s, Agn\u00e8s Ferr\u00e9, firm\u00f3 un Decreto de alcald\u00eda para presentar recurso de alzada contra la autorizaci\u00f3n administrativa previa de la Resoluci\u00f3n de julio, de la Direcci\u00f3n General de Pol\u00edtica Energ\u00e9tica y Minas, por la que &#8220;<em>se otorga a la mercantil Energ\u00edas Renovables de Oromonde 36, S.L., autorizaci\u00f3n administrativa previa para la instalaci\u00f3n fotovoltaica Jaime I, de 40 MW de potencia pico y 38,2 MW de potencia instalada y sus infraestructuras de evacuaci\u00f3n, en t\u00e9rminos municipales de Zaragoza, Teruel, Tarragona y Barcelona&#8221;,<\/em> es decir, la MATE.<\/p>\n\n\n\n<p>Este recurso de alzada se present\u00f3 ante la Secretar\u00eda de Estado de Energ\u00eda del Ministerio para la Transici\u00f3n Ecol\u00f3gica y el Reto Demogr\u00e1fico.<\/p>\n\n\n\n<p>La alcaldesa de la Bisbal del Pened\u00e8s, Agn\u00e8s Ferr\u00e9, ha explicado que <em>&#8220;esta resoluci\u00f3n se public\u00f3 al BOE el 2 de agosto. A partir de este momento se volvieron a poner en contacto los Consells Comarcals y los Ayuntamientos de los territorios afectados por el proyecto. El \u00faltimo d\u00eda para presentar el recurso de alzada era el lunes 4 de septiembre y nos recomendaron hacerlo antes. Como en el 2021, entre todos los ayuntamientos y Consells Comarcals afectados, contratamos la misma empresa de ingenier\u00eda para que nos preparase el recurso de alzada, para que todos los municipios lo pudi\u00e9semos aprobar antes del 4 de septiembre por Decreto de alcald\u00eda, y despu\u00e9s ratificarlo por Pleno&#8221;.<\/em><\/p>\n\n\n\n<p>El proyecto de la MAT pretende llevar energ\u00eda solar de Arag\u00f3n hasta el \u00e1rea metropolitana de Barcelona, sin tener en cuenta ni consultar el territorio y sin buscar alternativas de energ\u00eda verde sostenible y de proximidad. El proyecto prev\u00e9 el tendido de 9.833,39 metros de l\u00ednea corriente trif\u00e1sica a\u00e9rea a trav\u00e9s de 27 torres (de hasta 70 metros de altura) en la Bisbal del Pened\u00e8s.<\/p>\n\n\n\n<p><strong>Punto 5.-Expediente 1558\/2023 Aprobaci\u00f3n de la Cuenta general del ejercicio 2022.<\/strong><\/p>\n\n\n\n<p>Se aprob\u00f3 por mayor\u00eda &nbsp;con los votos a favor de Comprom\u00eds amb la Bisbal (5), PSC (1) y ERC (1); el voto en contra de Tots som la Bisbal-Urbanizaciones Unidas (2); y la abstenci\u00f3n de La Bisbal Decideix (2).<\/p>\n\n\n\n<p>La Cuenta General de 2022 se ha elevado al Pleno despu\u00e9s de que haya estado en exposici\u00f3n p\u00fablica sin que se hayan presentado alegaciones.<\/p>\n\n\n\n<p>La comisi\u00f3n de Cuentas del 10 de agosto emiti\u00f3 informe favorable con los 7 votos ponderados a favor de Comprom\u00eds con la Bisbal, el PSC y ERC, 2 votos ponderados de abstenci\u00f3n de la Bisbal Decideix y 2 votos ponderados en contra de Tots som la Bisbal-Urbanizaciones Unidas.<\/p>\n\n\n\n<p><strong><u>Resumen de la liquidaci\u00f3n del presupuesto 2022<\/u><\/strong><\/p>\n\n\n\n<p>-Presupuesto aprobado inicial de 4.802.354,40\u20ac<\/p>\n\n\n\n<p>-Se liquida el presupuesto con 7.474.204,00\u20ac, por lo tanto con 2.671.849,60\u20ac m\u00e1s de ingresos de los presupuestados.<\/p>\n\n\n\n<p>-Estos ingresos de 2.671.849,60\u20ac son procedentes del super\u00e1vit de a\u00f1os anteriores.<\/p>\n\n\n\n<p>-Super\u00e1vit presupuestario de 881.906,18\u20ac<\/p>\n\n\n\n<p>-Se cumple el objetivo de estabilidad presupuestaria y el Ayuntamiento tiene una capacidad de financiaci\u00f3n de 962.960,75\u20ac.<\/p>\n\n\n\n<p>-Se cumple el objetivo de la regla del gasto<\/p>\n\n\n\n<p>-Se cumple el objetivo del l\u00edmite de deuda p\u00fablica, establecido en el 110% como m\u00e1ximo (la deuda viva total en 31 de diciembre de 2022 era de 0\u20ac).<\/p>\n\n\n\n<p><strong>Punto 6.-Aprobaci\u00f3n inicial de la Ordenanza municipal reguladora de la conservaci\u00f3n y limpieza de parcelas<\/strong><\/p>\n\n\n\n<p>Se aprob\u00f3 inicialmente por unanimidad.<\/p>\n\n\n\n<p>La ordenanza tiene como objetivo mantener la conservaci\u00f3n y salubridad de las parcelas e incrementar la seguridad de las personas, de los bienes personales y materiales del \u00e1rea urbana del municipio. Pod\u00e9is consultar el texto de la ordenanza aprobada inicialmente, <a href=\"https:\/\/bisbalpenedes.com\/web\/wp-content\/uploads\/2023\/09\/Proposta-ordenan\u00e7a.pdf\">aqu\u00ed.<\/a><\/p>\n\n\n\n<p>El Pleno del 19 de septiembre de 2022 aprob\u00f3, por unanimidad, la moci\u00f3n presentada por el grupo municipal &#8216;Ara la Bisbal&#8217; <em>&#8220;para hacer una consulta p\u00fablica para la redacci\u00f3n de una ordenanza por la obligaci\u00f3n de limpieza y conservaci\u00f3n de los solares urbanos&#8221;.<\/em><\/p>\n\n\n\n<p>A principios de enero se aprob\u00f3 un gasto menor para el servicio de elaboraci\u00f3n de un inventario de parcelas sin edificar en el municipio y de redacci\u00f3n de una ordenanza para la limpieza y el mantenimiento de estas. El inventario de parcelas detalla cu\u00e1ntas parcelas vac\u00edas hay, la localizaci\u00f3n, el estado de la vegetaci\u00f3n y arbolado y la dimensi\u00f3n. Actualmente, en el municipio hay un total de 1.044 parcelas vac\u00edas: 1 en l&#8217;Ortig\u00f3s, 29 en el n\u00facleo, 29 al Papagai, 132 en el Priorat, 179 en La Miralba, 204 en l&#8217;Esplai y la Masieta, 204 en La Pineda de Santa Cristina y 266 en Can Gordei.<\/p>\n\n\n\n<p>En marzo, se inici\u00f3 una consulta p\u00fablica de un mes en la que participaron nueve personas y, posteriormente, tuvo lugar la comisi\u00f3n de trabajo para preparar la ordenanza, que se centr\u00f3 en el inventario de parcelas sin edificar en el municipio, la propuesta de ordenanza reguladora de la limpieza y conservaci\u00f3n de estas y las opiniones y propuestas de las nueve personas participantes en la consulta. Como resultado de este trabajo, se ha elaborado el texto de la ordenanza aprobada inicialmente en este Pleno.<\/p>\n\n\n\n<p>Ahora, la ordenanza se publicar\u00e1 al BOP de Tarragona y estar\u00e1 en exposici\u00f3n p\u00fablica durante un mes. Si no hay alegaciones, esta quedar\u00e1 aprobada definitivamente. En caso de que haya alegaciones, estas se tendr\u00e1n que resolver antes de la aprobaci\u00f3n definitiva de la ordenanza.<\/p>\n\n\n\n<p><strong>7.-Modificaci\u00f3n de cr\u00e9dito 2PLE\/2023, con la modalidad de incorporaci\u00f3n de remanentes de cr\u00e9dito<\/strong><\/p>\n\n\n\n<p>Se aprob\u00f3 por mayor\u00eda con los votos a favor de Comprom\u00eds amb la Bisbal (5), La Bisbal Decideix (2), el PSC (1) y ERC-AM (1) y la abstenci\u00f3n de Tots Som la Bisbal-Urbanizaciones Unidas (2).<\/p>\n\n\n\n<p>Se ha aprobado inicialmente una modificaci\u00f3n de cr\u00e9dito de 31.914,50\u20ac para incrementar las partidas del presupuesto del personal laboral fijo y el personal laboral temporal. Seg\u00fan ha explicado la alcaldesa de la Bisbal del Pened\u00e8s, Agn\u00e8s Ferr\u00e9, <em>&#8220;para el personal fijo hace falta este importe para las indemnizaciones del personal que no ha ganado la plaza que ocupaba&#8221;. <\/em>En cuanto al personal laboral temporal, Ferr\u00e9 ha explicado que <em>&#8220;ser\u00e1 necesaria la contrataci\u00f3n de personal, a trav\u00e9s de un programa espec\u00edfico, para poder realizar el inventario de patrimonio, con las tareas de recogida de informaci\u00f3n y documentaci\u00f3n, valoraci\u00f3n de las fincas, elaboraci\u00f3n de las fichas y la introducci\u00f3n de datos al m\u00f3dulo de patrimonio del programa de contabilidad. Al tratarse de un trabajo obligatorio y concreto que se hace una vez, se permite una contrataci\u00f3n temporal limitada&#8221;.<\/em><\/p>\n\n\n\n<p>Para poder incrementar las partidas de personal, se sacan 17.201,65\u20ac de la partida del fondo de contingencia y 14.712,85\u20ac del camino del Priorat (esta inversi\u00f3n se har\u00e1 el pr\u00f3ximo a\u00f1o).<\/p>\n\n\n\n<p><strong>8.-Propuesta de acuerdo presentada por los regidores de los grupos municipales La Bisbal Decide y Todos somos la Bisbal\u2013Urbanizaciones unidas: proclamaci\u00f3n de municipio cardioprotegido.<\/strong><\/p>\n\n\n\n<p>Se aprob\u00f3 por unanimidad.<\/p>\n\n\n\n<p>Se ha aprobado la propuesta para proclamar la Bisbal municipio cardioprotegido y, para lograr este hito, se ha llegado a los siguientes <strong>ACUERDOS:<\/strong><\/p>\n\n\n\n<p>-Realizar la proclamaci\u00f3n p\u00fablica de la voluntad del Pleno de devenir un municipio cardioprotegido en su totalidad: tanto en el n\u00facleo, como l&#8217;Ortig\u00f3s, como todas las urbanizaciones.<\/p>\n\n\n\n<p>-Revisar conjuntamente con la escuela Ull de Vent el estado de la implementaci\u00f3n dentro del curr\u00edculum escolar del programa de formaci\u00f3n en Apoyo Vital del acuerdo del 2015 del Departamento de Educaci\u00f3n.<\/p>\n\n\n\n<p>-Apoyar y facilitar el despliegue del programa de formaci\u00f3n en Apoyo Vital en la escuela Ull de Vent.<\/p>\n\n\n\n<p>-Realizar la elaboraci\u00f3n de un plan de cardioprotecci\u00f3n municipal que especifique:<\/p>\n\n\n\n<p>\u2022Habitantes totales y su porcentaje de distribuci\u00f3n en n\u00facleos de densidad poblacional dentro del t\u00e9rmino municipal.<\/p>\n\n\n\n<p>\u2022Listado de la dotaci\u00f3n y distribuci\u00f3n de equipos DIOSA del municipio, haciendo constar los disponibles en centros y espacios p\u00fablicos y privados, los m\u00f3viles, y en la v\u00eda p\u00fablica. Especificar los geolocalizados.<\/p>\n\n\n\n<p>\u2022Si se dispone o no de mapa de localizaci\u00f3n.<\/p>\n\n\n\n<p>\u2022Programas de formaci\u00f3n en SVB + DIOSA. Descripci\u00f3n de la formaci\u00f3n a ciudadanos; primeros interventores y acciones de informaci\u00f3n y de sensibilizaci\u00f3n sobre la muerte repentina y las actuaciones integradas en la cadena de supervivencia.<\/p>\n\n\n\n<p>-Una vez realizado el plan de Cardioprotecci\u00f3n Municipal, presentarlo al CCR para obtener la aprobaci\u00f3n y convertirnos en un municipio cardioprotegido certificado.<\/p>\n\n\n\n<p><strong>9.-Propuesta de acuerdo presentada por los regidores de los grupos municipales La Bisbal Decideix y Tots som la Bisbal\u2013 Urbanizaciones unidas: impulso de medidas de moderaci\u00f3n de los consumos de agua entre la ciudadan\u00eda a ra\u00edz del estado de excepcionalidad por sequ\u00eda<\/strong><\/p>\n\n\n\n<p>No se aprob\u00f3 con los votos en contra de Comprom\u00eds amb la Bisbal (5), PSC (1) y ERC-AM (1) y los votos a favor de La Bisbal Decideix (2) y Tots som la Bisbal-Urbanizaciones Unidas (2).<\/p>\n\n\n\n<p>La propuesta presentada ten\u00eda por objetivo llegar a los siguientes <strong>ACUERDOS:<\/strong><\/p>\n\n\n\n<p><strong>PRIMERO.<\/strong> Respecto a las p\u00e9rdidas de agua, m\u00e1s all\u00e1 de las pr\u00f3ximas inversiones en la renovaci\u00f3n de la red en el Priorat, Can Gordei y la Riba, realizar informes peri\u00f3dicos sobre la eficiencia y las actuaciones m\u00e1s prioritarias y aprovechar la l\u00ednea de subvenciones de la ACA espec\u00edfica para la mejora de la red de distribuci\u00f3n en baja (<a href=\"https:\/\/aca.gencat.cat\/ca\/laca\/subvencions\/convocatoria-oberta\/\">https:\/\/aca.gencat.cat\/ca\/laca\/subvencions\/convocatoria-oberta\/<\/a>) para aplicar medidas de choque para reducir las p\u00e9rdidas de agua en la red.<\/p>\n\n\n\n<p><strong>SEGUNDO.<\/strong> Realizar las siguientes acciones para impulsar y fomentar la moderaci\u00f3n de los consumos en el corto plazo, especialmente en las zonas con mayor consumo per c\u00e1pita:<\/p>\n\n\n\n<p>\u2022Campa\u00f1a general de concienciaci\u00f3n ciudadana sobre la necesidad de ahorro de agua en el estado de excepcionalidad por sequ\u00eda mediante reparto de kits de ahorro y material divulgativo.<\/p>\n\n\n\n<p>\u2022Campa\u00f1a de informaci\u00f3n y formaci\u00f3n sobre la gesti\u00f3n eficiente de piscinas. En la Bisbal hay 1.044 piscinas (1 cada 3 viviendas).<\/p>\n\n\n\n<p>\u2022Campa\u00f1a de promoci\u00f3n del uso del agua pluvial para el riego de huertos y jardines.<\/p>\n\n\n\n<p>\u2022Acciones para la mejora de la eficiencia y ejemplaridad en el uso del agua en las instalaciones municipales (piscina, escuela, polideportivo, etc.).<\/p>\n\n\n\n<p><strong>TERCERO.<\/strong> Realizar una Ordenanza de ahorro de agua para la instalaci\u00f3n de equipos de ahorro de agua en las nuevas construcciones como apuesta a largo plazo.<\/p>\n\n\n\n<p><strong>QUART<\/strong>. Realizar una Ordenanza de construcci\u00f3n de nuevas piscinas con el objetivo de limitar los vol\u00famenes y la obligatoriedad de instalaci\u00f3n de sistemas de recirculaci\u00f3n, aprovechamiento e hibernaci\u00f3n.<\/p>\n\n\n\n<p><strong>10.-Propuesta de acuerdo presentada por un concejal del grupo municipal La Bisbal Decideix y los concejales del grupo municipal Tots som la Bisbal\u2013 Urbanizaciones unidas: gratuidad del bus urbano para los alumnos del IES Coster la Torre<\/strong><\/p>\n\n\n\n<p>No se aprob\u00f3 con los votos en contra de Comprom\u00eds amb la Bisbal (5), PSC (1) y ERC-AM(1); los votos a favor de Tots som la Bisbal-Urbanizaciones Unidas (2); y la abstenci\u00f3n de La Bisbal Decideix (2).<\/p>\n\n\n\n<p>Se propon\u00eda la modificaci\u00f3n de la Ordenanza Fiscal reguladora de la tasa para la prestaci\u00f3n del servicio de transporte colectivo de viajeros, a\u00f1adiendo la gratuidad del transporte urbano para los estudiantes del IES Coster de la Torre, residentes empadronados en la Bisbal del Pened\u00e8s. La propuesta planteaba los siguientes <strong>ACUERDOS:<\/strong><\/p>\n\n\n\n<p><strong>PRIMERO.-<\/strong>Aprobaci\u00f3n de la gratuidad del bus urbano para los estudiantes bisbalencs matriculados en el IES Coster de la Torre y empadronados en la Bisbal del Pened\u00e8s.<\/p>\n\n\n\n<p><strong>SEGUNDO.-<\/strong>Modificaci\u00f3n de la ordenanza fiscal correspondiente a la tarifa del bus urbano.<\/p>\n\n\n\n<p><strong>TERCERO.-<\/strong>Informar los estudiantes de la Bisbal de la IES Coster de la Torre de la futura aplicaci\u00f3n de la gratuidad del transporte urbano para acudir en el centro escolar.<\/p>\n\n\n\n<p><strong>QUART.-<\/strong>Proceder a la publicaci\u00f3n correspondiente a los medios habituales.<\/p>\n\n\n\n<p><strong>PARTE DE CONTROL<\/strong><\/p>\n\n\n\n<p><strong>11.-Dar cuenta de los Decretos de Alcald\u00eda<\/strong><\/p>\n\n\n\n<p>La alcaldesa da cuenta al Pleno de los Decretos de alcald\u00eda firmados desde el \u00faltimo Pleno ordinario, que se celebr\u00f3 en la anterior legislatura, hasta la convocatoria de este Pleno.<\/p>\n\n\n\n<p><strong>12.-Dar cuenta de los acuerdos de la Junta de Gobierno Local<\/strong><\/p>\n\n\n\n<p>Se da cuenta al Pleno de los acuerdos de la Junta de gobierno local desde el \u00faltimo Pleno ordinario.<\/p>\n\n\n\n<p><strong>13.-Dar cuenta del informe de Intervenci\u00f3n relativo al control financiero de las subvenciones nominativas del ejercicio 2020<\/strong><\/p>\n\n\n\n<p>Se da cuenta de que se ha llevado a cabo el plan anual de control financiero de las subvenciones otorgadas durante el ejercicio 2020, tal como establece la ley.<\/p>\n\n\n\n<p><strong>14.-Dar cuenta del informe de Intervenci\u00f3n relativo a la ejecuci\u00f3n del presupuesto, correspondiendo al 1\u00ba trimestre del ejercicio 2023<\/strong><\/p>\n\n\n\n<p>Se da cuenta del hecho que el informe de Intervenci\u00f3n relativo a la ejecuci\u00f3n del presupuesto correspondiente al 1\u00ba trimestre del ejercicio 2023 se envi\u00f3 al Ministerio de Hacienda y Administraciones P\u00fablicas el 28 de abril, dentro del plazo establecido.<\/p>\n\n\n\n<p><strong>15.-Dar cuenta del informe de Intervenci\u00f3n relativo a la ejecuci\u00f3n del presupuesto correspondiente al 2\u00ba trimestre de 2023<\/strong><\/p>\n\n\n\n<p>Se da cuenta del hecho que el informe de Intervenci\u00f3n relativo a la ejecuci\u00f3n del presupuesto correspondiente al 2.\u00ba trimestre del ejercicio 2023 se envi\u00f3 al Ministerio de Hacienda y Administraciones P\u00fablicas el 28 de julio, dentro del plazo establecido.<\/p>\n\n\n\n<p><strong>16.-Dar cuenta del informe de Intervenci\u00f3n relativo al periodo medio de pago correspondiente al 1\u00ba trimestre de 2023<\/strong><\/p>\n\n\n\n<p>Se da cuenta al Pleno del periodo medio de pago del 1\u00ba trimestre de 2023, que es de 13,76 d\u00edas. El Ayuntamiento cumple con el plazo legalmente previsto.<\/p>\n\n\n\n<p><strong>17.-Dar cuenta del informe de Intervenci\u00f3n relativo al periodo medio de pago correspondiente al 2\u00ba trimestre de 2023<\/strong><\/p>\n\n\n\n<p>Se da cuenta al Pleno del periodo medio de pago del 2\u00ba trimestre de 2023, que es de 14,25 d\u00edas. El Ayuntamiento cumple con el plazo legalmente previsto.<\/p>\n\n\n\n<p><strong>18.-Dar cuenta del informe de intervenci\u00f3n relativo a la presa de raz\u00f3n de los derechos e ingresos correspondientes al 1.\u00ba trimestre de 2023<\/strong><\/p>\n\n\n\n<p>Se da cuenta al Pleno del cumplimiento del art\u00edculo 9 del Real Decreto 424\/2017, de 28 de abril, por el cual se regula el r\u00e9gimen jur\u00eddico del control interno de las entidades del sector p\u00fablico local, con el informe de tesorer\u00eda de los resultados del periodo del 1 de enero al 31 de marzo de 2023.<\/p>\n\n\n\n<p><strong>19.-Dar cuenta del informe de Intervenci\u00f3n de la modificaci\u00f3n de cr\u00e9dito n.\u00ba 5ALC\/2023 en la modalidad de generaci\u00f3n de cr\u00e9dito<\/strong><\/p>\n\n\n\n<p>Se da cuenta al Pleno del informe de Intervenci\u00f3n de la mencionada modificaci\u00f3n de cr\u00e9dito, a disposici\u00f3n de los concejales del Consistorio desde el 8 de septiembre.<\/p>\n\n\n\n<p><strong>20.-Dar cuenta del informe de Intervenci\u00f3n relativo a la aprobaci\u00f3n de las l\u00edneas fundamentales del presupuesto para el ejercicio 2024<\/strong><\/p>\n\n\n\n<p>Se da cuenta al Pleno del informe de Intervenci\u00f3n de la mencionada aprobaci\u00f3n de las l\u00edneas fundamentales del presupuesto para el ejercicio 2024, a disposici\u00f3n de los concejales del Consistorio desde el 6 de septiembre.<\/p>\n\n\n\n<p><strong>21.-Dar cuenta del Plan de acci\u00f3n por el 2023<\/strong><\/p>\n\n\n\n<p>Se da cuenta al Pleno del Plan de acci\u00f3n basado en el informe resumen de control interno, emitido por la intervenci\u00f3n del ejercicio 2022.<\/p>\n\n\n\n<p><strong>22.-Ruegos y preguntas<\/strong><\/p>\n","protected":false},"excerpt":{"rendered":"<p>El dilluns 18 de setembre es va celebrar el primer Ple ordinari del mandat. El Ple va comptar amb l\u2019assist\u00e8ncia de tots els membres del Consistori. El v\u00eddeo \u00edntegre -i &hellip; <a href=\"https:\/\/bisbalpenedes.com\/web\/2023\/09\/20\/aquest-dilluns-18-de-setembre-sha-celebrat-el-primer-ple-ordinari-del-mandat-a-lajuntament-de-la-bisbal-del-penedes\/\" class=\"more-link\">Read More<\/a><\/p>\n","protected":false},"author":4,"featured_media":27621,"comment_status":"closed","ping_status":"closed","sticky":false,"template":"","format":"standard","meta":[],"categories":[8,2251,2250],"tags":[459,393,6244,6242,6243,4761,6241,1374,249,6240,6239],"_links":{"self":[{"href":"https:\/\/bisbalpenedes.com\/web\/wp-json\/wp\/v2\/posts\/27620"}],"collection":[{"href":"https:\/\/bisbalpenedes.com\/web\/wp-json\/wp\/v2\/posts"}],"about":[{"href":"https:\/\/bisbalpenedes.com\/web\/wp-json\/wp\/v2\/types\/post"}],"author":[{"embeddable":true,"href":"https:\/\/bisbalpenedes.com\/web\/wp-json\/wp\/v2\/users\/4"}],"replies":[{"embeddable":true,"href":"https:\/\/bisbalpenedes.com\/web\/wp-json\/wp\/v2\/comments?post=27620"}],"version-history":[{"count":4,"href":"https:\/\/bisbalpenedes.com\/web\/wp-json\/wp\/v2\/posts\/27620\/revisions"}],"predecessor-version":[{"id":27632,"href":"https:\/\/bisbalpenedes.com\/web\/wp-json\/wp\/v2\/posts\/27620\/revisions\/27632"}],"wp:featuredmedia":[{"embeddable":true,"href":"https:\/\/bisbalpenedes.com\/web\/wp-json\/wp\/v2\/media\/27621"}],"wp:attachment":[{"href":"https:\/\/bisbalpenedes.com\/web\/wp-json\/wp\/v2\/media?parent=27620"}],"wp:term":[{"taxonomy":"category","embeddable":true,"href":"https:\/\/bisbalpenedes.com\/web\/wp-json\/wp\/v2\/categories?post=27620"},{"taxonomy":"post_tag","embeddable":true,"href":"https:\/\/bisbalpenedes.com\/web\/wp-json\/wp\/v2\/tags?post=27620"}],"curies":[{"name":"wp","href":"https:\/\/api.w.org\/{rel}","templated":true}]}}