{"id":27598,"date":"2023-09-19T19:46:22","date_gmt":"2023-09-19T17:46:22","guid":{"rendered":"https:\/\/bisbalpenedes.com\/web\/?p=27598"},"modified":"2023-09-19T20:12:37","modified_gmt":"2023-09-19T18:12:37","slug":"el-passat-dissabte-16-de-setembre-es-van-votar-els-pressupostos-participatius-de-lesplai-i-la-masieta","status":"publish","type":"post","link":"https:\/\/bisbalpenedes.com\/web\/2023\/09\/19\/el-passat-dissabte-16-de-setembre-es-van-votar-els-pressupostos-participatius-de-lesplai-i-la-masieta\/","title":{"rendered":"<strong>El passat dissabte 16 de setembre es van votar els pressupostos participatius de l&#8217;Esplai i la Masieta<\/strong>"},"content":{"rendered":"\n<p>El passat dissabte 16 de setembre va tenir lloc la votaci\u00f3 dels pressupostos participatius de l&#8217;Esplai i la Masieta al local social de l&#8217;Esplai. Hi van votar un total de 18 ve\u00efns i ve\u00efnes de l&#8217;Esplai i 27 ve\u00efns i ve\u00efnes de La Masieta. El resultat provisional de les votacions \u00e9s el seg\u00fcent:<\/p>\n\n\n\n<p>Resultat&nbsp; de les votacions per l\u2019Esplai:<\/p>\n\n\n\n<ul><li>Aparells de cal\u00b7list\u00e8nia per joves a l\u2019exterior del local social de l\u2019Esplai: 4 vots<\/li><li>Desfibril\u00b7lador DEA i formaci\u00f3 per la seva utilitzaci\u00f3: 10 vots<\/li><li>Aparells de gimn\u00e0stica d\u2019exterior al local social de l\u2019Esplai: 3 vots<\/li><li>Nuls: 1 vot<\/li><\/ul>\n\n\n\n<p>Resultat de les votacions per la Masieta:<\/p>\n\n\n\n<ul><li>Formigonar part del carrer Avet: 0 vots<\/li><li>Formigonar part del carrer Palmera amb Figuera: 12 vots<\/li><li>Formigonar una part del carrer Eucaliptus fins el carrer Avet: 9 vots<\/li><li>Formigonar la part que falta del carrer Olivera: 6 vots<\/li><\/ul>\n\n\n\n<p>Ara, caldr\u00e0 esperar el resultat definitiu, tenint en compte que durant aquesta setmana els ve\u00efns de l&#8217;Esplai i La Masieta que no van poder anar al local social de l&#8217;Esplai el passat dissabte es poden adre\u00e7ar a les oficines municipals, per continuar votant les propostes, fins al 22 de setembre.<\/p>\n\n\n\n<p>Enlla\u00e7 al v\u00eddeo: <a href=\"https:\/\/www.facebook.com\/BisbalPenedes\/videos\/321583357053746\/\" target=\"_blank\" rel=\"noreferrer noopener\">https:\/\/www.facebook.com\/BisbalPenedes\/videos\/321583357053746\/<\/a><\/p>\n\n\n\n<hr class=\"wp-block-separator has-alpha-channel-opacity\"\/>\n\n\n\n<p><strong>CASTELLANO |<\/strong> El pasado s\u00e1bado 16 de septiembre tuvo lugar la votaci\u00f3n de los presupuestos participativos de l&#8217;Esplai y La Masieta en el local social de l&#8217;Esplai. Votaron un total de 18 vecinos y vecinas de l&#8217;Esplai y 27 vecinos y vecinas de La Masieta. El resultado provisional de las votaciones es el siguiente:<\/p>\n\n\n\n<p>Resultado de las votaciones para l&#8217;Esplai:<\/p>\n\n\n\n<ul><li>Aparatos de calistenia para j\u00f3venes en el exterior del local social de l&#8217;Esplai: 4 votos<\/li><li>Desfibrilador DEA y formaci\u00f3n para su utilizaci\u00f3n: 10 votos<\/li><li>Aparatos de gimnasia de exterior en el local social de l&#8217;Esplai: 3 votos<\/li><li>Nulos: 1 voto<\/li><\/ul>\n\n\n\n<p>Resultado de las votaciones para la Masieta:<\/p>\n\n\n\n<ul><li>Hormigonar parte de la calle Avet: 0 votos<\/li><li>Hormigonar parte de la calle Palmera con Figuera: 12 votos<\/li><li>Hormigonar una parte de la calle Eucaliptus hasta la calle Avet: 9 votos<\/li><li>Hormigonar la parte que falta de la calle Olivera: 6 votos<\/li><\/ul>\n\n\n\n<p>Ahora, habr\u00e1 que esperar el resultado definitivo, teniendo en cuenta que durante esta semana los vecinos de l&#8217;Esplai y la Masieta que no pudieron votar en el local social de l&#8217;Esplai el pasado s\u00e1bado se pueden dirigir a las oficinas municipales, para continuar votando las propuestas, hasta el 22 de septiembre.<\/p>\n\n\n\n<p>Enlace al v\u00eddeo: <a href=\"https:\/\/www.facebook.com\/BisbalPenedes\/videos\/321583357053746\/\">https:\/\/www.facebook.com\/BisbalPenedes\/videos\/321583357053746\/<\/a><\/p>\n","protected":false},"excerpt":{"rendered":"<p>El passat dissabte 16 de setembre va tenir lloc la votaci\u00f3 dels pressupostos participatius de l&#8217;Esplai i la Masieta al local social de l&#8217;Esplai. Hi van votar un total de &hellip; <a href=\"https:\/\/bisbalpenedes.com\/web\/2023\/09\/19\/el-passat-dissabte-16-de-setembre-es-van-votar-els-pressupostos-participatius-de-lesplai-i-la-masieta\/\" class=\"more-link\">Read More<\/a><\/p>\n","protected":false},"author":4,"featured_media":27599,"comment_status":"closed","ping_status":"closed","sticky":false,"template":"","format":"standard","meta":[],"categories":[8,6193],"tags":[393,796,1048],"_links":{"self":[{"href":"https:\/\/bisbalpenedes.com\/web\/wp-json\/wp\/v2\/posts\/27598"}],"collection":[{"href":"https:\/\/bisbalpenedes.com\/web\/wp-json\/wp\/v2\/posts"}],"about":[{"href":"https:\/\/bisbalpenedes.com\/web\/wp-json\/wp\/v2\/types\/post"}],"author":[{"embeddable":true,"href":"https:\/\/bisbalpenedes.com\/web\/wp-json\/wp\/v2\/users\/4"}],"replies":[{"embeddable":true,"href":"https:\/\/bisbalpenedes.com\/web\/wp-json\/wp\/v2\/comments?post=27598"}],"version-history":[{"count":4,"href":"https:\/\/bisbalpenedes.com\/web\/wp-json\/wp\/v2\/posts\/27598\/revisions"}],"predecessor-version":[{"id":27608,"href":"https:\/\/bisbalpenedes.com\/web\/wp-json\/wp\/v2\/posts\/27598\/revisions\/27608"}],"wp:featuredmedia":[{"embeddable":true,"href":"https:\/\/bisbalpenedes.com\/web\/wp-json\/wp\/v2\/media\/27599"}],"wp:attachment":[{"href":"https:\/\/bisbalpenedes.com\/web\/wp-json\/wp\/v2\/media?parent=27598"}],"wp:term":[{"taxonomy":"category","embeddable":true,"href":"https:\/\/bisbalpenedes.com\/web\/wp-json\/wp\/v2\/categories?post=27598"},{"taxonomy":"post_tag","embeddable":true,"href":"https:\/\/bisbalpenedes.com\/web\/wp-json\/wp\/v2\/tags?post=27598"}],"curies":[{"name":"wp","href":"https:\/\/api.w.org\/{rel}","templated":true}]}}