{"id":27590,"date":"2023-09-19T18:59:20","date_gmt":"2023-09-19T16:59:20","guid":{"rendered":"https:\/\/bisbalpenedes.com\/web\/?p=27590"},"modified":"2023-09-19T19:06:51","modified_gmt":"2023-09-19T17:06:51","slug":"el-passat-dissabte-16-de-setembre-es-van-votar-els-pressupostos-participatius-a-can-gordei","status":"publish","type":"post","link":"https:\/\/bisbalpenedes.com\/web\/2023\/09\/19\/el-passat-dissabte-16-de-setembre-es-van-votar-els-pressupostos-participatius-a-can-gordei\/","title":{"rendered":"<strong>El passat dissabte 16 de setembre es van votar els pressupostos participatius a Can Gordei<\/strong>"},"content":{"rendered":"\n<p>El passat dissabte 16 de setembre va tenir lloc la votaci\u00f3 dels pressupostos participatius de Can Gordei al local social. Hi van votar un total de 50 ve\u00efns i ve\u00efnes. El resultat provisional de les votacions \u00e9s el seg\u00fcent:<\/p>\n\n\n\n<ul><li>Desfibril\u00b7lador DEA i formaci\u00f3 per la seva utilitzaci\u00f3: 21 vots<\/li><li>Punt de rec\u00e0rrega per cotxes el\u00e8ctrics i h\u00edbrids endollables: 2 vots<\/li><li>Aparells de cal\u00b7list\u00e8nia per joves al parc del carrer Cardener: 6 vots<\/li><li>Parc infantil al parc del carrer Cardener: 7 vots<\/li><li>Barbacoes i taules de p\u00edcnic a l\u2019exterior del local social: 12 vots<\/li><li>En blanc: 2 vots<\/li><\/ul>\n\n\n\n<p>Ara, caldr\u00e0 esperar el resultat definitiu, tenint en compte que durant aquesta setmana els ve\u00efns del barri que no van poder votar al local social el passat dissabte es poden adre\u00e7ar a les oficines municipals per continuar votant les propostes fins al 22 de setembre.<\/p>\n\n\n\n<p>V\u00eddeo: <a href=\"https:\/\/www.facebook.com\/BisbalPenedes\/videos\/990340818837414\/\">https:\/\/www.facebook.com\/BisbalPenedes\/videos\/990340818837414\/<\/a><\/p>\n\n\n\n<hr class=\"wp-block-separator has-alpha-channel-opacity\"\/>\n\n\n\n<p><strong>CASTELLANO |<\/strong> El pasado s\u00e1bado 16 de septiembre tuvo lugar la votaci\u00f3n de los presupuestos participativos de Can Gordei en el local social. Votaron un total de 50 vecinos y vecinas en el local social. El resultado provisional de las votaciones es el siguiente:<\/p>\n\n\n\n<ul><li>Desfibrilador DEA y formaci\u00f3n para su utilizaci\u00f3n: 21 votos<\/li><li>Punto de recarga para coches el\u00e9ctricos e h\u00edbridos enchufables: 2 votos<\/li><li>Aparatos de calistenia para j\u00f3venes en el parque de la calle Cardener: 6 votos<\/li><li>Parque infantil en el parque de la calle Cardener: 7 votos<\/li><li>Barbacoas y mesas de p\u00edcnic en el exterior del local social: 12 votos<\/li><li>En blanco: 2 votos<\/li><\/ul>\n\n\n\n<p>Ahora, ser\u00e1 necesario esperar el resultado definitivo, teniendo en cuenta que durante esta semana los vecinos del barrio que no pudieron votar en el local social el pasado s\u00e1bado se pueden dirigir a las oficinas municipales para seguir votando las propuestas hasta el 22 de septiembre.<\/p>\n\n\n\n<p>V\u00eddeo: <a href=\"https:\/\/www.facebook.com\/BisbalPenedes\/videos\/990340818837414\/\">https:\/\/www.facebook.com\/BisbalPenedes\/videos\/990340818837414\/<\/a><\/p>\n","protected":false},"excerpt":{"rendered":"<p>El passat dissabte 16 de setembre va tenir lloc la votaci\u00f3 dels pressupostos participatius de Can Gordei al local social. Hi van votar un total de 50 ve\u00efns i ve\u00efnes. &hellip; <a href=\"https:\/\/bisbalpenedes.com\/web\/2023\/09\/19\/el-passat-dissabte-16-de-setembre-es-van-votar-els-pressupostos-participatius-a-can-gordei\/\" class=\"more-link\">Read More<\/a><\/p>\n","protected":false},"author":4,"featured_media":27591,"comment_status":"closed","ping_status":"closed","sticky":false,"template":"","format":"standard","meta":[],"categories":[8,6193],"tags":[459,198,393,1048],"_links":{"self":[{"href":"https:\/\/bisbalpenedes.com\/web\/wp-json\/wp\/v2\/posts\/27590"}],"collection":[{"href":"https:\/\/bisbalpenedes.com\/web\/wp-json\/wp\/v2\/posts"}],"about":[{"href":"https:\/\/bisbalpenedes.com\/web\/wp-json\/wp\/v2\/types\/post"}],"author":[{"embeddable":true,"href":"https:\/\/bisbalpenedes.com\/web\/wp-json\/wp\/v2\/users\/4"}],"replies":[{"embeddable":true,"href":"https:\/\/bisbalpenedes.com\/web\/wp-json\/wp\/v2\/comments?post=27590"}],"version-history":[{"count":2,"href":"https:\/\/bisbalpenedes.com\/web\/wp-json\/wp\/v2\/posts\/27590\/revisions"}],"predecessor-version":[{"id":27594,"href":"https:\/\/bisbalpenedes.com\/web\/wp-json\/wp\/v2\/posts\/27590\/revisions\/27594"}],"wp:featuredmedia":[{"embeddable":true,"href":"https:\/\/bisbalpenedes.com\/web\/wp-json\/wp\/v2\/media\/27591"}],"wp:attachment":[{"href":"https:\/\/bisbalpenedes.com\/web\/wp-json\/wp\/v2\/media?parent=27590"}],"wp:term":[{"taxonomy":"category","embeddable":true,"href":"https:\/\/bisbalpenedes.com\/web\/wp-json\/wp\/v2\/categories?post=27590"},{"taxonomy":"post_tag","embeddable":true,"href":"https:\/\/bisbalpenedes.com\/web\/wp-json\/wp\/v2\/tags?post=27590"}],"curies":[{"name":"wp","href":"https:\/\/api.w.org\/{rel}","templated":true}]}}