{"id":27583,"date":"2023-09-19T16:46:58","date_gmt":"2023-09-19T14:46:58","guid":{"rendered":"https:\/\/bisbalpenedes.com\/web\/?p=27583"},"modified":"2023-09-19T19:30:50","modified_gmt":"2023-09-19T17:30:50","slug":"agenda-lassociacio-de-la-gent-gran-de-la-bisbal-fara-una-xocolatada-musical-el-proper-dissabte-a-la-tarda","status":"publish","type":"post","link":"https:\/\/bisbalpenedes.com\/web\/2023\/09\/19\/agenda-lassociacio-de-la-gent-gran-de-la-bisbal-fara-una-xocolatada-musical-el-proper-dissabte-a-la-tarda\/","title":{"rendered":"Agenda: l&#8217;Associaci\u00f3 de la Gent Gran de la Bisbal far\u00e0 una xocolatada musical el proper dissabte a la tarda"},"content":{"rendered":"\n<p>L&#8217;Associaci\u00f3 de la Gent Gran de la Bisbal ha organitzat una actuaci\u00f3 musical amb xocolatada per al proper dissabte 23 de setembre a les 18h.<\/p>\n\n\n\n<hr class=\"wp-block-separator has-alpha-channel-opacity\"\/>\n\n\n\n<p>La Associaci\u00f3 de la Gent Gran de la Bisbal ha organizado una actuaci\u00f3n musical con chocolatada para el pr\u00f3ximo s\u00e1bado 23 de septiembre a las 18h.<\/p>\n","protected":false},"excerpt":{"rendered":"<p>L&#8217;Associaci\u00f3 de la Gent Gran de la Bisbal ha organitzat una actuaci\u00f3 musical amb xocolatada per al proper dissabte 23 de setembre a les 18h. La Associaci\u00f3 de la Gent &hellip; <a href=\"https:\/\/bisbalpenedes.com\/web\/2023\/09\/19\/agenda-lassociacio-de-la-gent-gran-de-la-bisbal-fara-una-xocolatada-musical-el-proper-dissabte-a-la-tarda\/\" class=\"more-link\">Read More<\/a><\/p>\n","protected":false},"author":4,"featured_media":27596,"comment_status":"closed","ping_status":"closed","sticky":false,"template":"","format":"standard","meta":[],"categories":[20,464,8],"tags":[6236,73,6237,305,393,72,1241],"_links":{"self":[{"href":"https:\/\/bisbalpenedes.com\/web\/wp-json\/wp\/v2\/posts\/27583"}],"collection":[{"href":"https:\/\/bisbalpenedes.com\/web\/wp-json\/wp\/v2\/posts"}],"about":[{"href":"https:\/\/bisbalpenedes.com\/web\/wp-json\/wp\/v2\/types\/post"}],"author":[{"embeddable":true,"href":"https:\/\/bisbalpenedes.com\/web\/wp-json\/wp\/v2\/users\/4"}],"replies":[{"embeddable":true,"href":"https:\/\/bisbalpenedes.com\/web\/wp-json\/wp\/v2\/comments?post=27583"}],"version-history":[{"count":1,"href":"https:\/\/bisbalpenedes.com\/web\/wp-json\/wp\/v2\/posts\/27583\/revisions"}],"predecessor-version":[{"id":27585,"href":"https:\/\/bisbalpenedes.com\/web\/wp-json\/wp\/v2\/posts\/27583\/revisions\/27585"}],"wp:featuredmedia":[{"embeddable":true,"href":"https:\/\/bisbalpenedes.com\/web\/wp-json\/wp\/v2\/media\/27596"}],"wp:attachment":[{"href":"https:\/\/bisbalpenedes.com\/web\/wp-json\/wp\/v2\/media?parent=27583"}],"wp:term":[{"taxonomy":"category","embeddable":true,"href":"https:\/\/bisbalpenedes.com\/web\/wp-json\/wp\/v2\/categories?post=27583"},{"taxonomy":"post_tag","embeddable":true,"href":"https:\/\/bisbalpenedes.com\/web\/wp-json\/wp\/v2\/tags?post=27583"}],"curies":[{"name":"wp","href":"https:\/\/api.w.org\/{rel}","templated":true}]}}