{"id":27565,"date":"2023-09-18T13:59:50","date_gmt":"2023-09-18T11:59:50","guid":{"rendered":"https:\/\/bisbalpenedes.com\/web\/?p=27565"},"modified":"2023-09-19T11:55:17","modified_gmt":"2023-09-19T09:55:17","slug":"lajuntament-millora-la-gravacio-dels-plens-i-les-juntes-de-govern-i-implementa-un-nou-espai-on-veure-els-videos-i-la-documentacio-relacionada-amb-aquests-de-forma-segura-i-certificada","status":"publish","type":"post","link":"https:\/\/bisbalpenedes.com\/web\/2023\/09\/18\/lajuntament-millora-la-gravacio-dels-plens-i-les-juntes-de-govern-i-implementa-un-nou-espai-on-veure-els-videos-i-la-documentacio-relacionada-amb-aquests-de-forma-segura-i-certificada\/","title":{"rendered":"L&#8217;Ajuntament millora la gravaci\u00f3 dels plens i les Juntes de govern (amb compet\u00e8ncies delegades del Ple) i implementa un nou espai on veure els v\u00eddeos i la documentaci\u00f3 relacionada amb aquests de forma segura i certificada"},"content":{"rendered":"\n<p>L&#8217;Ajuntament de la Bisbal del Pened\u00e8s continua fent passes endavant per garantir i millorar la transpar\u00e8ncia i l&#8217;accessibilitat de la ciutadania. Per aquest motiu, recentment ha millorat i renovat els equips de gravaci\u00f3 dels plens i les Juntes de govern amb compet\u00e8ncia delegada del Ple i ha implementat un nou espai digital segur on es poden trobar les v\u00eddeoactes: <a href=\"https:\/\/actes.bisbalpenedes.com\/\" target=\"_blank\" rel=\"noreferrer noopener\">https:\/\/actes.bisbalpenedes.com\/<\/a><\/p>\n\n\n\n<p>Els v\u00eddeos publicats en aquest portal estan validats amb signatures i certificats digitals que garanteixen que la pe\u00e7a audiovisual \u00e9s la gravaci\u00f3 fidel del Ple o la comissi\u00f3 de Govern. A m\u00e9s, en aquest portal tamb\u00e9 es pot consultar la documentaci\u00f3 p\u00fablica relacionada amb el v\u00eddeo.<\/p>\n\n\n\n<p>El nou sistema est\u00e0 operatiu des de la constituci\u00f3 del nou ajuntament, el passat mes de juny, i contribueix a fomentar els principis de Govern Obert: transpar\u00e8ncia, accessibilitat i participaci\u00f3. A m\u00e9s, facilita l&#8217;acc\u00e9s dels membres dels \u00f2rgans col\u00b7legiats i de la ciutadania a les actes i v\u00eddeoactes i compleix tots els requisits de seguretat i accessibilitat SSL.<\/p>\n\n\n\n<hr class=\"wp-block-separator has-alpha-channel-opacity\"\/>\n\n\n\n<p><strong>CASTELLANO |<\/strong> El Ayuntamiento de la Bisbal del Pened\u00e8s contin\u00faa haciendo pasos hacia delante para garantizar y mejorar la transparencia y la accesibilidad de la ciudadan\u00eda. Por este motivo, recientemente ha mejorado y renovado los equipos de grabaci\u00f3n de los plenos y las Juntas de Gobierno con competencia delegada del Pleno y ha implementado un nuevo espacio digital seguro en el que se pueden encontrar las v\u00eddeoactas:<\/p>\n\n\n\n<p>Los v\u00eddeos publicados en este portal est\u00e1n validados con firmas y certificados digitales que garantizan que la pieza audiovisual es la grabaci\u00f3n fiel del Pleno o la comisi\u00f3n de Gobierno. Adem\u00e1s, en este portal tambi\u00e9n se puede consultar la documentaci\u00f3n p\u00fablica relacionada con el v\u00eddeo.<\/p>\n\n\n\n<p>El nuevo sistema est\u00e1 operativo desde la constituci\u00f3n del nuevo ayuntamiento, el pasado mes de junio, y contribuye a fomentar los principios de Gobierno Abierto: transparencia, accesibilidad y participaci\u00f3n. Adem\u00e1s, facilita el acceso de los miembros de los \u00f3rganos colegiados y de la ciudadan\u00eda a las actas y v\u00eddeoactas y cumple todos los requisitos de seguridad y accesibilidad.<\/p>\n","protected":false},"excerpt":{"rendered":"<p>L&#8217;Ajuntament de la Bisbal del Pened\u00e8s continua fent passes endavant per garantir i millorar la transpar\u00e8ncia i l&#8217;accessibilitat de la ciutadania. Per aquest motiu, recentment ha millorat i renovat els &hellip; <a href=\"https:\/\/bisbalpenedes.com\/web\/2023\/09\/18\/lajuntament-millora-la-gravacio-dels-plens-i-les-juntes-de-govern-i-implementa-un-nou-espai-on-veure-els-videos-i-la-documentacio-relacionada-amb-aquests-de-forma-segura-i-certificada\/\" class=\"more-link\">Read More<\/a><\/p>\n","protected":false},"author":4,"featured_media":27566,"comment_status":"closed","ping_status":"closed","sticky":false,"template":"","format":"standard","meta":[],"categories":[2402,8],"tags":[110,459,6229,3605,393,2719,6230],"_links":{"self":[{"href":"https:\/\/bisbalpenedes.com\/web\/wp-json\/wp\/v2\/posts\/27565"}],"collection":[{"href":"https:\/\/bisbalpenedes.com\/web\/wp-json\/wp\/v2\/posts"}],"about":[{"href":"https:\/\/bisbalpenedes.com\/web\/wp-json\/wp\/v2\/types\/post"}],"author":[{"embeddable":true,"href":"https:\/\/bisbalpenedes.com\/web\/wp-json\/wp\/v2\/users\/4"}],"replies":[{"embeddable":true,"href":"https:\/\/bisbalpenedes.com\/web\/wp-json\/wp\/v2\/comments?post=27565"}],"version-history":[{"count":3,"href":"https:\/\/bisbalpenedes.com\/web\/wp-json\/wp\/v2\/posts\/27565\/revisions"}],"predecessor-version":[{"id":27569,"href":"https:\/\/bisbalpenedes.com\/web\/wp-json\/wp\/v2\/posts\/27565\/revisions\/27569"}],"wp:featuredmedia":[{"embeddable":true,"href":"https:\/\/bisbalpenedes.com\/web\/wp-json\/wp\/v2\/media\/27566"}],"wp:attachment":[{"href":"https:\/\/bisbalpenedes.com\/web\/wp-json\/wp\/v2\/media?parent=27565"}],"wp:term":[{"taxonomy":"category","embeddable":true,"href":"https:\/\/bisbalpenedes.com\/web\/wp-json\/wp\/v2\/categories?post=27565"},{"taxonomy":"post_tag","embeddable":true,"href":"https:\/\/bisbalpenedes.com\/web\/wp-json\/wp\/v2\/tags?post=27565"}],"curies":[{"name":"wp","href":"https:\/\/api.w.org\/{rel}","templated":true}]}}